{"id":10263,"date":"2025-02-05T00:14:20","date_gmt":"2025-02-04T23:14:20","guid":{"rendered":"https:\/\/publikumskonferenz.de\/blog\/?post_type=news&#038;p=10263"},"modified":"2025-02-04T08:46:01","modified_gmt":"2025-02-04T07:46:01","slug":"rbb-es-geht-um-die-integritaet-des-senders","status":"publish","type":"news","link":"https:\/\/publikumskonferenz.de\/blog\/news\/rbb-es-geht-um-die-integritaet-des-senders\/","title":{"rendered":"RBB &#8211; \u201eEs geht um die Integrit\u00e4t des Senders\u201c"},"content":{"rendered":"<p>Der Rundfunk Berlin-Brandenburg k\u00e4mpft mit der Aufarbeitung seiner Vers\u00e4umnisse im Fall Gelbhaar \u2013 und hat ein massives Budgetproblem: 250 Stellen werden gestrichen. Intendantin Ulrike Demmer \u00fcberrascht mit deutlichen Worten.<\/p>\n<p><a href=\"https:\/\/www.sueddeutsche.de\/medien\/rbb-stefan-gelbhaar-stellenabbau-li.3192508\">https:\/\/www.sueddeutsche.de\/medien\/rbb-stefan-gelbhaar-stellenabbau-li.3192508<\/a><\/p>\n<p><strong>RBB benennt Gutachter, die Gelbhaar-Aff\u00e4re aufkl\u00e4ren sollen<\/strong><\/p>\n<p>Der RBB beauftragt den fr\u00fcheren NDR-Journalisten Stephan Wels und die Beratungsfirma Deloitte, die Fehler in der Aff\u00e4re Gelbhaar aufzukl\u00e4ren. Bei einer Pr\u00fcfung im NDR hatte Deloitte den Sender entlastet. [\u2026]<\/p>\n<p>Stephan Wels \u201eals erfahrener Investigativ-Journalist\u201c und die Experten von Deloitte b\u00fcndelten \u201eihre Expertise\u201c und untersuchten \u201eden gesamten Vorgang von der ersten Ver\u00f6ffentlichung bis zum Umgang des RBB mit den gemachten Fehlern\u201c, schreibt der Sender. Es gehe darum, \u201eneben individuellen Fehlern m\u00f6gliche Schw\u00e4chen in den organisatorischen und redaktionellen Abl\u00e4ufen offenzulegen\u201c. Die Experten berichteten dazu direkt an das Direktorium des RBB. [\u2026]<\/p>\n<p>Die Beratungsfirma Deloitte hatte im Auftrag des Norddeutschen Rundfunks Ende 2022 Vorw\u00fcrfe gegen die landespolitische Berichterstattung des Funkhauses Schleswig-Holstein untersucht. Dabei ging es vor allem um die Frage, ob F\u00fchrungskr\u00e4fte unziemlichen Einfluss auf die Berichterstattung nahmen. Mitarbeiter des NDR in Kiel beklagten seinerzeit einen \u201epolitischen Filter\u201c.<\/p>\n<p><a href=\"https:\/\/www.faz.net\/aktuell\/feuilleton\/medien\/rbb-benennt-deloitte-und-stephan-wels-als-gutachter-in-affaere-gelbhaar-110269830.html\">https:\/\/www.faz.net\/aktuell\/feuilleton\/medien\/rbb-benennt-deloitte-und-stephan-wels-als-gutachter-in-affaere-gelbhaar-110269830.html<\/a><\/p>\n<p><strong>Zeugin, die es gar nicht gab<\/strong><\/p>\n<p>Journalistisch blank ist der RBB nach wie vor in der Aff\u00e4re Stefan Gelbhaar. [\u2026]<\/p>\n<p>Wie es zu dem mehrstufigen Versagen kam, konnten die Intendantin und der Chefredakteur David Biesinger nicht erkl\u00e4ren. Sind die Rechercheurinnen reingelegt worden? Haben sie selbst get\u00e4uscht? Ist dem Justiziar die gespielte Szene mit einer Zeugin, die es nicht gab, nicht aufgefallen? Oder wurde er auch get\u00e4uscht? Das soll ein externes Gremium pr\u00fcfen, 60.000 Euro kostet die Untersuchung (das Geld ist wenigstens noch da). Der Rundfunkrat muss in jedem Fall an der Sache dranbleiben. Eines wusste der Chefredakteur Biesinger immerhin: Die Chefredaktion hatte den Rufmordbeitrag nicht abgenommen. Die Verantwortungskultur kommt uns irgendwie bekannt vor.<\/p>\n<p><a href=\"https:\/\/www.faz.net\/aktuell\/feuilleton\/rbb-ist-finanziell-kurz-vor-der-pleite-und-journalistisch-blank-110267499.html\">https:\/\/www.faz.net\/aktuell\/feuilleton\/rbb-ist-finanziell-kurz-vor-der-pleite-und-journalistisch-blank-110267499.html<\/a><\/p>\n<p>Zu den Rundfunkr\u00e4ten geh\u00f6rt auch Antje Kapek, eine in Berlin wohlbekannte Politikerin der Gr\u00fcnen. Eine spannende Doppelfunktion in dieser Angelegenheit. \u201eWir befinden uns mitten im Wahlkampf\u201c, sagte Kapek in ihrer Stellungnahme. Der Fall Gelbhaar \u201ewird uns einige Prozentpunkte kosten\u201c. Abgesehen davon werde es Jahre dauern, bis die Gr\u00fcnen in Berlin die Vorg\u00e4nge verarbeitet h\u00e4tten. \u201eDen Schaden haben mehrere Personen und zwar existenziell\u201c, erkl\u00e4rte die Gr\u00fcnenpolitikerin. \u201eEine Entschuldigung wird daran nichts mehr \u00e4ndern.\u201c<\/p>\n<p><a href=\"https:\/\/www.sueddeutsche.de\/medien\/rbb-stefan-gelbhaar-stellenabbau-li.3192508\">https:\/\/www.sueddeutsche.de\/medien\/rbb-stefan-gelbhaar-stellenabbau-li.3192508<\/a><\/p>\n<p>Intendantin Ulrike Demmer: &#8222;Journalistische Qualit\u00e4t ist unser h\u00f6chstes Gut, wir k\u00f6nnen uns keine Zweifel an unserer journalistischen Integrit\u00e4t erlauben. Wir sorgen mit der Untersuchung daf\u00fcr, dass unser wichtigstes Produkt &#8211; seri\u00f6se Berichterstattung &#8211; nicht weiter besch\u00e4digt wird. Wir werden auch die notwendigen Konsequenzen ziehen, die sich aus der Einsch\u00e4tzung der Fachleute ergeben.&#8220;<\/p>\n<p>Chefredakteur David Biesinger: &#8222;Die unabh\u00e4ngige, externe Untersuchung wird uns helfen, m\u00f6gliche M\u00e4ngel in der internen Kommunikation und Rollenverteilung zu identifizieren und zu beheben. Dieser externe Blick ist wesentlicher Bestandteil einer transparenten und produktiven Fehlerkultur.&#8220;<\/p>\n<p><a href=\"https:\/\/www.presseportal.de\/pm\/51580\/5961816\">https:\/\/www.presseportal.de\/pm\/51580\/5961816\u00a0<\/a><\/p>\n<p>Analyse:<\/p>\n<p><span class=\"v0IdQ WLLGL\">(&#8230;) Der rbb, der \u00d6RR, hat ein massives Glaubw\u00fcrdigkeitsproblem. Die pol. Einseitigkeit in den Medien ist ein gro\u00dfer Spaltpilz f\u00fcr Gesellschaft und Demokratie. Die Studie \u201eJournalimus &amp; Demokratie\u201c der TU Dortmund aus 2024 zeigt es \u00fcberdeutlich: 41% der Journalisten neigen den Gr\u00fcnen zu \u2013 SPD 16%, CDU 8%, Linke 6%, FDP 3%, BSW 1%, andere Partei 2% und keine Partei 23%. Damit erzielen die linken Parteien 64% und die pol. Mitte nur 11%. Bei der \u201eSonntagsfrage\u201c sind es 37% zu 34% (Politbarometer 24.1.25). Diese extreme Schieflage produziert dann im \u00d6RR ein v\u00f6llig falsches Bild von Politik und Gesellschaft und f\u00fchrt am Ende zu Spaltung und Radikalisierung in der Bev\u00f6lkerung. (&#8230;)<br \/>\n<\/span><\/p>\n<p><a href=\"https:\/\/www.neue-ard-forum.de\/post\/das-gr%C3%BCne-netzwerk-im-rbb\">https:\/\/www.neue-ard-forum.de\/post\/das-gr%C3%BCne-netzwerk-im-rbb<\/a><\/p>\n<div class=\"twoclick_social_bookmarks_post_10263 social_share_privacy clearfix 1.6.4 locale-de_DE sprite-de_DE\"><\/div><div class=\"twoclick-js\"><script type=\"text\/javascript\">\/* <![CDATA[ *\/\njQuery(document).ready(function($){if($('.twoclick_social_bookmarks_post_10263')){$('.twoclick_social_bookmarks_post_10263').socialSharePrivacy({\"services\":{\"facebook\":{\"status\":\"on\",\"txt_info\":\"2 Klicks f\\u00fcr mehr Datenschutz: Erst wenn Sie hier klicken, wird der Button aktiv und Sie k\\u00f6nnen Ihre Empfehlung an Facebook senden. Schon beim Aktivieren werden Daten an Dritte \\u00fcbertragen - siehe <em>i<\\\/em>.\",\"perma_option\":\"off\",\"action\":\"like\",\"language\":\"de_DE\"},\"twitter\":{\"reply_to\":\"\",\"tweet_text\":\"%20RBB%20%E2%80%93%20%E2%80%9EEs%20geht%20um%20die%20Integrit%C3%A4t%20des%20Senders%E2%80%9C%20%C2%BB%20...\",\"status\":\"on\",\"txt_info\":\"2 Klicks f\\u00fcr mehr Datenschutz: Erst wenn Sie hier klicken, wird der Button aktiv und Sie k\\u00f6nnen Ihre Empfehlung an Twitter senden. Schon beim Aktivieren werden Daten an Dritte \\u00fcbertragen - siehe <em>i<\\\/em>.\",\"perma_option\":\"off\",\"language\":\"de\",\"referrer_track\":\"\"}},\"txt_help\":\"Wenn Sie diese Felder durch einen Klick aktivieren, werden Informationen an Facebook, Twitter, Flattr, Xing, t3n, LinkedIn, Pinterest oder Google eventuell ins Ausland \\u00fcbertragen und unter Umst\\u00e4nden auch dort gespeichert. N\\u00e4heres erfahren Sie durch einen Klick auf das <em>i<\\\/em>.\",\"settings_perma\":\"Dauerhaft aktivieren und Daten\\u00fcber-tragung zustimmen:\",\"info_link\":\"http:\\\/\\\/www.heise.de\\\/ct\\\/artikel\\\/2-Klicks-fuer-mehr-Datenschutz-1333879.html\",\"uri\":\"https:\\\/\\\/publikumskonferenz.de\\\/blog\\\/news\\\/rbb-es-geht-um-die-integritaet-des-senders\\\/\",\"post_id\":10263,\"post_title_referrer_track\":\"RBB+%26%238211%3B+%E2%80%9EEs+geht+um+die+Integrit%C3%A4t+des+Senders%E2%80%9C\",\"display_infobox\":\"on\"});}});\n\/* ]]> *\/<\/script><\/div>","protected":false},"excerpt":{"rendered":"<p>Der Rundfunk Berlin-Brandenburg k\u00e4mpft mit der Aufarbeitung seiner Vers\u00e4umnisse im Fall Gelbhaar \u2013 und hat ein massives Budgetproblem: 250 Stellen werden gestrichen. Intendantin Ulrike Demmer \u00fcberrascht mit deutlichen Worten. https:\/\/www.sueddeutsche.de\/medien\/rbb-stefan-gelbhaar-stellenabbau-li.3192508 RBB benennt Gutachter, die Gelbhaar-Aff\u00e4re aufkl\u00e4ren sollen Der RBB beauftragt &hellip;<\/p>\n<p class=\"read-more\"> <a class=\"more-link\" href=\"https:\/\/publikumskonferenz.de\/blog\/news\/rbb-es-geht-um-die-integritaet-des-senders\/\"> <span class=\"screen-reader-text\">RBB &#8211; \u201eEs geht um die Integrit\u00e4t des Senders\u201c<\/span> Weiterlesen &raquo;<\/a><\/p>\n","protected":false},"author":2,"featured_media":0,"comment_status":"closed","ping_status":"closed","template":"","categories":[1],"newstags":[],"class_list":["post-10263","news","type-news","status-publish","hentry","category-news"],"_links":{"self":[{"href":"https:\/\/publikumskonferenz.de\/blog\/wp-json\/wp\/v2\/news\/10263","targetHints":{"allow":["GET"]}}],"collection":[{"href":"https:\/\/publikumskonferenz.de\/blog\/wp-json\/wp\/v2\/news"}],"about":[{"href":"https:\/\/publikumskonferenz.de\/blog\/wp-json\/wp\/v2\/types\/news"}],"author":[{"embeddable":true,"href":"https:\/\/publikumskonferenz.de\/blog\/wp-json\/wp\/v2\/users\/2"}],"replies":[{"embeddable":true,"href":"https:\/\/publikumskonferenz.de\/blog\/wp-json\/wp\/v2\/comments?post=10263"}],"wp:attachment":[{"href":"https:\/\/publikumskonferenz.de\/blog\/wp-json\/wp\/v2\/media?parent=10263"}],"wp:term":[{"taxonomy":"category","embeddable":true,"href":"https:\/\/publikumskonferenz.de\/blog\/wp-json\/wp\/v2\/categories?post=10263"},{"taxonomy":"newstags","embeddable":true,"href":"https:\/\/publikumskonferenz.de\/blog\/wp-json\/wp\/v2\/newstags?post=10263"}],"curies":[{"name":"wp","href":"https:\/\/api.w.org\/{rel}","templated":true}]}}