{"id":10270,"date":"2025-02-06T00:18:47","date_gmt":"2025-02-05T23:18:47","guid":{"rendered":"https:\/\/publikumskonferenz.de\/blog\/?post_type=news&#038;p=10270"},"modified":"2025-02-05T19:24:09","modified_gmt":"2025-02-05T18:24:09","slug":"swr-weitere-weichenstellung-fuer-reformen","status":"publish","type":"news","link":"https:\/\/publikumskonferenz.de\/blog\/news\/swr-weitere-weichenstellung-fuer-reformen\/","title":{"rendered":"SWR &#8211; Weitere Weichenstellung f\u00fcr Reformen"},"content":{"rendered":"<p><strong>SWR wird flexibler, zukunftsfest und verkleinert seine Fl\u00e4chen<\/strong><\/p>\n<p><a href=\"https:\/\/www.presseportal.de\/pm\/7169\/5963953\">https:\/\/www.presseportal.de\/pm\/7169\/5963953<\/a><\/p>\n<p><strong>SWR gibt seine \u201eTatorte\u201c an externe Produzenten<\/strong><\/p>\n<p>Die letzte Bastion der \u201eTatort\u201c-Eigenproduktionen br\u00f6ckelt. Nachdem der Hessische Rundfunk bereits 2023 einlenkte, l\u00e4sst nun auch der SWR seine bislang selbst produzierten Krimis, wie auch andere Formate, k\u00fcnftig von externen Produktionsh\u00e4usern umsetzen.<\/p>\n<p><a href=\"https:\/\/www.blickpunktfilm.de\/tv\/swr-gibt-seine-tatorte-an-externe-produzenten-20815c299b24142b24a14fe85ea1a7bf\">https:\/\/www.blickpunktfilm.de\/tv\/swr-gibt-seine-tatorte-an-externe-produzenten-20815c299b24142b24a14fe85ea1a7bf<\/a><\/p>\n<p><strong>SWR baut um \u2013 wichtigste Eigenproduktionen sollen bald von extern kommen<\/strong><\/p>\n<p>Der SWR m\u00f6chte sich beim Einsatz seiner Ressourcen zur Erf\u00fcllung des Programmauftrags k\u00fcnftig flexibler aufstellen. Das teilte der Sender am Dienstag mit. Deshalb habe man sich entschieden, ab 2026 Schrittweise bisher in Eigenregie hergestellte wichtige SWR-Marken an externe Produktionsfirmen auszulagern. Eine externe Zulieferung, die theoretisch dann auch schneller zu stoppen ist, bringt in der Tat mehr Flexibilit\u00e4t f\u00fcr den SWR. Konkret betroffen sind die vom SWR beauftragten \u201eTatorte\u201c, \u201eDie Fallers\u201c sowie die Unterhaltungsprogramme \u201eTigerenten-Club\u201c, \u201eSag\u2018 die Wahrheit\u201c sowie \u201eSchlager-Spa\u00df mit Andy Borg\u201c.<\/p>\n<p>SWR-Intendant Kai Gniffke sagt: \u201eDie Mediennutzung der Menschen ver\u00e4ndert sich rasant und mit ihr der SWR. Dabei m\u00fcssen wir verantwortungsvoll mit den uns anvertrauten Mitteln umgehen und werden deshalb k\u00fcnftig st\u00e4rker Produktionsfirmen beauftragen, statt in eigene Studiokapazit\u00e4ten zu investieren. Dadurch gewinnt der SWR an Flexibilit\u00e4t und st\u00e4rkt gleichzeitig die Produzentenlandschaft.\u201c Studiofl\u00e4chen des SWR am Standort Baden-Baden sollen in diesem Zuge reduziert werden. [\u2026]<\/p>\n<p>Definitiv auswirken wird sich die Entscheidung auf alle diejenigen in der SWR-Crew, die besagte Formate bisher inhouse umgesetzt haben. Was passiert mit ihnen? Sie sollen innerhalb des SWR f\u00fcr neue Aufgaben qualifiziert werden oder \u201ek\u00f6nnen entsprechend ihrer bisherigen Expertise f\u00fcr die Produktion anderer Formate arbeiten, die wir weiterhin selbst herstellen\u201c, sagt Michael Eberhard, Direktor f\u00fcr Technik und Produktion.<\/p>\n<p>Den Standort Baden-Baden bezeichnet man beim SWR dennoch weiterhin als sehr wichtig.<\/p>\n<p><a href=\"https:\/\/www.digitalfernsehen.de\/allgemein\/swr-baut-um-wichtigste-eigenproduktionen-sollen-bald-von-extern-kommen-1133920\/\">https:\/\/www.digitalfernsehen.de\/allgemein\/swr-baut-um-wichtigste-eigenproduktionen-sollen-bald-von-extern-kommen-1133920\/<\/a><\/p>\n<p>Clemens Bratzler, Programmdirektor des SWR f\u00fcr Information, Sport, Fiktion, Service und Unterhaltung:<\/p>\n<p>&#8222;Diese strukturelle Entscheidung ist keine Entscheidung gegen die Formate, die hoffentlich noch lange zur DNA des SWR geh\u00f6ren, auch wenn wir sie k\u00fcnftig im Auftrag produzieren. Der schrittweise Ausstieg aus den Eigenproduktionen, die unsere Kolleginnen und Kollegen in exzellenter Qualit\u00e4t und mit viel Herzblut herstellen, ist ein schmerzhafter Einschnitt. Aber wir werden damit beweglicher und schaffen Raum f\u00fcr Neues. Damit machen wir uns zukunftsfest &#8211; im Sinne unseres Publikums.&#8220; [\u2026]<\/p>\n<p>Anke Mai, Programmdirektorin des SWR f\u00fcr Kultur, Wissen und Junge Formate:<\/p>\n<p>&#8222;Der SWR wird auch in Zukunft Ma\u00dfst\u00e4be bei Information, Kultur und Unterhaltung setzen. Dies gilt auch f\u00fcr den Standort Baden-Baden, zu dem wir uns klar bekennen und den wir als Audiostandort stark halten. Zudem wird hier die ARD Audiothek inhaltlich verantwortet, die wir weiter st\u00e4rken wollen.&#8220;<\/p>\n<p><a href=\"https:\/\/www.presseportal.de\/pm\/7169\/5963953\">https:\/\/www.presseportal.de\/pm\/7169\/5963953<\/a><\/p>\n<p>&nbsp;<\/p>\n<div class=\"twoclick_social_bookmarks_post_10270 social_share_privacy clearfix 1.6.4 locale-de_DE sprite-de_DE\"><\/div><div class=\"twoclick-js\"><script type=\"text\/javascript\">\/* <![CDATA[ *\/\njQuery(document).ready(function($){if($('.twoclick_social_bookmarks_post_10270')){$('.twoclick_social_bookmarks_post_10270').socialSharePrivacy({\"services\":{\"facebook\":{\"status\":\"on\",\"txt_info\":\"2 Klicks f\\u00fcr mehr Datenschutz: Erst wenn Sie hier klicken, wird der Button aktiv und Sie k\\u00f6nnen Ihre Empfehlung an Facebook senden. Schon beim Aktivieren werden Daten an Dritte \\u00fcbertragen - siehe <em>i<\\\/em>.\",\"perma_option\":\"off\",\"action\":\"like\",\"language\":\"de_DE\"},\"twitter\":{\"reply_to\":\"\",\"tweet_text\":\"%20SWR%20%E2%80%93%20Weitere%20Weichenstellung%20f%C3%BCr%20Reformen%20%C2%BB%20St%C3%A4ndige%20...\",\"status\":\"on\",\"txt_info\":\"2 Klicks f\\u00fcr mehr Datenschutz: Erst wenn Sie hier klicken, wird der Button aktiv und Sie k\\u00f6nnen Ihre Empfehlung an Twitter senden. Schon beim Aktivieren werden Daten an Dritte \\u00fcbertragen - siehe <em>i<\\\/em>.\",\"perma_option\":\"off\",\"language\":\"de\",\"referrer_track\":\"\"}},\"txt_help\":\"Wenn Sie diese Felder durch einen Klick aktivieren, werden Informationen an Facebook, Twitter, Flattr, Xing, t3n, LinkedIn, Pinterest oder Google eventuell ins Ausland \\u00fcbertragen und unter Umst\\u00e4nden auch dort gespeichert. N\\u00e4heres erfahren Sie durch einen Klick auf das <em>i<\\\/em>.\",\"settings_perma\":\"Dauerhaft aktivieren und Daten\\u00fcber-tragung zustimmen:\",\"info_link\":\"http:\\\/\\\/www.heise.de\\\/ct\\\/artikel\\\/2-Klicks-fuer-mehr-Datenschutz-1333879.html\",\"uri\":\"https:\\\/\\\/publikumskonferenz.de\\\/blog\\\/news\\\/swr-weitere-weichenstellung-fuer-reformen\\\/\",\"post_id\":10270,\"post_title_referrer_track\":\"SWR+%26%238211%3B+Weitere+Weichenstellung+f%C3%BCr+Reformen\",\"display_infobox\":\"on\"});}});\n\/* ]]> *\/<\/script><\/div>","protected":false},"excerpt":{"rendered":"<p>SWR wird flexibler, zukunftsfest und verkleinert seine Fl\u00e4chen https:\/\/www.presseportal.de\/pm\/7169\/5963953 SWR gibt seine \u201eTatorte\u201c an externe Produzenten Die letzte Bastion der \u201eTatort\u201c-Eigenproduktionen br\u00f6ckelt. Nachdem der Hessische Rundfunk bereits 2023 einlenkte, l\u00e4sst nun auch der SWR seine bislang selbst produzierten Krimis, wie &hellip;<\/p>\n<p class=\"read-more\"> <a class=\"more-link\" href=\"https:\/\/publikumskonferenz.de\/blog\/news\/swr-weitere-weichenstellung-fuer-reformen\/\"> <span class=\"screen-reader-text\">SWR &#8211; Weitere Weichenstellung f\u00fcr Reformen<\/span> Weiterlesen &raquo;<\/a><\/p>\n","protected":false},"author":2,"featured_media":0,"comment_status":"closed","ping_status":"closed","template":"","categories":[1],"newstags":[],"class_list":["post-10270","news","type-news","status-publish","hentry","category-news"],"_links":{"self":[{"href":"https:\/\/publikumskonferenz.de\/blog\/wp-json\/wp\/v2\/news\/10270","targetHints":{"allow":["GET"]}}],"collection":[{"href":"https:\/\/publikumskonferenz.de\/blog\/wp-json\/wp\/v2\/news"}],"about":[{"href":"https:\/\/publikumskonferenz.de\/blog\/wp-json\/wp\/v2\/types\/news"}],"author":[{"embeddable":true,"href":"https:\/\/publikumskonferenz.de\/blog\/wp-json\/wp\/v2\/users\/2"}],"replies":[{"embeddable":true,"href":"https:\/\/publikumskonferenz.de\/blog\/wp-json\/wp\/v2\/comments?post=10270"}],"wp:attachment":[{"href":"https:\/\/publikumskonferenz.de\/blog\/wp-json\/wp\/v2\/media?parent=10270"}],"wp:term":[{"taxonomy":"category","embeddable":true,"href":"https:\/\/publikumskonferenz.de\/blog\/wp-json\/wp\/v2\/categories?post=10270"},{"taxonomy":"newstags","embeddable":true,"href":"https:\/\/publikumskonferenz.de\/blog\/wp-json\/wp\/v2\/newstags?post=10270"}],"curies":[{"name":"wp","href":"https:\/\/api.w.org\/{rel}","templated":true}]}}