{"id":10274,"date":"2025-02-08T00:39:08","date_gmt":"2025-02-07T23:39:08","guid":{"rendered":"https:\/\/publikumskonferenz.de\/blog\/?post_type=news&#038;p=10274"},"modified":"2025-02-07T19:43:19","modified_gmt":"2025-02-07T18:43:19","slug":"info-monitor-zusammenhang-zwischen-medienvertrauen-und-demokratiezufriedenheit","status":"publish","type":"news","link":"https:\/\/publikumskonferenz.de\/blog\/news\/info-monitor-zusammenhang-zwischen-medienvertrauen-und-demokratiezufriedenheit\/","title":{"rendered":"Info.Monitor &#8211; Zusammenhang zwischen Medienvertrauen und Demokratiezufriedenheit"},"content":{"rendered":"<p><strong>Info-Monitor: Etwa ein Zehntel &#8222;blickt zynisch&#8220; auf etablierte Medien, 34 Prozent f\u00e4nden sich nicht mehr in der Berichterstattung wieder und 37 Prozent betrachteten sie als politisch gesteuert<\/strong><\/p>\n<p>Die hohe Dichte negativer Berichte oder mangelndes Vertrauen in Inhalte und Absender macht viele nachrichtenm\u00fcde. Medienw\u00e4chter warnen vor &#8222;digitalem Putsch&#8220;.<\/p>\n<p>Ein gro\u00dfer Teil der Bev\u00f6lkerung in Deutschland hat weiterhin Bedarf an verl\u00e4sslichen und seri\u00f6sen Informationen zum aktuellen Zeitgeschehen. Dies geht aus dem Info-Monitor 2025 hervor, den die Landesmedienanstalten am Donnerstag ver\u00f6ffentlicht haben. Mehr als 90 Prozent der Bundesb\u00fcrger interessieren sich demnach f\u00fcr aktuelle Themen, 96 Prozent informieren sich mindestens einmal w\u00f6chentlich \u00fcber Medien. Knapp ein Viertel (24 Prozent) hat in letzter Zeit aber auch bewusst Nachrichten gemieden, die meisten davon (67 Prozent) aufgrund der vielen negativ konnotierten Berichte. Ein F\u00fcnftel zeigt sich nachrichtenm\u00fcde auch aus Mangel an Vertrauen in Absender und Inhalte. [\u2026]<\/p>\n<p>Etwa ein Zehntel &#8222;blickt zynisch&#8220; auf etablierte Medien wie \u00f6ffentlich-rechtliche Sender oder die Tagespresse. Sie sieht diese als &#8222;Sprachrohr der M\u00e4chtigen&#8220; oder kritisiert &#8222;zu viele Denkvorschriften&#8220;. Ein knappes F\u00fcnftel stimmt solchen Aussagen eher zu. [\u2026]<\/p>\n<p>34 Prozent f\u00e4nden sich nicht mehr in der Berichterstattung wieder, 59 hielten die Themenwahl dagegen f\u00fcr gut. Die etablierten Medien w\u00fcrden zwar \u00fcberwiegend positiv anhand der Punkte schnell, verst\u00e4ndlich, sachlich und vertrauensw\u00fcrdig bewertet, &#8222;aber auch ambivalent wahrgenommen&#8220;: 37 Prozent betrachteten sie als politisch gesteuert und wirtschaftlich nicht unabh\u00e4ngig. [\u2026]<\/p>\n<p>Laut Matuschek gibt es generell einen deutlichen Zusammenhang zwischen Medienvertrauen und Demokratiezufriedenheit. Ablehnende seien mit dem ganzen politischen System unzufrieden. Fundamentale Medienkritik gehe aber \u00fcber diese Gruppe hinaus: Auch in der breiten Mitte der Gesellschaft gebe es Vorbehalte gegen\u00fcber den etablierten Medien.<\/p>\n<p><a href=\"https:\/\/www.heise.de\/news\/Info-Monitor-Ein-Viertel-der-Bundesbuerger-meidet-Nachrichten-bewusst-10273066.html\">https:\/\/www.heise.de\/news\/Info-Monitor-Ein-Viertel-der-Bundesbuerger-meidet-Nachrichten-bewusst-10273066.html<\/a><\/p>\n<p>Der Info-Monitor der Medienanstalten dokumentiert, wo und wie sich die Bev\u00f6lkerung in Deutschland zum aktuellen Zeitgeschehen informiert. Die Studie ist repr\u00e4sentativ f\u00fcr die deutschsprachige Bev\u00f6lkerung ab 14 Jahren (Internetnutzende).<\/p>\n<p><a href=\"https:\/\/faktenimpulse.de\/wp-content\/uploads\/2025\/01\/Info-Monitor_2025.pdf\">https:\/\/faktenimpulse.de\/wp-content\/uploads\/2025\/01\/Info-Monitor_2025.pdf<\/a><\/p>\n<p>&nbsp;<\/p>\n<p>&nbsp;<\/p>\n<div class=\"twoclick_social_bookmarks_post_10274 social_share_privacy clearfix 1.6.4 locale-de_DE sprite-de_DE\"><\/div><div class=\"twoclick-js\"><script type=\"text\/javascript\">\/* <![CDATA[ *\/\njQuery(document).ready(function($){if($('.twoclick_social_bookmarks_post_10274')){$('.twoclick_social_bookmarks_post_10274').socialSharePrivacy({\"services\":{\"facebook\":{\"status\":\"on\",\"txt_info\":\"2 Klicks f\\u00fcr mehr Datenschutz: Erst wenn Sie hier klicken, wird der Button aktiv und Sie k\\u00f6nnen Ihre Empfehlung an Facebook senden. Schon beim Aktivieren werden Daten an Dritte \\u00fcbertragen - siehe <em>i<\\\/em>.\",\"perma_option\":\"off\",\"action\":\"like\",\"language\":\"de_DE\"},\"twitter\":{\"reply_to\":\"\",\"tweet_text\":\"%20Info.Monitor%20%E2%80%93%20Zusammenhang%20zwischen%20Medienvertrauen%20und%20Demokratiezufriedenheit%20...\",\"status\":\"on\",\"txt_info\":\"2 Klicks f\\u00fcr mehr Datenschutz: Erst wenn Sie hier klicken, wird der Button aktiv und Sie k\\u00f6nnen Ihre Empfehlung an Twitter senden. Schon beim Aktivieren werden Daten an Dritte \\u00fcbertragen - siehe <em>i<\\\/em>.\",\"perma_option\":\"off\",\"language\":\"de\",\"referrer_track\":\"\"}},\"txt_help\":\"Wenn Sie diese Felder durch einen Klick aktivieren, werden Informationen an Facebook, Twitter, Flattr, Xing, t3n, LinkedIn, Pinterest oder Google eventuell ins Ausland \\u00fcbertragen und unter Umst\\u00e4nden auch dort gespeichert. N\\u00e4heres erfahren Sie durch einen Klick auf das <em>i<\\\/em>.\",\"settings_perma\":\"Dauerhaft aktivieren und Daten\\u00fcber-tragung zustimmen:\",\"info_link\":\"http:\\\/\\\/www.heise.de\\\/ct\\\/artikel\\\/2-Klicks-fuer-mehr-Datenschutz-1333879.html\",\"uri\":\"https:\\\/\\\/publikumskonferenz.de\\\/blog\\\/news\\\/info-monitor-zusammenhang-zwischen-medienvertrauen-und-demokratiezufriedenheit\\\/\",\"post_id\":10274,\"post_title_referrer_track\":\"Info.Monitor+%26%238211%3B+Zusammenhang+zwischen+Medienvertrauen+und+Demokratiezufriedenheit\",\"display_infobox\":\"on\"});}});\n\/* ]]> *\/<\/script><\/div>","protected":false},"excerpt":{"rendered":"<p>Info-Monitor: Etwa ein Zehntel &#8222;blickt zynisch&#8220; auf etablierte Medien, 34 Prozent f\u00e4nden sich nicht mehr in der Berichterstattung wieder und 37 Prozent betrachteten sie als politisch gesteuert Die hohe Dichte negativer Berichte oder mangelndes Vertrauen in Inhalte und Absender macht &hellip;<\/p>\n<p class=\"read-more\"> <a class=\"more-link\" href=\"https:\/\/publikumskonferenz.de\/blog\/news\/info-monitor-zusammenhang-zwischen-medienvertrauen-und-demokratiezufriedenheit\/\"> <span class=\"screen-reader-text\">Info.Monitor &#8211; Zusammenhang zwischen Medienvertrauen und Demokratiezufriedenheit<\/span> Weiterlesen &raquo;<\/a><\/p>\n","protected":false},"author":2,"featured_media":0,"comment_status":"closed","ping_status":"closed","template":"","categories":[1],"newstags":[],"class_list":["post-10274","news","type-news","status-publish","hentry","category-news"],"_links":{"self":[{"href":"https:\/\/publikumskonferenz.de\/blog\/wp-json\/wp\/v2\/news\/10274","targetHints":{"allow":["GET"]}}],"collection":[{"href":"https:\/\/publikumskonferenz.de\/blog\/wp-json\/wp\/v2\/news"}],"about":[{"href":"https:\/\/publikumskonferenz.de\/blog\/wp-json\/wp\/v2\/types\/news"}],"author":[{"embeddable":true,"href":"https:\/\/publikumskonferenz.de\/blog\/wp-json\/wp\/v2\/users\/2"}],"replies":[{"embeddable":true,"href":"https:\/\/publikumskonferenz.de\/blog\/wp-json\/wp\/v2\/comments?post=10274"}],"wp:attachment":[{"href":"https:\/\/publikumskonferenz.de\/blog\/wp-json\/wp\/v2\/media?parent=10274"}],"wp:term":[{"taxonomy":"category","embeddable":true,"href":"https:\/\/publikumskonferenz.de\/blog\/wp-json\/wp\/v2\/categories?post=10274"},{"taxonomy":"newstags","embeddable":true,"href":"https:\/\/publikumskonferenz.de\/blog\/wp-json\/wp\/v2\/newstags?post=10274"}],"curies":[{"name":"wp","href":"https:\/\/api.w.org\/{rel}","templated":true}]}}