{"id":10276,"date":"2025-02-07T20:29:27","date_gmt":"2025-02-07T19:29:27","guid":{"rendered":"https:\/\/publikumskonferenz.de\/blog\/?post_type=news&#038;p=10276"},"modified":"2025-02-07T20:29:27","modified_gmt":"2025-02-07T19:29:27","slug":"wdr-rundfunkrat-am-5-2-2025","status":"publish","type":"news","link":"https:\/\/publikumskonferenz.de\/blog\/news\/wdr-rundfunkrat-am-5-2-2025\/","title":{"rendered":"WDR-Rundfunkrat am 5.2.2025"},"content":{"rendered":"<ol>\n<li>Rundfunkrat diskutiert Reformpl\u00e4ne der L\u00e4nder f\u00fcr den \u00f6ffentlich-rechtlichen Rundfunk<\/li>\n<\/ol>\n<p>Der WDR-Rundfunkrat diskutierte erneut die medienpolitischen Beschl\u00fcsse der Ministerpr\u00e4sidentenkonferenz (MPK) vom Dezember 2024. Nach ausf\u00fchrlicher Beratung stellte das Gremium fest, dass die Reformbeschl\u00fcsse der MPK den \u00f6ffentlich-rechtlichen Rundfunk grunds\u00e4tzlich langfristig st\u00e4rken, der Notwendigkeit eines wirtschaftlichen Mitteleinsatzes gerecht werden und gesellschaftliche Interessen wahren. Zu einzelnen Ma\u00dfnahmen des Reformstaatsvertrages \u00e4u\u00dfert sich der Rundfunkrat in einem Beschluss der hier abrufbar ist. Der Rundfunkrat erwartet, dass der Systemwechsel bei der k\u00fcnftigen Festsetzung des Rundfunkbeitrags zum so genannten \u201eWiderspruchsmodell\u201c eine funktionsgerechte Finanzierung des \u00f6ffentlich-rechtlichen Rundfunks sicherstellt und die Rolle der unabh\u00e4ngigen KEF st\u00e4rkt. Der Rundfunkrat fordert die Landesregierung Nordrhein-Westfalen auf, den zur Umsetzung erforderlichen Reformstaatsvertrag z\u00fcgig auf den Weg zu bringen, damit der Landtag den Staatsvertrag ratifizieren kann. [\u2026]<\/p>\n<ol start=\"2\">\n<li>Programmbeschwerde zu Carolin Kebekus-Sendung \u201e#KINDERst\u00f6ren\u201c abgelehnt<\/li>\n<\/ol>\n<p>Der Rundfunkrat konnte in der vorliegenden Beschwerde keinen Versto\u00df gegen die gesetzlichen Programmgrunds\u00e4tze feststellen. Der Beschwerdef\u00fchrer bezieht sich mit seiner Kritik auf die Sendung \u201eDie Carolin Kebekus Show \u2013 #KINDERst\u00f6ren \u2013 Carolin Kebekus gibt Kindern das Kommando\u201c vom 18. August 2024. Mit der viertelst\u00fcndigen Sondersendung sollte allgemein auf Kinderrechte aufmerksam gemacht werden. Die ARD hat die Sendung hierf\u00fcr um 20:15 Uhr in ihrem Fernsehprogramm \u201eDas Erste\u201c ohne Vorank\u00fcndigung ausgestrahlt. Der eigentlich f\u00fcr den Sendeplatz nach der Tagesschau angek\u00fcndigte Tatort verz\u00f6gerte sich hierdurch um 15 Minuten. Der Zuschauer kritisiert, dass das Publikum durch die unangek\u00fcndigte Sendung \u00fcberrascht und mit einer \u201eaktivistischen Politpropagandashow\u201c \u00fcberrumpelt worden sei. Au\u00dferdem bem\u00e4ngelt er, dass die von Carolin Kebekus in der Sendung erhobene Forderung, Kinderrechte ins Grundgesetz aufzunehmen, nicht ausreichend vor dem Hintergrund der Rechtsprechung zum Grundrechtsschutz von Kinderrechten eingeordnet worden sei. Auch die Aussage Kebekus\u2018 \u201eBrauner Mist. Das gilt es zu verhindern\u201c, in Bezug auf zunehmende rechtspopulistische Einstellungen bei Jugendlichen, stehe uneingeordnet im Raum. [\u2026]<\/p>\n<ol start=\"3\">\n<li>Erster Compliance-Bericht f\u00fcr den Rundfunkrat<\/li>\n<\/ol>\n<p>Im vergangenen Jahr haben der Rundfunkrat und der Verwaltungsrat eine neue Compliance-Richtlinie f\u00fcr ihre Gremien verabschiedet. Diese sieht unter anderem einen j\u00e4hrlichen anonymisierten Bericht \u00fcber die Anzahl der gemeldeten F\u00e4lle von m\u00f6glichen Interessenkollisionen im Rundfunkrat vor. Der Vorsitzende Rolf Zurbr\u00fcggen berichtete \u00fcber zwei Meldungen, die von den Betroffenen selbst gekommen waren. Nach eingehender Pr\u00fcfung durch das Pr\u00e4sidium sei jedoch bei beiden Sachverhalten festgestellt worden, dass kein Versto\u00df vorliege bzw. sich die Betroffenen korrekt verhalten h\u00e4tten.<\/p>\n<ol start=\"4\">\n<li>Mehrere Programmvertr\u00e4ge genehmigt<\/li>\n<\/ol>\n<p>Auch in den kommenden Jahren kann die ARD-Sportschau die gewohnten Spielzusammenfassungen der Fu\u00dfballbundesliga der M\u00e4nner zeigen, ebenso bleiben die Audiokonferenzen im Radio erhalten. Der Rundfunkrat genehmigte einen entsprechenden Vertrag mit der Deutschen Fu\u00dfballliga DFL f\u00fcr den Zeitraum 2025 bis 2029. Au\u00dferdem lagen zwei Serienproduktionen (\u201eLudwig\u201c und die 7. Staffel von \u201eDie Kanzlei\u201c) und ein K\u00f6lner Tatort mit dem Titel \u201eDie letzten Menschen von K\u00f6ln\u201c vor. Alle Produktionen, die mehr als zwei Millionen Euro kosten, m\u00fcssen zuvor vom Rundfunkrat genehmigt werden.<\/p>\n<p><a href=\"https:\/\/www1.wdr.de\/unternehmen\/rundfunkrat\/publikationen\/newsletter-342.html\">https:\/\/www1.wdr.de\/unternehmen\/rundfunkrat\/publikationen\/newsletter-342.html<\/a><\/p>\n<p>&nbsp;<\/p>\n<p>&nbsp;<\/p>\n<div class=\"twoclick_social_bookmarks_post_10276 social_share_privacy clearfix 1.6.4 locale-de_DE sprite-de_DE\"><\/div><div class=\"twoclick-js\"><script type=\"text\/javascript\">\/* <![CDATA[ *\/\njQuery(document).ready(function($){if($('.twoclick_social_bookmarks_post_10276')){$('.twoclick_social_bookmarks_post_10276').socialSharePrivacy({\"services\":{\"facebook\":{\"status\":\"on\",\"txt_info\":\"2 Klicks f\\u00fcr mehr Datenschutz: Erst wenn Sie hier klicken, wird der Button aktiv und Sie k\\u00f6nnen Ihre Empfehlung an Facebook senden. Schon beim Aktivieren werden Daten an Dritte \\u00fcbertragen - siehe <em>i<\\\/em>.\",\"perma_option\":\"off\",\"action\":\"like\",\"language\":\"de_DE\"},\"twitter\":{\"reply_to\":\"\",\"tweet_text\":\"%20WDR-Rundfunkrat%20am%205.2.2025%20%C2%BB%20St%C3%A4ndige%20Publikumskonferenz%20der%20...\",\"status\":\"on\",\"txt_info\":\"2 Klicks f\\u00fcr mehr Datenschutz: Erst wenn Sie hier klicken, wird der Button aktiv und Sie k\\u00f6nnen Ihre Empfehlung an Twitter senden. Schon beim Aktivieren werden Daten an Dritte \\u00fcbertragen - siehe <em>i<\\\/em>.\",\"perma_option\":\"off\",\"language\":\"de\",\"referrer_track\":\"\"}},\"txt_help\":\"Wenn Sie diese Felder durch einen Klick aktivieren, werden Informationen an Facebook, Twitter, Flattr, Xing, t3n, LinkedIn, Pinterest oder Google eventuell ins Ausland \\u00fcbertragen und unter Umst\\u00e4nden auch dort gespeichert. N\\u00e4heres erfahren Sie durch einen Klick auf das <em>i<\\\/em>.\",\"settings_perma\":\"Dauerhaft aktivieren und Daten\\u00fcber-tragung zustimmen:\",\"info_link\":\"http:\\\/\\\/www.heise.de\\\/ct\\\/artikel\\\/2-Klicks-fuer-mehr-Datenschutz-1333879.html\",\"uri\":\"https:\\\/\\\/publikumskonferenz.de\\\/blog\\\/news\\\/wdr-rundfunkrat-am-5-2-2025\\\/\",\"post_id\":10276,\"post_title_referrer_track\":\"WDR-Rundfunkrat+am+5.2.2025\",\"display_infobox\":\"on\"});}});\n\/* ]]> *\/<\/script><\/div>","protected":false},"excerpt":{"rendered":"<p>Rundfunkrat diskutiert Reformpl\u00e4ne der L\u00e4nder f\u00fcr den \u00f6ffentlich-rechtlichen Rundfunk Der WDR-Rundfunkrat diskutierte erneut die medienpolitischen Beschl\u00fcsse der Ministerpr\u00e4sidentenkonferenz (MPK) vom Dezember 2024. Nach ausf\u00fchrlicher Beratung stellte das Gremium fest, dass die Reformbeschl\u00fcsse der MPK den \u00f6ffentlich-rechtlichen Rundfunk grunds\u00e4tzlich langfristig st\u00e4rken, &hellip;<\/p>\n<p class=\"read-more\"> <a class=\"more-link\" href=\"https:\/\/publikumskonferenz.de\/blog\/news\/wdr-rundfunkrat-am-5-2-2025\/\"> <span class=\"screen-reader-text\">WDR-Rundfunkrat am 5.2.2025<\/span> Weiterlesen &raquo;<\/a><\/p>\n","protected":false},"author":2,"featured_media":0,"comment_status":"closed","ping_status":"closed","template":"","categories":[],"newstags":[],"class_list":["post-10276","news","type-news","status-publish","hentry"],"_links":{"self":[{"href":"https:\/\/publikumskonferenz.de\/blog\/wp-json\/wp\/v2\/news\/10276","targetHints":{"allow":["GET"]}}],"collection":[{"href":"https:\/\/publikumskonferenz.de\/blog\/wp-json\/wp\/v2\/news"}],"about":[{"href":"https:\/\/publikumskonferenz.de\/blog\/wp-json\/wp\/v2\/types\/news"}],"author":[{"embeddable":true,"href":"https:\/\/publikumskonferenz.de\/blog\/wp-json\/wp\/v2\/users\/2"}],"replies":[{"embeddable":true,"href":"https:\/\/publikumskonferenz.de\/blog\/wp-json\/wp\/v2\/comments?post=10276"}],"wp:attachment":[{"href":"https:\/\/publikumskonferenz.de\/blog\/wp-json\/wp\/v2\/media?parent=10276"}],"wp:term":[{"taxonomy":"category","embeddable":true,"href":"https:\/\/publikumskonferenz.de\/blog\/wp-json\/wp\/v2\/categories?post=10276"},{"taxonomy":"newstags","embeddable":true,"href":"https:\/\/publikumskonferenz.de\/blog\/wp-json\/wp\/v2\/newstags?post=10276"}],"curies":[{"name":"wp","href":"https:\/\/api.w.org\/{rel}","templated":true}]}}