{"id":10288,"date":"2025-02-10T00:01:46","date_gmt":"2025-02-09T23:01:46","guid":{"rendered":"https:\/\/publikumskonferenz.de\/blog\/?post_type=news&#038;p=10288"},"modified":"2025-02-08T10:08:39","modified_gmt":"2025-02-08T09:08:39","slug":"swr-wahlsendungen-mit-sahra-wagenknecht","status":"publish","type":"news","link":"https:\/\/publikumskonferenz.de\/blog\/news\/swr-wahlsendungen-mit-sahra-wagenknecht\/","title":{"rendered":"SWR-Wahlsendungen mit Sahra Wagenknecht"},"content":{"rendered":"<p>Das B\u00fcndnis Sahra Wagenknecht (BSW) darf kommende Woche an zwei Wahlsendungen des SWR zur Bundestagswahl teilnehmen \u2013 auch gegen den Willen des Senders. Nach einer unanfechtbaren Entscheidung des Verwaltungsgerichtshofs Mannheim (Az. 1 S 164\/25) m\u00fcssen die BSW-Spitzenkandidaten zur \u201eWahlarena Baden-W\u00fcrttemberg\u201c und zur entsprechenden Sendung in Rheinland-Pfalz eingeladen werden. Damit scheiterte der SWR mit einer Beschwerde gegen die Eilentscheidung des Verwaltungsgerichts Stuttgart.<\/p>\n<p>Spitzenkandidatin des BSW in Baden-W\u00fcrttemberg ist die Landesvorsitzende Jessica Tatti, Spitzenkandidat in Rheinland-Pfalz ist Alexander Ulrich. Die Live-Sendungen sind f\u00fcr den 12. Februar geplant. Bislang hatte der SWR nur die Spitzenkandidaten der Landeslisten von CDU, SPD, AfD, Gr\u00fcnen und FDP eingeladen.<\/p>\n<p>\u201eDer Senat geht davon aus, dass das BSW, wie vom Verwaltungsgericht festgestellt, einen Anspruch auf chancengleiche Teilhabe an den beiden Sendungen hat\u201c, teilte der VGH mit. Der Grundsatz der Chancengleichheit im politischen Wettbewerb sei angesichts des bevorstehenden Wahltermins am 23. Februar und der Bedeutung der Sendungen st\u00e4rker zu gewichten als der grundrechtlich gesch\u00fctzte Spielraum der \u00f6ffentlich-rechtlichen Rundfunkanstalten. [\u2026]<\/p>\n<p>\u201eWeder die bundesweite politische Bedeutung noch die regionale Bedeutung der Parteien rechtfertigen die vom SWR vorgenommene Differenzierung zwischen der FDP und dem BSW\u201c, so der Verwaltungsgerichtshof.<\/p>\n<p><a href=\"https:\/\/www.faz.net\/aktuell\/feuilleton\/medien\/bsw-vor-bundestagswahl-2025-sahra-wagenknecht-bei-swr-wahlsendungen-dabei-110279233.html\">https:\/\/www.faz.net\/aktuell\/feuilleton\/medien\/bsw-vor-bundestagswahl-2025-sahra-wagenknecht-bei-swr-wahlsendungen-dabei-110279233.html<\/a><\/p>\n<p>Das Konzept sieht vor, dass Fragen aus dem Publikum an die Spitzenkandidatinnen oder Spitzenkandidaten der jeweiligen Landeslisten der wichtigsten Parteien gestellt werden, wobei sowohl ein Schlagabtausch zwischen diesen als auch ein Dialog mit dem Zuschauerinnen und Zuschauern m\u00f6glich sein soll.<\/p>\n<p>Dem SWR war es also daran gelegen, die Zahl der Parteien nicht zu gro\u00df werden zu lassen &#8211; und so lud man Vertreterinnen und Vertreter von CDU, SPD, AfD, Gr\u00fcnen und FDP ein, nicht aber vom B\u00fcndnis Sarah Wagenknecht und den Linken. Das BSW klagte wegen Verletzung der Chancengleichheit und bekam bereits k\u00fcrzlich in einer Eilentscheidung des Verwaltungsgerichts Stuttgart recht. Der SWR legte Beschwerde ein &#8211; und scheiterte auch damit vor dem Verwaltungsgerichtshof Baden-W\u00fcrttemberg. Auch die Linkspartei hat geklagt, hier steht eine Entscheidung noch aus.<\/p>\n<p><a href=\"https:\/\/www.dwdl.de\/nachrichten\/101359\/bsw_klagt_sich_erfolgreich_in_wahlarena_des_swr\/\">https:\/\/www.dwdl.de\/nachrichten\/101359\/bsw_klagt_sich_erfolgreich_in_wahlarena_des_swr\/<\/a><br \/>\nDas Urteil des Verwaltungsgerichtshofs kann nicht mehr angefochten werden. Auch die Linkspartei hatte in der vergangenen Woche beim Verwaltungsgericht Stuttgart Klage gegen den SWR eingereicht, um die Ber\u00fccksichtigung ihrer Vertreter in den Wahlarenen zu erreichen.<\/p>\n<p><a href=\"https:\/\/kress.de\/news\/beitrag\/148836-swr-muss-buendnis-sahra-wagenknecht-in-wahlsendung-einladen.html\">https:\/\/kress.de\/news\/beitrag\/148836-swr-muss-buendnis-sahra-wagenknecht-in-wahlsendung-einladen.html<\/a><\/p>\n<p><strong>Anmerkung:<\/strong> Sie versuchen es trotz eindeutiger Gerichtsentscheidungen immer wieder. Man fragt sich langsam nach der wahren Intention. Steigerung des Interesses an den vorhersehbaren Runden? Klickzahlen?<\/p>\n<p><strong>WDR muss BSW nicht in die \u201cARD Wahlarena\u201d einladen<\/strong><\/p>\n<p>Der WDR muss BSW-Chefin Sahra Wagenknecht nicht zur &#8222;ARD Wahlarena&#8220; am 17. Februar einladen, entscheidet das Verwaltungsgericht K\u00f6ln und lehnt einen Eilantrag der Partei ab. Der Sender hatte argumentiert, nur Parteien einzuladen, die laut Umfragen ein zwei\u00adstelliges Ergebnis erreichen w\u00fcrden. Eingeladen sind Union, AfD, SPD und Gr\u00fcne. Dem BSW komme keine den eingeladenen Parteien vergleichbare Bedeutung zu, sagt das Gericht. Gegen den Beschluss ist Beschwerde m\u00f6glich.<\/p>\n<p><a href=\"https:\/\/www.turi2.de\/aktuell\/wdr-muss-bs\">https:\/\/www.turi2.de\/aktuell\/wdr-muss-bs<\/a><\/p>\n<div class=\"twoclick_social_bookmarks_post_10288 social_share_privacy clearfix 1.6.4 locale-de_DE sprite-de_DE\"><\/div><div class=\"twoclick-js\"><script type=\"text\/javascript\">\/* <![CDATA[ *\/\njQuery(document).ready(function($){if($('.twoclick_social_bookmarks_post_10288')){$('.twoclick_social_bookmarks_post_10288').socialSharePrivacy({\"services\":{\"facebook\":{\"status\":\"on\",\"txt_info\":\"2 Klicks f\\u00fcr mehr Datenschutz: Erst wenn Sie hier klicken, wird der Button aktiv und Sie k\\u00f6nnen Ihre Empfehlung an Facebook senden. Schon beim Aktivieren werden Daten an Dritte \\u00fcbertragen - siehe <em>i<\\\/em>.\",\"perma_option\":\"off\",\"action\":\"like\",\"language\":\"de_DE\"},\"twitter\":{\"reply_to\":\"\",\"tweet_text\":\"%20SWR-Wahlsendungen%20mit%20Sahra%20Wagenknecht%20%C2%BB%20St%C3%A4ndige%20Publikumskonferenz%20der%20...\",\"status\":\"on\",\"txt_info\":\"2 Klicks f\\u00fcr mehr Datenschutz: Erst wenn Sie hier klicken, wird der Button aktiv und Sie k\\u00f6nnen Ihre Empfehlung an Twitter senden. Schon beim Aktivieren werden Daten an Dritte \\u00fcbertragen - siehe <em>i<\\\/em>.\",\"perma_option\":\"off\",\"language\":\"de\",\"referrer_track\":\"\"}},\"txt_help\":\"Wenn Sie diese Felder durch einen Klick aktivieren, werden Informationen an Facebook, Twitter, Flattr, Xing, t3n, LinkedIn, Pinterest oder Google eventuell ins Ausland \\u00fcbertragen und unter Umst\\u00e4nden auch dort gespeichert. N\\u00e4heres erfahren Sie durch einen Klick auf das <em>i<\\\/em>.\",\"settings_perma\":\"Dauerhaft aktivieren und Daten\\u00fcber-tragung zustimmen:\",\"info_link\":\"http:\\\/\\\/www.heise.de\\\/ct\\\/artikel\\\/2-Klicks-fuer-mehr-Datenschutz-1333879.html\",\"uri\":\"https:\\\/\\\/publikumskonferenz.de\\\/blog\\\/news\\\/swr-wahlsendungen-mit-sahra-wagenknecht\\\/\",\"post_id\":10288,\"post_title_referrer_track\":\"SWR-Wahlsendungen+mit+Sahra+Wagenknecht\",\"display_infobox\":\"on\"});}});\n\/* ]]> *\/<\/script><\/div>","protected":false},"excerpt":{"rendered":"<p>Das B\u00fcndnis Sahra Wagenknecht (BSW) darf kommende Woche an zwei Wahlsendungen des SWR zur Bundestagswahl teilnehmen \u2013 auch gegen den Willen des Senders. Nach einer unanfechtbaren Entscheidung des Verwaltungsgerichtshofs Mannheim (Az. 1 S 164\/25) m\u00fcssen die BSW-Spitzenkandidaten zur \u201eWahlarena Baden-W\u00fcrttemberg\u201c &hellip;<\/p>\n<p class=\"read-more\"> <a class=\"more-link\" href=\"https:\/\/publikumskonferenz.de\/blog\/news\/swr-wahlsendungen-mit-sahra-wagenknecht\/\"> <span class=\"screen-reader-text\">SWR-Wahlsendungen mit Sahra Wagenknecht<\/span> Weiterlesen &raquo;<\/a><\/p>\n","protected":false},"author":2,"featured_media":0,"comment_status":"closed","ping_status":"closed","template":"","categories":[1],"newstags":[],"class_list":["post-10288","news","type-news","status-publish","hentry","category-news"],"_links":{"self":[{"href":"https:\/\/publikumskonferenz.de\/blog\/wp-json\/wp\/v2\/news\/10288","targetHints":{"allow":["GET"]}}],"collection":[{"href":"https:\/\/publikumskonferenz.de\/blog\/wp-json\/wp\/v2\/news"}],"about":[{"href":"https:\/\/publikumskonferenz.de\/blog\/wp-json\/wp\/v2\/types\/news"}],"author":[{"embeddable":true,"href":"https:\/\/publikumskonferenz.de\/blog\/wp-json\/wp\/v2\/users\/2"}],"replies":[{"embeddable":true,"href":"https:\/\/publikumskonferenz.de\/blog\/wp-json\/wp\/v2\/comments?post=10288"}],"wp:attachment":[{"href":"https:\/\/publikumskonferenz.de\/blog\/wp-json\/wp\/v2\/media?parent=10288"}],"wp:term":[{"taxonomy":"category","embeddable":true,"href":"https:\/\/publikumskonferenz.de\/blog\/wp-json\/wp\/v2\/categories?post=10288"},{"taxonomy":"newstags","embeddable":true,"href":"https:\/\/publikumskonferenz.de\/blog\/wp-json\/wp\/v2\/newstags?post=10288"}],"curies":[{"name":"wp","href":"https:\/\/api.w.org\/{rel}","templated":true}]}}