{"id":10710,"date":"2025-06-18T12:47:14","date_gmt":"2025-06-18T11:47:14","guid":{"rendered":"https:\/\/publikumskonferenz.de\/blog\/?post_type=news&#038;p=10710"},"modified":"2025-06-18T12:47:14","modified_gmt":"2025-06-18T11:47:14","slug":"von-tel-aviv-in-den-zdf-fernsehgarten-wer-bezahlt-andrea-kiewels-fluege","status":"publish","type":"news","link":"https:\/\/publikumskonferenz.de\/blog\/news\/von-tel-aviv-in-den-zdf-fernsehgarten-wer-bezahlt-andrea-kiewels-fluege\/","title":{"rendered":"Von Tel Aviv in den ZDF-\u201eFernsehgarten\u201c: Wer bezahlt Andrea Kiewels Fl\u00fcge?"},"content":{"rendered":"<p>Regelm\u00e4\u00dfig pendelt die ZDF-Moderatorin Andrea Kiewel zwischen ihrer Wahlheimat in Israel und Mainz. Stellt sich die Frage, wer die Reisekosten hierf\u00fcr tr\u00e4gt. [\u2026]<\/p>\n<p>\u201eAndrea Kiewel lebt in Israel. Die An- und Abreise nach Mainz ist ihre Privatangelegenheit\u201c, stellt der Sender gegen\u00fcber T-Online klar. W\u00e4hrend bei anderen Arbeitsverh\u00e4ltnissen der Arbeitgeber derartige Reisekosten \u00fcbernimmt, bedeutet das in Kiewels Fall: Die Moderatorin bezahlt ihre Fl\u00fcge selbst. Die Rundfunkgeb\u00fchren bleiben von ihrem \u201eFernsehgarten\u201c-Arbeitsweg unangetastet.<\/p>\n<p>Aber auch wenn der Kostentr\u00e4ger ihrer saisonalen Pendelei nun feststeht, bleiben einige Fragen offen: Wer \u00fcbernimmt beispielsweise die Gagen f\u00fcr die Ersatzmoderatoren Llambi und Van der Horst? Umsonst wird das kurzfristige Einspringen der beiden TV-Profis sicher nicht gewesen sein. Fallen diese Kosten ebenfalls in die Kategorie \u201eKiewels Privatangelegenheit\u201c? [\u2026]<\/p>\n<p>Klar, als Kiewel den Fernsehgarten vor 25 Jahren \u00fcbernahm, spielte der Klimawandel noch keine allzu gro\u00dfe Rolle. Doch muss f\u00fcr die Moderation einer Fernsehshow eine Person heutzutage mehr als 5000 Kilometer mit dem Flieger zur\u00fccklegen?<\/p>\n<p><a href=\"https:\/\/www.berliner-zeitung.de\/panorama\/von-tel-aviv-in-den-zdf-ferngarten-wer-bezahlt-eigentlich-andrea-kiewels-fluege-li.2334050\">https:\/\/www.berliner-zeitung.de\/panorama\/von-tel-aviv-in-den-zdf-ferngarten-wer-bezahlt-eigentlich-andrea-kiewels-fluege-li.2334050<\/a><\/p>\n<p>&nbsp;<\/p>\n<div class=\"twoclick_social_bookmarks_post_10710 social_share_privacy clearfix 1.6.4 locale-de_DE sprite-de_DE\"><\/div><div class=\"twoclick-js\"><script type=\"text\/javascript\">\/* <![CDATA[ *\/\njQuery(document).ready(function($){if($('.twoclick_social_bookmarks_post_10710')){$('.twoclick_social_bookmarks_post_10710').socialSharePrivacy({\"services\":{\"facebook\":{\"status\":\"on\",\"txt_info\":\"2 Klicks f\\u00fcr mehr Datenschutz: Erst wenn Sie hier klicken, wird der Button aktiv und Sie k\\u00f6nnen Ihre Empfehlung an Facebook senden. Schon beim Aktivieren werden Daten an Dritte \\u00fcbertragen - siehe <em>i<\\\/em>.\",\"perma_option\":\"off\",\"action\":\"like\",\"language\":\"de_DE\"},\"twitter\":{\"reply_to\":\"\",\"tweet_text\":\"%20Von%20Tel%20Aviv%20in%20den%20ZDF-%E2%80%9EFernsehgarten%E2%80%9C%3A%20Wer%20bezahlt%20Andrea%20Kiewels%20...\",\"status\":\"on\",\"txt_info\":\"2 Klicks f\\u00fcr mehr Datenschutz: Erst wenn Sie hier klicken, wird der Button aktiv und Sie k\\u00f6nnen Ihre Empfehlung an Twitter senden. Schon beim Aktivieren werden Daten an Dritte \\u00fcbertragen - siehe <em>i<\\\/em>.\",\"perma_option\":\"off\",\"language\":\"de\",\"referrer_track\":\"\"}},\"txt_help\":\"Wenn Sie diese Felder durch einen Klick aktivieren, werden Informationen an Facebook, Twitter, Flattr, Xing, t3n, LinkedIn, Pinterest oder Google eventuell ins Ausland \\u00fcbertragen und unter Umst\\u00e4nden auch dort gespeichert. N\\u00e4heres erfahren Sie durch einen Klick auf das <em>i<\\\/em>.\",\"settings_perma\":\"Dauerhaft aktivieren und Daten\\u00fcber-tragung zustimmen:\",\"info_link\":\"http:\\\/\\\/www.heise.de\\\/ct\\\/artikel\\\/2-Klicks-fuer-mehr-Datenschutz-1333879.html\",\"uri\":\"https:\\\/\\\/publikumskonferenz.de\\\/blog\\\/news\\\/von-tel-aviv-in-den-zdf-fernsehgarten-wer-bezahlt-andrea-kiewels-fluege\\\/\",\"post_id\":10710,\"post_title_referrer_track\":\"Von+Tel+Aviv+in+den+ZDF-%E2%80%9EFernsehgarten%E2%80%9C%3A+Wer+bezahlt+Andrea+Kiewels+Fl%C3%BCge%3F\",\"display_infobox\":\"on\"});}});\n\/* ]]> *\/<\/script><\/div>","protected":false},"excerpt":{"rendered":"<p>Regelm\u00e4\u00dfig pendelt die ZDF-Moderatorin Andrea Kiewel zwischen ihrer Wahlheimat in Israel und Mainz. Stellt sich die Frage, wer die Reisekosten hierf\u00fcr tr\u00e4gt. [\u2026] \u201eAndrea Kiewel lebt in Israel. Die An- und Abreise nach Mainz ist ihre Privatangelegenheit\u201c, stellt der Sender &hellip;<\/p>\n<p class=\"read-more\"> <a class=\"more-link\" href=\"https:\/\/publikumskonferenz.de\/blog\/news\/von-tel-aviv-in-den-zdf-fernsehgarten-wer-bezahlt-andrea-kiewels-fluege\/\"> <span class=\"screen-reader-text\">Von Tel Aviv in den ZDF-\u201eFernsehgarten\u201c: Wer bezahlt Andrea Kiewels Fl\u00fcge?<\/span> Weiterlesen &raquo;<\/a><\/p>\n","protected":false},"author":2,"featured_media":0,"comment_status":"closed","ping_status":"closed","template":"","categories":[],"newstags":[],"class_list":["post-10710","news","type-news","status-publish","hentry"],"_links":{"self":[{"href":"https:\/\/publikumskonferenz.de\/blog\/wp-json\/wp\/v2\/news\/10710","targetHints":{"allow":["GET"]}}],"collection":[{"href":"https:\/\/publikumskonferenz.de\/blog\/wp-json\/wp\/v2\/news"}],"about":[{"href":"https:\/\/publikumskonferenz.de\/blog\/wp-json\/wp\/v2\/types\/news"}],"author":[{"embeddable":true,"href":"https:\/\/publikumskonferenz.de\/blog\/wp-json\/wp\/v2\/users\/2"}],"replies":[{"embeddable":true,"href":"https:\/\/publikumskonferenz.de\/blog\/wp-json\/wp\/v2\/comments?post=10710"}],"wp:attachment":[{"href":"https:\/\/publikumskonferenz.de\/blog\/wp-json\/wp\/v2\/media?parent=10710"}],"wp:term":[{"taxonomy":"category","embeddable":true,"href":"https:\/\/publikumskonferenz.de\/blog\/wp-json\/wp\/v2\/categories?post=10710"},{"taxonomy":"newstags","embeddable":true,"href":"https:\/\/publikumskonferenz.de\/blog\/wp-json\/wp\/v2\/newstags?post=10710"}],"curies":[{"name":"wp","href":"https:\/\/api.w.org\/{rel}","templated":true}]}}