{"id":10712,"date":"2025-06-19T00:16:38","date_gmt":"2025-06-18T23:16:38","guid":{"rendered":"https:\/\/publikumskonferenz.de\/blog\/?post_type=news&#038;p=10712"},"modified":"2025-06-18T17:18:09","modified_gmt":"2025-06-18T16:18:09","slug":"ein-bundeskanzler-zum-schaemen","status":"publish","type":"news","link":"https:\/\/publikumskonferenz.de\/blog\/news\/ein-bundeskanzler-zum-schaemen\/","title":{"rendered":"Ein Bundeskanzler zum sch\u00e4men&#8230;"},"content":{"rendered":"<p>Bundeskanzler Friedrich Merz lobte Israels Angriff auf Iran unterdessen ausdr\u00fccklich und wertete ihn als Beitrag zur Sicherheit der westlichen Staaten. Im Interview mit dem <em>ZDF<\/em> sagte er w\u00f6rtlich:<\/p>\n<p><em>&#8222;Das ist die <a href=\"https:\/\/freedert.online\/kurzclips\/video\/248148-merz-israel-macht-fuer-uns\/\" target=\"_blank\" rel=\"noopener noreferrer\">Drecksarbeit<\/a>, die Israel macht f\u00fcr uns alle.&#8220;\u00a0<\/em><\/p>\n<p>Die Wortwahl des Kanzlers \u2013 insbesondere der Ausdruck &#8222;Drecksarbeit&#8220; \u2013 hat national wie international scharfe Kritik ausgel\u00f6st. Der SPD-Au\u00dfenpolitiker Ralf Stegner nannte die \u00c4u\u00dferung &#8222;befremdlich&#8220;. &#8222;Mit einer solchen Diktion suggeriert Herr Merz selbst, dass die milit\u00e4rische Attacke Netanjahus gegen Iran mutma\u00dflich v\u00f6lkerrechtswidrig war&#8220;, so Stegner. Die BSW-Politikerin Sevim Da\u011fdelen kommentierte:<\/p>\n<p><em>&#8222;Geht\u2019s noch zynischer und menschenverachtender??! Israels v\u00f6lkerrechtswidriger Angriffskrieg und Staatsterrorismus (Angriffe auf Atomanlagen, Fernsehsender und Zivilisten) sind f\u00fcr Bundeskanzler Merz &#8218;Drecksarbeit f\u00fcr uns alle&#8216;.&#8220;\u00a0<\/em><\/p>\n<p>Auch die Sprecherin des russischen Au\u00dfenministeriums, <a href=\"https:\/\/freedert.online\/international\/248198-sacharowa-weist-merz-wegen-lobrede-fuer-israel-zurecht\/\" target=\"_blank\" rel=\"noopener noreferrer\">Maria Sacharowa<\/a>, reagierte auf die Behauptung von Merz. Dies sei die schrecklichste \u00c4u\u00dferung, die sie jemals geh\u00f6rt habe. Sie h\u00e4tte sich solche Worte niemals vorstellen k\u00f6nnen.<\/p>\n<p><em>&#8222;Das sagt ein Nachkomme der Nazis, dessen Gro\u00dfvater Josef Paul Sauvigny zu den Zeiten des Dritten Reichs im Amt des B\u00fcrgermeisters von Brilon Stra\u00dfen zu Ehren von Hitler und Goebbels umbenannt hat.&#8220;<\/em><\/p>\n<p>Das russische Au\u00dfenministerium warnte unterdessen eindringlich vor den Folgen der israelischen Luftangriffe auf iranische Nuklearanlagen. In einer offiziellen Erkl\u00e4rung bezeichnete Moskau die Angriffe als <a href=\"https:\/\/freedert.online\/international\/248177-moskau-warnt-israels-angriffe-auf-iran-drohen-in-atomkatastrophe-zu-muenden\/\" target=\"_blank\" rel=\"noopener noreferrer\">v\u00f6lkerrechtswidrig<\/a>, sicherheitsgef\u00e4hrdend und potenziell katastrophal:<\/p>\n<p><em>&#8222;Die anhaltenden intensiven Angriffe der israelischen Seite auf friedliche Nuklearanlagen in der Islamischen Republik Iran sind aus v\u00f6lkerrechtlicher Sicht illegal, stellen eine unannehmbare Bedrohung f\u00fcr die internationale Sicherheit dar und treiben die Welt auf eine nukleare Katastrophe zu, deren Folgen \u00fcberall, auch in Israel selbst, zu sp\u00fcren sein werden.&#8220;\u00a0<\/em><\/p>\n<div class=\"twoclick_social_bookmarks_post_10712 social_share_privacy clearfix 1.6.4 locale-de_DE sprite-de_DE\"><\/div><div class=\"twoclick-js\"><script type=\"text\/javascript\">\/* <![CDATA[ *\/\njQuery(document).ready(function($){if($('.twoclick_social_bookmarks_post_10712')){$('.twoclick_social_bookmarks_post_10712').socialSharePrivacy({\"services\":{\"facebook\":{\"status\":\"on\",\"txt_info\":\"2 Klicks f\\u00fcr mehr Datenschutz: Erst wenn Sie hier klicken, wird der Button aktiv und Sie k\\u00f6nnen Ihre Empfehlung an Facebook senden. Schon beim Aktivieren werden Daten an Dritte \\u00fcbertragen - siehe <em>i<\\\/em>.\",\"perma_option\":\"off\",\"action\":\"like\",\"language\":\"de_DE\"},\"twitter\":{\"reply_to\":\"\",\"tweet_text\":\"%20Ein%20Bundeskanzler%20zum%20sch%C3%A4men%E2%80%A6%20%C2%BB%20St%C3%A4ndige%20Publikumskonferenz%20der%20...\",\"status\":\"on\",\"txt_info\":\"2 Klicks f\\u00fcr mehr Datenschutz: Erst wenn Sie hier klicken, wird der Button aktiv und Sie k\\u00f6nnen Ihre Empfehlung an Twitter senden. Schon beim Aktivieren werden Daten an Dritte \\u00fcbertragen - siehe <em>i<\\\/em>.\",\"perma_option\":\"off\",\"language\":\"de\",\"referrer_track\":\"\"}},\"txt_help\":\"Wenn Sie diese Felder durch einen Klick aktivieren, werden Informationen an Facebook, Twitter, Flattr, Xing, t3n, LinkedIn, Pinterest oder Google eventuell ins Ausland \\u00fcbertragen und unter Umst\\u00e4nden auch dort gespeichert. N\\u00e4heres erfahren Sie durch einen Klick auf das <em>i<\\\/em>.\",\"settings_perma\":\"Dauerhaft aktivieren und Daten\\u00fcber-tragung zustimmen:\",\"info_link\":\"http:\\\/\\\/www.heise.de\\\/ct\\\/artikel\\\/2-Klicks-fuer-mehr-Datenschutz-1333879.html\",\"uri\":\"https:\\\/\\\/publikumskonferenz.de\\\/blog\\\/news\\\/ein-bundeskanzler-zum-schaemen\\\/\",\"post_id\":10712,\"post_title_referrer_track\":\"Ein+Bundeskanzler+zum+sch%C3%A4men%26%238230%3B\",\"display_infobox\":\"on\"});}});\n\/* ]]> *\/<\/script><\/div>","protected":false},"excerpt":{"rendered":"<p>Bundeskanzler Friedrich Merz lobte Israels Angriff auf Iran unterdessen ausdr\u00fccklich und wertete ihn als Beitrag zur Sicherheit der westlichen Staaten. Im Interview mit dem ZDF sagte er w\u00f6rtlich: &#8222;Das ist die Drecksarbeit, die Israel macht f\u00fcr uns alle.&#8220;\u00a0 Die Wortwahl &hellip;<\/p>\n<p class=\"read-more\"> <a class=\"more-link\" href=\"https:\/\/publikumskonferenz.de\/blog\/news\/ein-bundeskanzler-zum-schaemen\/\"> <span class=\"screen-reader-text\">Ein Bundeskanzler zum sch\u00e4men&#8230;<\/span> Weiterlesen &raquo;<\/a><\/p>\n","protected":false},"author":2,"featured_media":0,"comment_status":"closed","ping_status":"closed","template":"","categories":[1],"newstags":[],"class_list":["post-10712","news","type-news","status-publish","hentry","category-news"],"_links":{"self":[{"href":"https:\/\/publikumskonferenz.de\/blog\/wp-json\/wp\/v2\/news\/10712","targetHints":{"allow":["GET"]}}],"collection":[{"href":"https:\/\/publikumskonferenz.de\/blog\/wp-json\/wp\/v2\/news"}],"about":[{"href":"https:\/\/publikumskonferenz.de\/blog\/wp-json\/wp\/v2\/types\/news"}],"author":[{"embeddable":true,"href":"https:\/\/publikumskonferenz.de\/blog\/wp-json\/wp\/v2\/users\/2"}],"replies":[{"embeddable":true,"href":"https:\/\/publikumskonferenz.de\/blog\/wp-json\/wp\/v2\/comments?post=10712"}],"wp:attachment":[{"href":"https:\/\/publikumskonferenz.de\/blog\/wp-json\/wp\/v2\/media?parent=10712"}],"wp:term":[{"taxonomy":"category","embeddable":true,"href":"https:\/\/publikumskonferenz.de\/blog\/wp-json\/wp\/v2\/categories?post=10712"},{"taxonomy":"newstags","embeddable":true,"href":"https:\/\/publikumskonferenz.de\/blog\/wp-json\/wp\/v2\/newstags?post=10712"}],"curies":[{"name":"wp","href":"https:\/\/api.w.org\/{rel}","templated":true}]}}