{"id":10721,"date":"2025-06-21T00:58:18","date_gmt":"2025-06-20T23:58:18","guid":{"rendered":"https:\/\/publikumskonferenz.de\/blog\/?post_type=news&#038;p=10721"},"modified":"2025-06-20T18:01:07","modified_gmt":"2025-06-20T17:01:07","slug":"strafanzeige-gegen-den-deutschen-bundeskanzler-friedrich-merz","status":"publish","type":"news","link":"https:\/\/publikumskonferenz.de\/blog\/news\/strafanzeige-gegen-den-deutschen-bundeskanzler-friedrich-merz\/","title":{"rendered":"Strafanzeige gegen den deutschen Bundeskanzler Friedrich Merz."},"content":{"rendered":"<p>Hiermit erstatten wir Unterzeichnenden Strafanzeige gegen den deutschen Bundeskanzler Friedrich Merz. Dieser hat u.a. gegen das deutsche Grundgesetz versto\u00dfen \u2013 insbesondere gegen Art. 9, 25 und 26.<\/p>\n<p>Herr Merz, der vor seiner T\u00e4tigkeit als Bundeskanzler Aufsichtsratsvorsitzender des weltgr\u00f6\u00dften R\u00fcstungsinvestors BlackRock gewesen war, hat am 17. Juni 2025 am Rande des G-7-Gipfels in Kanada den v\u00f6lkerrechtswidrigen Angriffskrieg Israels auf den Iran mit den Worten \u201ebesch\u00f6nigt\u201c:<\/p>\n<blockquote><p>\u201eDas ist die Drecksarbeit, die Israel f\u00fcr uns alle macht.\u201c<\/p><\/blockquote>\n<p>Auch wenn der Ort seiner Aussage im Ausland liegt, was strafrechtlich keine unmittelbare Wirkung h\u00e4tte, ist sie vor allem auf die Wirkung in Deutschland ausgelegt. Wenn ein deutscher Regierungschef in seiner Vorbildfunktion meint, derart offen und \u00f6ffentlich gegen Art. 26 versto\u00dfen zu d\u00fcrfen, k\u00f6nnten sich k\u00fcnftig noch mehr Menschen in Deutschland ermutigt f\u00fchlen, Angriffskriege zu propagieren. Auch darum ist ihm rechtlich und publizistisch Einhalt zu gebieten.<\/p>\n<p>Wir fordern darum den Generalbundesanwalt und die Staatsanwaltschaft Berlin auf, strafrechtliche Schritte gegen den Bundeskanzler einzuleiten.<\/p>\n<p>Unter anderem begr\u00fcndet das Strafgesetzbuch in Paragraph 80 A das \u201eAufstacheln zu einem Angriffskrieg\u201c mit \u201egesteigerten, auf die Gef\u00fchle des Adressaten gem\u00fcnzten propagandistischen Anreizen\u201c. Das d\u00fcrfte \u2013 sowohl in Bezug auf die deutsche \u00d6ffentlichkeit als auch die leidende Bev\u00f6lkerung im Iran, im Libanon und in Gaza \u2013 insbesondere bei einem Bundeskanzler in hervorgehobener Wirkung \u2013 gesehen werden. Durch den Zusatz \u201ef\u00fcr uns alle\u201c bei der sogenannten \u201eDrecksarbeit\u201c ist der Versto\u00df auch in enger juristischer Auslegung gegeben.<\/p>\n<p>Zumal Herr Bundeskanzler Merz gegen \u201eden Gedanken der V\u00f6lkerverst\u00e4ndigung\u201c (Art. 9 Grundgesetz) und das \u201eFriedensgebot\u201c (Art. 20 Abs. 3 Grundgesetz) versto\u00dfen hat, wozu er durch Art. 25 gleichzeitig durch das Grundgesetz im Amtseid an das internationale V\u00f6lkerrecht gebunden ist.<\/p>\n<p>Der Bundeskanzler beruft sich nun aktuell auf den israelischen Regierungschef Netanjahu, der behauptet, eine iranische Atombombe an der Entstehung aktuell behindert zu haben. Was US-Geheimdienste bestreiten. Hierzu ist anzuf\u00fcgen, dass Netanjahu seit 2002, also seit 23 Jahren, \u00f6ffentlich von einer kurz vor der Fertigstellung stehenden iranischen Atombombe schwadroniert.<\/p>\n<p>Die Belobigung des israelischen Angriffskriegs als \u201eDrecksarbeit f\u00fcr uns alle\u201c steht dazu und zur UN-Charta in eklatantem Widerspruch.<\/p>\n<p>Dort steht in Artikel 2.3: \u201eAlle Mitglieder legen ihre internationalen Streitigkeiten durch friedliche Mittel \u2026 bei\u201c.<\/p>\n<p>Art. 2.4 der UN-Charta schreibt noch klarer:<\/p>\n<blockquote><p>\u201eAlle Mitglieder unterlassen in ihren internationalen Beziehungen jede gegen die territoriale Unversehrtheit oder die politische Unabh\u00e4ngigkeit eines Staates gerichtete oder sonst mit den Zielen der Vereinten Nationen unvereinbare Androhung oder Anwendung von Gewalt.\u201c<\/p><\/blockquote>\n<p>Die Belobigung von Gr\u00e4ueltaten der israelischen Luftwaffe durch den Bundeskanzler steht also nicht nur im Gegensatz zu nationalem und internationalem Recht, sondern geschah auch unter Verwendung von Nazivokabular. Anfang 1942 hatte SS-Obersturmf\u00fchrer August H\u00e4fner die Massen-Erschie\u00dfung von 34.000 j\u00fcdischen Menschen innerhalb von 48 Stunden in Babi Jar mit eben derselben zynischen Wortwahl \u201eals Drecksarbeit\u201c gerechtfertigt.<\/p>\n<p><strong>Erstunterzeichende:<\/strong><\/p>\n<p>Dieter Hallervorden (Schauspieler)<br \/>\nAlbrecht M\u00fcller (Herausgeber NachDenkSeiten und fr\u00fcherer Koordinator im Kanzleramt)<br \/>\nJens Berger (Chefredakteur NachDenkSeiten)<br \/>\nUwe Steimle (Kabarettist)<br \/>\nDr. Diether Dehm (Musiker, Publizist weltnetz.tv)<br \/>\nAnette Sorg (NachDenkSeiten)<br \/>\nKlaus Dieter B\u00f6hm (Unternehmer)<br \/>\nDr. Matthias Oehme (Verleger; Eulenspiegelgruppe)<br \/>\nAlexa Rodrian (S\u00e4ngerin)<br \/>\nSebastian Bahlo (Vorsitzender Freidenkerverband)<br \/>\nLukas Zeise (Publizist)<br \/>\nDr. Jenny Farrell (Literaturwissenschaftlerin)<br \/>\nJens Fischer Rodrian (Musiker)<br \/>\nProf. Dr. Uli Barnickel (Bildhauer)<br \/>\nProf. Dr. S\u00f6nke Hundt (Weltnetz.tv)<br \/>\nDr. Sabine Kebir (Publizistin)<br \/>\nMarion Schneider (Unternehmerin)<br \/>\nPatrik Baab (Journalist und Autor)<br \/>\nAndrej Hunko (ehemaliges MdB, BSW)<br \/>\nMichael von der Schulenburg (MdEP f\u00fcr das BSW)<\/p>\n<p>Quelle: <a href=\"https:\/\/www.nachdenkseiten.de\/?p=134789\">https:\/\/www.nachdenkseiten.de\/?p=134789<\/a><\/p>\n<div class=\"twoclick_social_bookmarks_post_10721 social_share_privacy clearfix 1.6.4 locale-de_DE sprite-de_DE\"><\/div><div class=\"twoclick-js\"><script type=\"text\/javascript\">\/* <![CDATA[ *\/\njQuery(document).ready(function($){if($('.twoclick_social_bookmarks_post_10721')){$('.twoclick_social_bookmarks_post_10721').socialSharePrivacy({\"services\":{\"facebook\":{\"status\":\"on\",\"txt_info\":\"2 Klicks f\\u00fcr mehr Datenschutz: Erst wenn Sie hier klicken, wird der Button aktiv und Sie k\\u00f6nnen Ihre Empfehlung an Facebook senden. Schon beim Aktivieren werden Daten an Dritte \\u00fcbertragen - siehe <em>i<\\\/em>.\",\"perma_option\":\"off\",\"action\":\"like\",\"language\":\"de_DE\"},\"twitter\":{\"reply_to\":\"\",\"tweet_text\":\"%20Strafanzeige%20gegen%20den%20deutschen%20Bundeskanzler%20Friedrich%20Merz.%20%C2%BB%20St%C3%A4ndige%20...\",\"status\":\"on\",\"txt_info\":\"2 Klicks f\\u00fcr mehr Datenschutz: Erst wenn Sie hier klicken, wird der Button aktiv und Sie k\\u00f6nnen Ihre Empfehlung an Twitter senden. Schon beim Aktivieren werden Daten an Dritte \\u00fcbertragen - siehe <em>i<\\\/em>.\",\"perma_option\":\"off\",\"language\":\"de\",\"referrer_track\":\"\"}},\"txt_help\":\"Wenn Sie diese Felder durch einen Klick aktivieren, werden Informationen an Facebook, Twitter, Flattr, Xing, t3n, LinkedIn, Pinterest oder Google eventuell ins Ausland \\u00fcbertragen und unter Umst\\u00e4nden auch dort gespeichert. N\\u00e4heres erfahren Sie durch einen Klick auf das <em>i<\\\/em>.\",\"settings_perma\":\"Dauerhaft aktivieren und Daten\\u00fcber-tragung zustimmen:\",\"info_link\":\"http:\\\/\\\/www.heise.de\\\/ct\\\/artikel\\\/2-Klicks-fuer-mehr-Datenschutz-1333879.html\",\"uri\":\"https:\\\/\\\/publikumskonferenz.de\\\/blog\\\/news\\\/strafanzeige-gegen-den-deutschen-bundeskanzler-friedrich-merz\\\/\",\"post_id\":10721,\"post_title_referrer_track\":\"Strafanzeige+gegen+den+deutschen+Bundeskanzler+Friedrich+Merz.\",\"display_infobox\":\"on\"});}});\n\/* ]]> *\/<\/script><\/div>","protected":false},"excerpt":{"rendered":"<p>Hiermit erstatten wir Unterzeichnenden Strafanzeige gegen den deutschen Bundeskanzler Friedrich Merz. Dieser hat u.a. gegen das deutsche Grundgesetz versto\u00dfen \u2013 insbesondere gegen Art. 9, 25 und 26. Herr Merz, der vor seiner T\u00e4tigkeit als Bundeskanzler Aufsichtsratsvorsitzender des weltgr\u00f6\u00dften R\u00fcstungsinvestors BlackRock &hellip;<\/p>\n<p class=\"read-more\"> <a class=\"more-link\" href=\"https:\/\/publikumskonferenz.de\/blog\/news\/strafanzeige-gegen-den-deutschen-bundeskanzler-friedrich-merz\/\"> <span class=\"screen-reader-text\">Strafanzeige gegen den deutschen Bundeskanzler Friedrich Merz.<\/span> Weiterlesen &raquo;<\/a><\/p>\n","protected":false},"author":2,"featured_media":0,"comment_status":"closed","ping_status":"closed","template":"","categories":[1],"newstags":[],"class_list":["post-10721","news","type-news","status-publish","hentry","category-news"],"_links":{"self":[{"href":"https:\/\/publikumskonferenz.de\/blog\/wp-json\/wp\/v2\/news\/10721","targetHints":{"allow":["GET"]}}],"collection":[{"href":"https:\/\/publikumskonferenz.de\/blog\/wp-json\/wp\/v2\/news"}],"about":[{"href":"https:\/\/publikumskonferenz.de\/blog\/wp-json\/wp\/v2\/types\/news"}],"author":[{"embeddable":true,"href":"https:\/\/publikumskonferenz.de\/blog\/wp-json\/wp\/v2\/users\/2"}],"replies":[{"embeddable":true,"href":"https:\/\/publikumskonferenz.de\/blog\/wp-json\/wp\/v2\/comments?post=10721"}],"wp:attachment":[{"href":"https:\/\/publikumskonferenz.de\/blog\/wp-json\/wp\/v2\/media?parent=10721"}],"wp:term":[{"taxonomy":"category","embeddable":true,"href":"https:\/\/publikumskonferenz.de\/blog\/wp-json\/wp\/v2\/categories?post=10721"},{"taxonomy":"newstags","embeddable":true,"href":"https:\/\/publikumskonferenz.de\/blog\/wp-json\/wp\/v2\/newstags?post=10721"}],"curies":[{"name":"wp","href":"https:\/\/api.w.org\/{rel}","templated":true}]}}