{"id":10725,"date":"2025-06-25T07:01:06","date_gmt":"2025-06-25T06:01:06","guid":{"rendered":"https:\/\/publikumskonferenz.de\/blog\/?post_type=news&#038;p=10725"},"modified":"2025-06-25T07:02:38","modified_gmt":"2025-06-25T06:02:38","slug":"nanny-journalismus-ard-startet-senderuebergreifendes-faktencheck-netzwerk","status":"publish","type":"news","link":"https:\/\/publikumskonferenz.de\/blog\/news\/nanny-journalismus-ard-startet-senderuebergreifendes-faktencheck-netzwerk\/","title":{"rendered":"Nanny-Journalismus &#8211; ARD startet sender\u00fcbergreifendes Faktencheck-Netzwerk"},"content":{"rendered":"<p>Die ARD erweitert ihre Kapazit\u00e4ten gegen Desinformation: Unter der Federf\u00fchrung des Norddeutschen Rundfunks (NDR) nimmt ein neues, sender\u00fcbergreifendes Faktencheck-Netzwerk seine Arbeit auf. Das Netzwerk vereint Redaktionen von &#8222;tagesschau&#8220;, aus den ARD-Landesrundfunkanstalten, Deutsche Welle sowie Deutschlandradio. Daf\u00fcr wurden Factchecking-Teams der Sender personell verst\u00e4rkt und mehr Zusammenarbeit unter den Sendern vereinbart. Ziel ist es, Kompetenzen zu b\u00fcndeln, Ressourcen gezielt einzusetzen und gemeinsame Standards f\u00fcr faktenbasierte Recherchen zu etablieren.<\/p>\n<p>&#8222;Mit dem neuen Netzwerk setzen wir ein klares Zeichen f\u00fcr journalistische Verl\u00e4sslichkeit &#8211; und f\u00fcr den \u00f6ffentlich-rechtlichen Rundfunk als vertrauensw\u00fcrdige Quelle in digitalen Zeiten,&#8220; sagt Frank Beckmann, Programmdirektor des NDR und Leiter der AG Faktencheck im Auftrag der ARD. &#8222;Mit diesem Schritt unterstreichen die \u00f6ffentlich-rechtlichen Sendeanstalten ihren Anspruch, journalistische Qualit\u00e4t zu sichern, Orientierung zu bieten &#8211; und so zum gesellschaftlichen Zusammenhalt beizutragen.&#8220;<\/p>\n<p>Vorgesehen ist u.a. bei besonderen Programmereignissen wie Wahlen sender\u00fcbergreifende Factchecking-Teams zur Verf\u00fcgung zu stellen. Dabei sollen auch moderne technische L\u00f6sungen zum Einsatz kommen, um Falschinformationen und KI-generierte Fake-Inhalte schneller zu erkennen, zu \u00fcberpr\u00fcft und zu widerlegen &#8211; insbesondere auf Social-Media-Plattformen. Das neue Faktencheck-Netzwerk soll zudem die Sichtbarkeit gepr\u00fcfter Inhalte erh\u00f6hen.<\/p>\n<p>Anlass f\u00fcr die neue Struktur war unter anderem die Ank\u00fcndigung von Meta-CEO Mark Zuckerberg, die Zusammenarbeit mit unabh\u00e4ngigen Faktenpr\u00fcfern in den USA zu beenden.<\/p>\n<p><a href=\"https:\/\/www.presseportal.de\/pm\/29876\/6061678\">https:\/\/www.presseportal.de\/pm\/29876\/6061678<\/a><\/p>\n<p><em><strong>Hinweis\u00a0 I:<\/strong> So vertritt der Medienrechts-Experte Matthias Cornils die Ansicht, dass Desinformation nach dem aktuellen Stand sozialwissenschaftlicher Forschung kaum messbare Auswirkungen habe. Man d\u00fcrfe die menschliche Reflexionsf\u00e4higkeit nicht untersch\u00e4tzen und Fakes keine allzu gro\u00dfe Bedeutung beimessen, warnt Cornils.<\/em><\/p>\n<p><a href=\"https:\/\/medien-meinungen.de\/2025\/06\/fact-checking-in-the-eu-teil-1\/\"><em>https:\/\/medien-meinungen.de\/2025\/06\/fact-checking-in-the-eu-teil-1\/<\/em><\/a><\/p>\n<p><em><strong>Hinweis\u00a0 II:<\/strong> Vertrauensw\u00fcrdige Medien geben Desinformationsnarrativen erst ihre Aufmerksamkeit<\/em><\/p>\n<p><em>In der Gesamtbetrachtung machen nicht-vertrauensw\u00fcrdige Medien (gemessen nach NewsGuard-Score) lediglich einen Anteil von 0,39 Prozent der Gesamtreichweite der Desinformationsnarrative aus. Insgesamt 90 Prozent der Reichweite wird hingegen durch Beitr\u00e4ge in vertrauensw\u00fcrdigen Medien erzielt. \u2026. Die sozialen und nicht-vertrauensw\u00fcrdigen Medien generieren Narrativideen und referenzieren sich gegenseitig. Einige davon werden von Lesern aufgegriffen und weiter verbreitet. Die somit erlangte Popularit\u00e4t f\u00fchrt dazu, dass vertrauensw\u00fcrdige Medien diese Narrative aufgreifen und durch Faktenchecks widerlegen und \u00fcber Hintergr\u00fcnde aufkl\u00e4ren, damit aber auch f\u00fcr rund 90 Prozent der Gesamtreichweite sorgen. Dies zeigt ein Dilemma der vertrauensw\u00fcrdigen Medien \u2013 wenn sie die Narrative aufgreifen und richtigstellen, sorgen sie gleichzeitig f\u00fcr eine enorme Verbreitung. Wenn sie diese jedoch ignorieren, fehlt die n\u00f6tige Aufkl\u00e4rung.<\/em><\/p>\n<p><a href=\"https:\/\/www.pressrelations.com\/de\/medienanalyse\/desinformation\">https:\/\/www.pressrelations.com\/de\/medienanalyse\/desinformation<\/a><\/p>\n<div class=\"twoclick_social_bookmarks_post_10725 social_share_privacy clearfix 1.6.4 locale-de_DE sprite-de_DE\"><\/div><div class=\"twoclick-js\"><script type=\"text\/javascript\">\/* <![CDATA[ *\/\njQuery(document).ready(function($){if($('.twoclick_social_bookmarks_post_10725')){$('.twoclick_social_bookmarks_post_10725').socialSharePrivacy({\"services\":{\"facebook\":{\"status\":\"on\",\"txt_info\":\"2 Klicks f\\u00fcr mehr Datenschutz: Erst wenn Sie hier klicken, wird der Button aktiv und Sie k\\u00f6nnen Ihre Empfehlung an Facebook senden. Schon beim Aktivieren werden Daten an Dritte \\u00fcbertragen - siehe <em>i<\\\/em>.\",\"perma_option\":\"off\",\"action\":\"like\",\"language\":\"de_DE\"},\"twitter\":{\"reply_to\":\"\",\"tweet_text\":\"%20Nanny-Journalismus%20%E2%80%93%20ARD%20startet%20sender%C3%BCbergreifendes%20Faktencheck-Netzwerk%20%C2%BB%20...\",\"status\":\"on\",\"txt_info\":\"2 Klicks f\\u00fcr mehr Datenschutz: Erst wenn Sie hier klicken, wird der Button aktiv und Sie k\\u00f6nnen Ihre Empfehlung an Twitter senden. Schon beim Aktivieren werden Daten an Dritte \\u00fcbertragen - siehe <em>i<\\\/em>.\",\"perma_option\":\"off\",\"language\":\"de\",\"referrer_track\":\"\"}},\"txt_help\":\"Wenn Sie diese Felder durch einen Klick aktivieren, werden Informationen an Facebook, Twitter, Flattr, Xing, t3n, LinkedIn, Pinterest oder Google eventuell ins Ausland \\u00fcbertragen und unter Umst\\u00e4nden auch dort gespeichert. N\\u00e4heres erfahren Sie durch einen Klick auf das <em>i<\\\/em>.\",\"settings_perma\":\"Dauerhaft aktivieren und Daten\\u00fcber-tragung zustimmen:\",\"info_link\":\"http:\\\/\\\/www.heise.de\\\/ct\\\/artikel\\\/2-Klicks-fuer-mehr-Datenschutz-1333879.html\",\"uri\":\"https:\\\/\\\/publikumskonferenz.de\\\/blog\\\/news\\\/nanny-journalismus-ard-startet-senderuebergreifendes-faktencheck-netzwerk\\\/\",\"post_id\":10725,\"post_title_referrer_track\":\"Nanny-Journalismus+%26%238211%3B+ARD+startet+sender%C3%BCbergreifendes+Faktencheck-Netzwerk\",\"display_infobox\":\"on\"});}});\n\/* ]]> *\/<\/script><\/div>","protected":false},"excerpt":{"rendered":"<p>Die ARD erweitert ihre Kapazit\u00e4ten gegen Desinformation: Unter der Federf\u00fchrung des Norddeutschen Rundfunks (NDR) nimmt ein neues, sender\u00fcbergreifendes Faktencheck-Netzwerk seine Arbeit auf. Das Netzwerk vereint Redaktionen von &#8222;tagesschau&#8220;, aus den ARD-Landesrundfunkanstalten, Deutsche Welle sowie Deutschlandradio. Daf\u00fcr wurden Factchecking-Teams der Sender &hellip;<\/p>\n<p class=\"read-more\"> <a class=\"more-link\" href=\"https:\/\/publikumskonferenz.de\/blog\/news\/nanny-journalismus-ard-startet-senderuebergreifendes-faktencheck-netzwerk\/\"> <span class=\"screen-reader-text\">Nanny-Journalismus &#8211; ARD startet sender\u00fcbergreifendes Faktencheck-Netzwerk<\/span> Weiterlesen &raquo;<\/a><\/p>\n","protected":false},"author":2,"featured_media":0,"comment_status":"closed","ping_status":"closed","template":"","categories":[],"newstags":[],"class_list":["post-10725","news","type-news","status-publish","hentry"],"_links":{"self":[{"href":"https:\/\/publikumskonferenz.de\/blog\/wp-json\/wp\/v2\/news\/10725","targetHints":{"allow":["GET"]}}],"collection":[{"href":"https:\/\/publikumskonferenz.de\/blog\/wp-json\/wp\/v2\/news"}],"about":[{"href":"https:\/\/publikumskonferenz.de\/blog\/wp-json\/wp\/v2\/types\/news"}],"author":[{"embeddable":true,"href":"https:\/\/publikumskonferenz.de\/blog\/wp-json\/wp\/v2\/users\/2"}],"replies":[{"embeddable":true,"href":"https:\/\/publikumskonferenz.de\/blog\/wp-json\/wp\/v2\/comments?post=10725"}],"wp:attachment":[{"href":"https:\/\/publikumskonferenz.de\/blog\/wp-json\/wp\/v2\/media?parent=10725"}],"wp:term":[{"taxonomy":"category","embeddable":true,"href":"https:\/\/publikumskonferenz.de\/blog\/wp-json\/wp\/v2\/categories?post=10725"},{"taxonomy":"newstags","embeddable":true,"href":"https:\/\/publikumskonferenz.de\/blog\/wp-json\/wp\/v2\/newstags?post=10725"}],"curies":[{"name":"wp","href":"https:\/\/api.w.org\/{rel}","templated":true}]}}