{"id":10955,"date":"2025-09-21T05:44:19","date_gmt":"2025-09-21T04:44:19","guid":{"rendered":"https:\/\/publikumskonferenz.de\/blog\/?post_type=news&#038;p=10955"},"modified":"2025-09-20T09:59:02","modified_gmt":"2025-09-20T08:59:02","slug":"flachjournalismus-fuer-faktenchecks-hatte-die-ard-bisher-keine-gemeinsamen-standards-fuer-faktenchecks","status":"publish","type":"news","link":"https:\/\/publikumskonferenz.de\/blog\/news\/flachjournalismus-fuer-faktenchecks-hatte-die-ard-bisher-keine-gemeinsamen-standards-fuer-faktenchecks\/","title":{"rendered":"Flachjournalismus f\u00fcr Faktenchecks &#8211; Hatte die ARD bisher keine gemeinsamen Standards f\u00fcr Faktenchecks?"},"content":{"rendered":"<p>Die \u00f6ffentlich-rechtlichen Rundfunkanstalten wollen den Faktencheck ausbauen, werden aber der t\u00e4glichen Desinformation in ARD und ZDF nicht Herr. Geht es um Fakten oder um Meinung? [\u2026] Im \u00f6ffentlich-rechtlichen Bereich gibt es aber nicht nur den Faktenfinder von \u201eARD-aktuell\u201c. Da tummeln sich auch noch die Faktenf\u00fcchse des Bayerischen Rundfunks, der Faktencheck des SWR, die \u201eFakeChecker\u201c des umstrittenen Content-Netzwerks Funk und die Maischberger-Faktenchecker. [\u2026]<\/p>\n<p>Am 24. Juni 2025 gab die ARD-Pressestelle bekannt, dass ein neues, sender\u00fcbergreifendes Faktencheck-Netzwerk unter Federf\u00fchrung des Norddeutschen Rundfunks seine Arbeit aufnehmen werde.<\/p>\n<p>Leiter der \u201eAG Faktencheck\u201c ist der Programmdirektor NDR-Fernsehen, Frank Beckmann. Er kann auf eine etwas unr\u00fchmliche Vergangenheit beim Kinderkanal in Erfurt zur\u00fcckblicken. In der Rundfunkratssitzung am 27. Juni 2025 schilderte er als wichtige Aufgabe: \u201eBegriffskl\u00e4rung: Also, was ist genau ein Faktencheck?\u201c. Und die ARD-Hierarchien betonten in einer Pressemitteilung, Ziel des neuen Faktencheck-Netzwerks sei, \u201egemeinsame Standards f\u00fcr faktenbasierte Recherchen zu etablieren\u201c. [\u2026]<\/p>\n<p><strong>Bisher hatte die ARD also keine gemeinsamen Standards f\u00fcr die faktenbasierte Recherche?<\/strong><\/p>\n<p>So h\u00e4tten sie etwa durch einfachste Recherchen verhindern k\u00f6nnen, dass sich die \u201eTagesschau\u201c am 1. September 2025 massiv blamierte. Die Nachrichtenredaktion hatte n\u00e4mlich berichtet, dass der Jet von EU-Kommissionspr\u00e4sidentin Ursula von der Leyen auf dem Weg nach Bulgarien Ziel einer GPS-Attacke geworden sei. Deshalb sei der Flieger eine Stunde l\u00e4nger als geplant in der Luft geblieben. Der Pilot habe \u201emithilfe analoger Karten\u201c landen m\u00fcssen. Bulgarien vermute eine Attacke Russlands dahinter.<\/p>\n<p>Die Geschichte stimmt so nicht. Die Flugzeitversp\u00e4tung betrug knapp zehn Minuten. Eine nachhaltige GPS-St\u00f6rung wurde nicht verifiziert. Der Dienst Flightradar24 legte eine Auswertung vor, der zufolge das GPS-Signal im \u00fcblichen Ma\u00dfe empfangen worden sei.<\/p>\n<p>Ob es Aussetzer bei der Anzeige im Cockpit gab, konnte bisher nicht gekl\u00e4rt werden. Der Pilot musste auch nicht nach analogen Karten landen. In Europa gibt es daf\u00fcr Landeanflugsysteme. Und auch w\u00e4hrend des Fluges weisen Funkfeuer am Boden den Flugzeugen sicher den Weg.<\/p>\n<p><a href=\"https:\/\/www.berliner-zeitung.de\/kultur-vergnuegen\/tv-medien\/akkuratesse-im-oerr-von-der-leyen-die-gps-attacke-und-andere-falsche-fakten-li.2356946\">https:\/\/web.archive.org\/web\/20250000000000*\/https:\/\/www.berliner-zeitung.de\/kultur-vergnuegen\/tv-medien\/akkuratesse-im-oerr-von-der-leyen-die-gps-attacke-und-andere-falsche-fakten-li.2356946<\/a><\/p>\n<div class=\"twoclick_social_bookmarks_post_10955 social_share_privacy clearfix 1.6.4 locale-de_DE sprite-de_DE\"><\/div><div class=\"twoclick-js\"><script type=\"text\/javascript\">\/* <![CDATA[ *\/\njQuery(document).ready(function($){if($('.twoclick_social_bookmarks_post_10955')){$('.twoclick_social_bookmarks_post_10955').socialSharePrivacy({\"services\":{\"facebook\":{\"status\":\"on\",\"txt_info\":\"2 Klicks f\\u00fcr mehr Datenschutz: Erst wenn Sie hier klicken, wird der Button aktiv und Sie k\\u00f6nnen Ihre Empfehlung an Facebook senden. Schon beim Aktivieren werden Daten an Dritte \\u00fcbertragen - siehe <em>i<\\\/em>.\",\"perma_option\":\"off\",\"action\":\"like\",\"language\":\"de_DE\"},\"twitter\":{\"reply_to\":\"\",\"tweet_text\":\"%20Flachjournalismus%20f%C3%BCr%20Faktenchecks%20%E2%80%93%20Hatte%20die%20ARD%20bisher%20keine%20gemeinsamen%20...\",\"status\":\"on\",\"txt_info\":\"2 Klicks f\\u00fcr mehr Datenschutz: Erst wenn Sie hier klicken, wird der Button aktiv und Sie k\\u00f6nnen Ihre Empfehlung an Twitter senden. Schon beim Aktivieren werden Daten an Dritte \\u00fcbertragen - siehe <em>i<\\\/em>.\",\"perma_option\":\"off\",\"language\":\"de\",\"referrer_track\":\"\"}},\"txt_help\":\"Wenn Sie diese Felder durch einen Klick aktivieren, werden Informationen an Facebook, Twitter, Flattr, Xing, t3n, LinkedIn, Pinterest oder Google eventuell ins Ausland \\u00fcbertragen und unter Umst\\u00e4nden auch dort gespeichert. N\\u00e4heres erfahren Sie durch einen Klick auf das <em>i<\\\/em>.\",\"settings_perma\":\"Dauerhaft aktivieren und Daten\\u00fcber-tragung zustimmen:\",\"info_link\":\"http:\\\/\\\/www.heise.de\\\/ct\\\/artikel\\\/2-Klicks-fuer-mehr-Datenschutz-1333879.html\",\"uri\":\"https:\\\/\\\/publikumskonferenz.de\\\/blog\\\/news\\\/flachjournalismus-fuer-faktenchecks-hatte-die-ard-bisher-keine-gemeinsamen-standards-fuer-faktenchecks\\\/\",\"post_id\":10955,\"post_title_referrer_track\":\"Flachjournalismus+f%C3%BCr+Faktenchecks+%26%238211%3B+Hatte+die+ARD+bisher+keine+gemeinsamen+Standards+f%C3%BCr+Faktenchecks%3F\",\"display_infobox\":\"on\"});}});\n\/* ]]> *\/<\/script><\/div>","protected":false},"excerpt":{"rendered":"<p>Die \u00f6ffentlich-rechtlichen Rundfunkanstalten wollen den Faktencheck ausbauen, werden aber der t\u00e4glichen Desinformation in ARD und ZDF nicht Herr. Geht es um Fakten oder um Meinung? [\u2026] Im \u00f6ffentlich-rechtlichen Bereich gibt es aber nicht nur den Faktenfinder von \u201eARD-aktuell\u201c. Da tummeln &hellip;<\/p>\n<p class=\"read-more\"> <a class=\"more-link\" href=\"https:\/\/publikumskonferenz.de\/blog\/news\/flachjournalismus-fuer-faktenchecks-hatte-die-ard-bisher-keine-gemeinsamen-standards-fuer-faktenchecks\/\"> <span class=\"screen-reader-text\">Flachjournalismus f\u00fcr Faktenchecks &#8211; Hatte die ARD bisher keine gemeinsamen Standards f\u00fcr Faktenchecks?<\/span> Weiterlesen &raquo;<\/a><\/p>\n","protected":false},"author":2,"featured_media":0,"comment_status":"closed","ping_status":"closed","template":"","categories":[1],"newstags":[],"class_list":["post-10955","news","type-news","status-publish","hentry","category-news"],"_links":{"self":[{"href":"https:\/\/publikumskonferenz.de\/blog\/wp-json\/wp\/v2\/news\/10955","targetHints":{"allow":["GET"]}}],"collection":[{"href":"https:\/\/publikumskonferenz.de\/blog\/wp-json\/wp\/v2\/news"}],"about":[{"href":"https:\/\/publikumskonferenz.de\/blog\/wp-json\/wp\/v2\/types\/news"}],"author":[{"embeddable":true,"href":"https:\/\/publikumskonferenz.de\/blog\/wp-json\/wp\/v2\/users\/2"}],"replies":[{"embeddable":true,"href":"https:\/\/publikumskonferenz.de\/blog\/wp-json\/wp\/v2\/comments?post=10955"}],"wp:attachment":[{"href":"https:\/\/publikumskonferenz.de\/blog\/wp-json\/wp\/v2\/media?parent=10955"}],"wp:term":[{"taxonomy":"category","embeddable":true,"href":"https:\/\/publikumskonferenz.de\/blog\/wp-json\/wp\/v2\/categories?post=10955"},{"taxonomy":"newstags","embeddable":true,"href":"https:\/\/publikumskonferenz.de\/blog\/wp-json\/wp\/v2\/newstags?post=10955"}],"curies":[{"name":"wp","href":"https:\/\/api.w.org\/{rel}","templated":true}]}}