{"id":10957,"date":"2025-09-20T13:42:29","date_gmt":"2025-09-20T12:42:29","guid":{"rendered":"https:\/\/publikumskonferenz.de\/blog\/?post_type=news&#038;p=10957"},"modified":"2025-09-20T14:23:41","modified_gmt":"2025-09-20T13:23:41","slug":"zdf-fernsehrat-will-verfahren-zu-programmbeschwerden-veraendern","status":"publish","type":"news","link":"https:\/\/publikumskonferenz.de\/blog\/news\/zdf-fernsehrat-will-verfahren-zu-programmbeschwerden-veraendern\/","title":{"rendered":"ZDF-Fernsehrat will Verfahren zu Programmbeschwerden ver\u00e4ndern."},"content":{"rendered":"<p>Der ZDF-Fernsehrat ber\u00e4t \u00c4nderungen beim Einreichen von Programmbeschwerden, best\u00e4tigt das ZDF-Gremienb\u00fcro auf epd-Nachfrage. Ein Grund sei die wachsende Zahl der Eingaben, die 2024 um 86 % auf 2.597 angestiegen sind. Der epd h\u00f6rt, dass u.a. beraten wird, bei \u00e4hnlichen Beschwerden k\u00fcnftig eine Leitbeschwerde festzulegen sowie die zust\u00e4ndigen Aussch\u00fcsse des Fernsehrats zu erm\u00e4chtigen, bei Einstimmigkeit selbst Programmbeschwerden abzuweisen. Ein Ausschuss berate derzeit die \u00c4nderungsvorschl\u00e4ge.<\/p>\n<p><a href=\"https:\/\/www.turi2.de\/aktuell\/zdf-fernsehrat-will-verfahren-zu-programmbeschwerden-veraendern\/\">https:\/\/www.turi2.de\/aktuell\/zdf-fernsehrat-will-verfahren-zu-programmbeschwerden-veraendern\/<\/a><\/p>\n<p>Laut dem ZDF-Gremienb\u00fcro erhielt der Fernsehrat 2024 insgesamt 2.597 Eingaben. Im Jahr zuvor waren es 1.396 Eingaben gewesen &#8211; ein Anstieg von 86 Prozent. 2024 gab es insgesamt 99 Programmbeschwerden, \u00fcber 37 davon entschied der Fernsehrat. Im Jahr 2023 waren es 82 Beschwerden, von denen 24 vom Fernsehrat behandelt wurden. Die Anzahl der Programmbeschwerden stieg 2024 somit gegen\u00fcber dem Vorjahr um rund ein F\u00fcnftel an. Der Fernsehrat befasste sich mit 54 Prozent mehr Beschwerden als 2023.<\/p>\n<p>Zu den nun diskutierten \u00c4nderungen in der Beschwerdeordnung geh\u00f6rt nach epd-Informationen au\u00dferdem noch ein weiterer Aspekt. Dabei geht es darum, ob darin k\u00fcnftig festgelegt werden soll, dass eine Programmbeschwerde nicht dazu genutzt werden darf, um etwas anderes zu erreichen als die Pr\u00fcfung, ob das ZDF Programmgrunds\u00e4tze verletzt hat.<\/p>\n<p>Dass Beschwerdef\u00fchrer Vor- und Nachname, Anschrift und E-Mail-Adresse anzugeben haben, soll ebenso festgelegt werden. Dar\u00fcber hinaus soll in die Beschwerdeordnung noch aufgenommen werden, dass Programmbeschwerden keinen beleidigenden, erpresserischen oder n\u00f6tigenden Charakter haben d\u00fcrfen. Sie m\u00fcssen respektvoll und angemessen formuliert sein. [..]<\/p>\n<p>Die Beschwerdeordnung ist in der ZDF-Satzung aufgef\u00fchrt, dort in Paragraf 21. Da der Fernsehrat somit die Satzung \u00e4ndern will, muss hierzu laut dem ZDF-Staatsvertrag auch noch der Verwaltungsrat geh\u00f6rt werden. Voraussichtlich werde der Fernsehrat in seiner Dezember-Sitzung die neue Beschwerdeordnung in der ZDF-Satzung beschlie\u00dfen, erkl\u00e4rte das Gremienb\u00fcro.<\/p>\n<p><a href=\"https:\/\/medien.epd.de\/article\/3634\">https:\/\/medien.epd.de\/article\/3634<\/a><\/p>\n<p><a href=\"https:\/\/publikumskonferenz.de\/blog\/wp-content\/uploads\/2025\/09\/beschwerdebericht-106-1.pdf\">beschwerdebericht-106-1<\/a><\/p>\n<div class=\"twoclick_social_bookmarks_post_10957 social_share_privacy clearfix 1.6.4 locale-de_DE sprite-de_DE\"><\/div><div class=\"twoclick-js\"><script type=\"text\/javascript\">\/* <![CDATA[ *\/\njQuery(document).ready(function($){if($('.twoclick_social_bookmarks_post_10957')){$('.twoclick_social_bookmarks_post_10957').socialSharePrivacy({\"services\":{\"facebook\":{\"status\":\"on\",\"txt_info\":\"2 Klicks f\\u00fcr mehr Datenschutz: Erst wenn Sie hier klicken, wird der Button aktiv und Sie k\\u00f6nnen Ihre Empfehlung an Facebook senden. Schon beim Aktivieren werden Daten an Dritte \\u00fcbertragen - siehe <em>i<\\\/em>.\",\"perma_option\":\"off\",\"action\":\"like\",\"language\":\"de_DE\"},\"twitter\":{\"reply_to\":\"\",\"tweet_text\":\"%20ZDF-Fernsehrat%20will%20Verfahren%20zu%20Programmbeschwerden%20ver%C3%A4ndern.%20%C2%BB%20St%C3%A4ndige%20...\",\"status\":\"on\",\"txt_info\":\"2 Klicks f\\u00fcr mehr Datenschutz: Erst wenn Sie hier klicken, wird der Button aktiv und Sie k\\u00f6nnen Ihre Empfehlung an Twitter senden. Schon beim Aktivieren werden Daten an Dritte \\u00fcbertragen - siehe <em>i<\\\/em>.\",\"perma_option\":\"off\",\"language\":\"de\",\"referrer_track\":\"\"}},\"txt_help\":\"Wenn Sie diese Felder durch einen Klick aktivieren, werden Informationen an Facebook, Twitter, Flattr, Xing, t3n, LinkedIn, Pinterest oder Google eventuell ins Ausland \\u00fcbertragen und unter Umst\\u00e4nden auch dort gespeichert. N\\u00e4heres erfahren Sie durch einen Klick auf das <em>i<\\\/em>.\",\"settings_perma\":\"Dauerhaft aktivieren und Daten\\u00fcber-tragung zustimmen:\",\"info_link\":\"http:\\\/\\\/www.heise.de\\\/ct\\\/artikel\\\/2-Klicks-fuer-mehr-Datenschutz-1333879.html\",\"uri\":\"https:\\\/\\\/publikumskonferenz.de\\\/blog\\\/news\\\/zdf-fernsehrat-will-verfahren-zu-programmbeschwerden-veraendern\\\/\",\"post_id\":10957,\"post_title_referrer_track\":\"ZDF-Fernsehrat+will+Verfahren+zu+Programmbeschwerden+ver%C3%A4ndern.\",\"display_infobox\":\"on\"});}});\n\/* ]]> *\/<\/script><\/div>","protected":false},"excerpt":{"rendered":"<p>Der ZDF-Fernsehrat ber\u00e4t \u00c4nderungen beim Einreichen von Programmbeschwerden, best\u00e4tigt das ZDF-Gremienb\u00fcro auf epd-Nachfrage. Ein Grund sei die wachsende Zahl der Eingaben, die 2024 um 86 % auf 2.597 angestiegen sind. Der epd h\u00f6rt, dass u.a. beraten wird, bei \u00e4hnlichen Beschwerden &hellip;<\/p>\n<p class=\"read-more\"> <a class=\"more-link\" href=\"https:\/\/publikumskonferenz.de\/blog\/news\/zdf-fernsehrat-will-verfahren-zu-programmbeschwerden-veraendern\/\"> <span class=\"screen-reader-text\">ZDF-Fernsehrat will Verfahren zu Programmbeschwerden ver\u00e4ndern.<\/span> Weiterlesen &raquo;<\/a><\/p>\n","protected":false},"author":2,"featured_media":0,"comment_status":"closed","ping_status":"closed","template":"","categories":[],"newstags":[],"class_list":["post-10957","news","type-news","status-publish","hentry"],"_links":{"self":[{"href":"https:\/\/publikumskonferenz.de\/blog\/wp-json\/wp\/v2\/news\/10957","targetHints":{"allow":["GET"]}}],"collection":[{"href":"https:\/\/publikumskonferenz.de\/blog\/wp-json\/wp\/v2\/news"}],"about":[{"href":"https:\/\/publikumskonferenz.de\/blog\/wp-json\/wp\/v2\/types\/news"}],"author":[{"embeddable":true,"href":"https:\/\/publikumskonferenz.de\/blog\/wp-json\/wp\/v2\/users\/2"}],"replies":[{"embeddable":true,"href":"https:\/\/publikumskonferenz.de\/blog\/wp-json\/wp\/v2\/comments?post=10957"}],"wp:attachment":[{"href":"https:\/\/publikumskonferenz.de\/blog\/wp-json\/wp\/v2\/media?parent=10957"}],"wp:term":[{"taxonomy":"category","embeddable":true,"href":"https:\/\/publikumskonferenz.de\/blog\/wp-json\/wp\/v2\/categories?post=10957"},{"taxonomy":"newstags","embeddable":true,"href":"https:\/\/publikumskonferenz.de\/blog\/wp-json\/wp\/v2\/newstags?post=10957"}],"curies":[{"name":"wp","href":"https:\/\/api.w.org\/{rel}","templated":true}]}}