{"id":11105,"date":"2025-11-02T06:25:24","date_gmt":"2025-11-02T05:25:24","guid":{"rendered":"https:\/\/publikumskonferenz.de\/blog\/?post_type=news&#038;p=11105"},"modified":"2025-11-01T21:27:15","modified_gmt":"2025-11-01T20:27:15","slug":"langjaehriger-osze-beobachter-wirft-organisation-ignoranz-gegenueber-ukrainischen-verbrechen-vor","status":"publish","type":"news","link":"https:\/\/publikumskonferenz.de\/blog\/news\/langjaehriger-osze-beobachter-wirft-organisation-ignoranz-gegenueber-ukrainischen-verbrechen-vor\/","title":{"rendered":"Langj\u00e4hriger OSZE-Beobachter wirft Organisation Ignoranz gegen\u00fcber ukrainischen Verbrechen vor"},"content":{"rendered":"<div class=\"highlight-teaser\">\n<p><strong>Franz\u00f6sischer Milit\u00e4rbeobachter nach sieben Jahren in der Ukraine: Nationalisten verhinderten Frieden \/ OSZE ignorierte Kriegsverbrechen rechtsradikaler Bataillone \/ US-Botschafter: \u201eDas interessiert mich nicht\u201c<\/strong><\/p>\n<\/div>\n<div class=\"calc-line-height-by-js\">Der fr\u00fchere franz\u00f6sische Mitarbeiter der Organisation f\u00fcr Sicherheit und Zusammenarbeit in Europa (OSZE) Beno\u00eet Par\u00e9 \u00fcbt schwerwiegende Kritik an ukrainischen Nationalisten und an der Rolle der OSZE im Ukraine-Konflikt. \u201eWir haben unser Mandat verraten\u201c, sagte der langj\u00e4hrige Milit\u00e4rbeobachter in vorangegangenen Interviews mit dem franz\u00f6sischen Online-Magazin <a href=\"https:\/\/www.eclaireur.eu\/p\/benoit-pare-les-nationalistes-ukrainiens\" target=\"blank\">\u201eL\u2019Eclaireur\u201c<\/a> und mit dem US-Magazin <a href=\"https:\/\/thegrayzone.substack.com\/p\/french-monitor-ukraine-nato-provoked\" target=\"blank\">\u201eThe Grayzone\u201c<\/a>, die nun vom Schweizer Online-Medium \u201eInfosperber\u201c \u00fcbersetzt und <a href=\"https:\/\/www.infosperber.ch\/politik\/welt\/donbas-wir-haben-unser-mandat-verraten\/\" target=\"blank\">zusammengefasst<\/a> wurden. (27. Oktober) Die Leitung der OSZE-Mission in der Ukraine sei zu keinem Zeitpunkt neutral gewesen, obwohl ihr Mandat auf Unparteilichkeit basierte, erkl\u00e4rte Par\u00e9. Zudem habe die OSZE Verbrechen ukrainischer Regierungstruppen und rechtsradikaler Freiwilligenbataillone an der ostukrainischen Zivilbev\u00f6lkerung ignoriert.Par\u00e9 habe in seinen sieben Jahren Dienst von 2015 bis 2022 in der Ukraine zahlreiche Zeugenberichte von Einwohnern geh\u00f6rt, die \u00fcber Pl\u00fcnderungen oder Zerst\u00f6rungen durch die von Kiew entsandten Streitkr\u00e4fte berichteten. \u201eDoch in den Berichten der OSZE stand davon nie etwas.\u201c Die Aussagen der Bev\u00f6lkerung seien von OSZE-Verantwortlichen nicht als \u201eFakten\u201c sondern lediglich als \u201eGer\u00fcchte\u201c betrachtet worden. In der Region Kramatorsk seien regelm\u00e4\u00dfig Einwohner von Freiwilligenbataillonen entf\u00fchrt, eingesperrt und zusammengeschlagen worden, erz\u00e4hlte er. Die Entf\u00fchrten h\u00e4tten leere Papiere unterschreiben m\u00fcssen, denen sp\u00e4ter erfundene \u201eGest\u00e4ndnisse\u201c hinzugef\u00fcgt wurden. Dann seien die Betroffenen erneut \u2013 nun offiziell \u2013 verhaftet worden, berichtete Par\u00e9, der vor seiner OSZE-T\u00e4tigkeit als Offizier in der franz\u00f6sischen Armee diente.<\/p>\n<p>In s\u00e4mtlichen Regionen, in denen Par\u00e9 eingesetzt war, seien die ukrainischen Streitkr\u00e4fte von der Zivilbev\u00f6lkerung mehrheitlich stark abgelehnt worden. Die Einheimischen h\u00e4tten die von Kiew entsandten Soldaten als \u201eBesatzungstruppen\u201c betrachtet. Die Soldaten wiederum h\u00e4tten die Einwohner teilweise als \u201eTerroristen\u201c gesehen und gedacht \u201esie k\u00f6nnten tun, was sie wollten\u201c. Es habe viele Vorf\u00e4lle und Informationen gegeben, die die OSZE-Beobachter dokumentierten, die aber h\u00f6herrangige OSZE-Leute \u201eeinfach nicht h\u00f6ren wollten\u201c, kritisierte Par\u00e9. Ein US-Botschafter, der die OSZE-Mission besuchte, habe sich nach \u201eMenschenrechtsverletzungen\u201c erkundigt. Doch als Par\u00e9s Kollegin dem westlichen Diplomaten von Verbrechen der ukrainischen Streitkr\u00e4fte berichtete, da ihr keine anderen Verbrechen bekannt waren, habe dieser geantwortet: \u201eTut mir leid, das interessiert mich nicht.\u201c<\/p>\n<p>Rund drei Viertel aller zivilen Todesopfer und Sachsch\u00e4den im Gebiet Lugansk seien Par\u00e9 zufolge von der ukrainischen Armee verursacht worden. Er habe alle Daten zur Verf\u00fcgung gehabt und die Statistiken selbst erstellt. Nur ein kleiner Teil dieser Daten sei von der OSZE \u00fcberhaupt ver\u00f6ffentlicht worden und lediglich im Jahr 2016 habe die OSZE in einem Bericht einmal erw\u00e4hnt, dass die ukrainische Armee f\u00fcr die meisten Opfer des Krieges verantwortlich sei. Daraufhin habe die ukrainische Regierung der OSZE vorgeworfen, von russischen Beobachtern \u201ein die Irre gef\u00fchrt\u201c worden zu sein. Dabei sei tats\u00e4chlich kein einziger Russe an Sammlung und Analyse der Daten beteiligt gewesen, erl\u00e4utert Par\u00e9. Aufgrund des Protests aus Kiew habe die OSZE von da an jedoch auf eine n\u00e4here Aufschl\u00fcsselung der Opferzahlen verzichtet.<\/p>\n<p>Die OSZE habe auch rechtsradikale Exzesse des Asow-Bataillons ignoriert. Mehrere von der ukrainischen Freiwilligeneinheit besetzte Geb\u00e4ude, die die OSZE bei Mariupol besichtigte, seien \u201epraktisch \u00fcberall mit Hakenkreuzen bemalt\u201c gewesen. Auch ein Portr\u00e4t von Adolf Hitler habe Par\u00e9 dort gefunden. In weiteren Asow-Stellungen habe es \u00e4hnlich ausgesehen. \u201eIch fand das unglaublich und machte Fotos, um diese Dinge zu dokumentieren und niemand behaupten kann, ich h\u00e4tte mir das ausgedacht.\u201c Mitglieder von Asow erz\u00e4hlten ihm im Jahr 2018 demnach, sie h\u00e4tten zwar immer noch \u201eNazis\u201c in ihren Reihen, diese aber gebeten, \u201ediskreter\u201c zu sein. In \u00f6rtlichen Gerichtsverhandlungen habe Par\u00e9 zudem Zeugenaussagen \u00fcber Folter und andere \u201eGr\u00e4ueltaten\u201c geh\u00f6rt, die von rechtsradikalen Einheiten wie \u201eAsow\u201c, \u201eAidar\u201c oder \u201eDnipro-1\u201c begangen worden seien.<\/p>\n<p>Der franz\u00f6sische Milit\u00e4rbeobachter machte die militanten ukrainischen <a href=\"https:\/\/multipolar-magazin.de\/meldungen\/0305\" target=\"blank\">Nationalisten<\/a> auch f\u00fcr den Fortgang des Konflikts wesentlich verantwortlich. Diese h\u00e4tten im Jahr 2015 die ukrainische Politik massiv unter Druck gesetzt, die Minsk-Abkommen, die den ostukrainischen Regionen mehr Autonomie einger\u00e4umt h\u00e4tten, nicht umzusetzen. Nationalistische Abgeordnete <a href=\"https:\/\/www.derstandard.at\/story\/2000021512751\/kiew-tote-bei-protesten-gegen-autonomiegesetz\" target=\"blank\">besetzten<\/a> die Parlamentstrib\u00fcne. Bei einer gewaltt\u00e4tigen Demonstration am 31. August vor dem Parlament in Kiew <a href=\"https:\/\/www.youtube.com\/watch?v=sN1tlnjVKjc\" target=\"blank\">warf<\/a> ein Nationalist eine Handgranate, die drei Polizisten und einen Journalisten t\u00f6tete. Weitere Lesungen des Gesetzes seien im ukrainischen Parlament wegen Gewaltdrohungen nicht zustande gekommen. Die Umsetzung der Minsker Abkommen h\u00e4tte den sp\u00e4teren russischen Einmarsch verhindern k\u00f6nnen, betonte Par\u00e9. Die Nationalisten seien bis heute ein entscheidendes Hindernis f\u00fcr Frieden.<\/p>\n<p>Par\u00e9 habe die OSZE letztlich verlassen, weil die Organisation im Widerspruch zu ihrem Mandat in der Ukraine nicht neutral agierte und daran auch nach interner Kritik nichts \u00e4ndern wollte. Der russische Au\u00dfenminister Sergej Lawrow hatte im Dezember 2022 ebenfalls <a href=\"https:\/\/www.rnd.de\/politik\/ukraine-russland-erhebt-schwere-vorwuerfe-gegen-osze-beobachter-3AWDT5LFOVVAQ56WM4WUHVLKIU.html\" target=\"blank\">kritisiert<\/a>, dass die OSZE in der Ukraine parteiisch agiere. Die Organisation habe nicht nur Verbrechen ukrainischer Regierungstruppen und rechtsradikaler Freiwilligenbataillone ignoriert, sondern diesen teilweise sogar bei der Identifizierung von Angriffszielen in Donezk und Lugansk geholfen. Die OSZE werde von westlichen L\u00e4ndern dominiert, kritisierte Lawrow. \u201eGeist und Wortlaut der Charta sind zerst\u00f6rt.\u201c Im April 2022 waren mehrere ukrainische OSZE-Mitarbeiter in Donezk festgenommen und zwei Jahre sp\u00e4ter wegen \u201eSpionage\u201c in Industrieanlagen zu Haftstrafen <a href=\"https:\/\/www.n-tv.de\/ticker\/Donezker-Gericht-verurteilt-OSZE-Mitarbeiter-wegen-Spionage-article25083401.html\" target=\"blank\">verurteilt<\/a> worden.<\/p>\n<p><a class=\"calc-line-height-by-js\" href=\"https:\/\/multipolar-magazin.de\/meldungen\/0336\" target=\"_blank\" rel=\"noopener\">(multipolar)<\/a><\/p>\n<\/div>\n<div class=\"twoclick_social_bookmarks_post_11105 social_share_privacy clearfix 1.6.4 locale-de_DE sprite-de_DE\"><\/div><div class=\"twoclick-js\"><script type=\"text\/javascript\">\/* <![CDATA[ *\/\njQuery(document).ready(function($){if($('.twoclick_social_bookmarks_post_11105')){$('.twoclick_social_bookmarks_post_11105').socialSharePrivacy({\"services\":{\"facebook\":{\"status\":\"on\",\"txt_info\":\"2 Klicks f\\u00fcr mehr Datenschutz: Erst wenn Sie hier klicken, wird der Button aktiv und Sie k\\u00f6nnen Ihre Empfehlung an Facebook senden. Schon beim Aktivieren werden Daten an Dritte \\u00fcbertragen - siehe <em>i<\\\/em>.\",\"perma_option\":\"off\",\"action\":\"like\",\"language\":\"de_DE\"},\"twitter\":{\"reply_to\":\"\",\"tweet_text\":\"%20Langj%C3%A4hriger%20OSZE-Beobachter%20wirft%20Organisation%20Ignoranz%20gegen%C3%BCber%20ukrainischen%20...\",\"status\":\"on\",\"txt_info\":\"2 Klicks f\\u00fcr mehr Datenschutz: Erst wenn Sie hier klicken, wird der Button aktiv und Sie k\\u00f6nnen Ihre Empfehlung an Twitter senden. Schon beim Aktivieren werden Daten an Dritte \\u00fcbertragen - siehe <em>i<\\\/em>.\",\"perma_option\":\"off\",\"language\":\"de\",\"referrer_track\":\"\"}},\"txt_help\":\"Wenn Sie diese Felder durch einen Klick aktivieren, werden Informationen an Facebook, Twitter, Flattr, Xing, t3n, LinkedIn, Pinterest oder Google eventuell ins Ausland \\u00fcbertragen und unter Umst\\u00e4nden auch dort gespeichert. N\\u00e4heres erfahren Sie durch einen Klick auf das <em>i<\\\/em>.\",\"settings_perma\":\"Dauerhaft aktivieren und Daten\\u00fcber-tragung zustimmen:\",\"info_link\":\"http:\\\/\\\/www.heise.de\\\/ct\\\/artikel\\\/2-Klicks-fuer-mehr-Datenschutz-1333879.html\",\"uri\":\"https:\\\/\\\/publikumskonferenz.de\\\/blog\\\/news\\\/langjaehriger-osze-beobachter-wirft-organisation-ignoranz-gegenueber-ukrainischen-verbrechen-vor\\\/\",\"post_id\":11105,\"post_title_referrer_track\":\"Langj%C3%A4hriger+OSZE-Beobachter+wirft+Organisation+Ignoranz+gegen%C3%BCber+ukrainischen+Verbrechen+vor\",\"display_infobox\":\"on\"});}});\n\/* ]]> *\/<\/script><\/div>","protected":false},"excerpt":{"rendered":"<p>Franz\u00f6sischer Milit\u00e4rbeobachter nach sieben Jahren in der Ukraine: Nationalisten verhinderten Frieden \/ OSZE ignorierte Kriegsverbrechen rechtsradikaler Bataillone \/ US-Botschafter: \u201eDas interessiert mich nicht\u201c Der fr\u00fchere franz\u00f6sische Mitarbeiter der Organisation f\u00fcr Sicherheit und Zusammenarbeit in Europa (OSZE) Beno\u00eet Par\u00e9 \u00fcbt schwerwiegende &hellip;<\/p>\n<p class=\"read-more\"> <a class=\"more-link\" href=\"https:\/\/publikumskonferenz.de\/blog\/news\/langjaehriger-osze-beobachter-wirft-organisation-ignoranz-gegenueber-ukrainischen-verbrechen-vor\/\"> <span class=\"screen-reader-text\">Langj\u00e4hriger OSZE-Beobachter wirft Organisation Ignoranz gegen\u00fcber ukrainischen Verbrechen vor<\/span> Weiterlesen &raquo;<\/a><\/p>\n","protected":false},"author":2,"featured_media":0,"comment_status":"closed","ping_status":"closed","template":"","categories":[1],"newstags":[],"class_list":["post-11105","news","type-news","status-publish","hentry","category-news"],"_links":{"self":[{"href":"https:\/\/publikumskonferenz.de\/blog\/wp-json\/wp\/v2\/news\/11105","targetHints":{"allow":["GET"]}}],"collection":[{"href":"https:\/\/publikumskonferenz.de\/blog\/wp-json\/wp\/v2\/news"}],"about":[{"href":"https:\/\/publikumskonferenz.de\/blog\/wp-json\/wp\/v2\/types\/news"}],"author":[{"embeddable":true,"href":"https:\/\/publikumskonferenz.de\/blog\/wp-json\/wp\/v2\/users\/2"}],"replies":[{"embeddable":true,"href":"https:\/\/publikumskonferenz.de\/blog\/wp-json\/wp\/v2\/comments?post=11105"}],"wp:attachment":[{"href":"https:\/\/publikumskonferenz.de\/blog\/wp-json\/wp\/v2\/media?parent=11105"}],"wp:term":[{"taxonomy":"category","embeddable":true,"href":"https:\/\/publikumskonferenz.de\/blog\/wp-json\/wp\/v2\/categories?post=11105"},{"taxonomy":"newstags","embeddable":true,"href":"https:\/\/publikumskonferenz.de\/blog\/wp-json\/wp\/v2\/newstags?post=11105"}],"curies":[{"name":"wp","href":"https:\/\/api.w.org\/{rel}","templated":true}]}}