{"id":11106,"date":"2025-11-03T05:52:29","date_gmt":"2025-11-03T04:52:29","guid":{"rendered":"https:\/\/publikumskonferenz.de\/blog\/?post_type=news&#038;p=11106"},"modified":"2025-11-02T11:55:57","modified_gmt":"2025-11-02T10:55:57","slug":"luegen-durch-auslassung","status":"publish","type":"news","link":"https:\/\/publikumskonferenz.de\/blog\/news\/luegen-durch-auslassung\/","title":{"rendered":"L\u00fcgen durch Auslassung?"},"content":{"rendered":"<p><strong>Hessischer Rundfunkrat soll sich mit Programmbeschwerde befassen<\/strong><\/p>\n<p>Der \u00f6ffentlich-rechtliche Rundfunk (\u00d6RR) hat in den letzten Jahren massiv an Vertrauen eingeb\u00fc\u00dft. Kritiker werfen ihm vor, einseitig zu berichten und somit seinen Programmauftrag nicht mehr zu erf\u00fcllen. Diese Auftragserf\u00fcllung ist jedoch Voraussetzung daf\u00fcr, von jedem B\u00fcrger zwangsweise<br \/>\neinen Rundfunkbeitrag von \u201eim Monat 18 Euro und 36 Cent\u201c [1] zu erheben. Verwaltungsgerichte haben bisher darauf verwiesen, dass die Beitragszahler ja Programmbeschwerden bei den Rundfunkr\u00e4ten einlegen k\u00f6nnten. Dr. Frank Michler tat dies in einem Fall, in welchem seiner Meinung ein offenkundiger Versto\u00df gegen die journalistische Sorgfaltspflicht vorlag. In dem umstrittenen Online-Beitrag hatte der hr-Autor Danijel Maji\u0107 falsche Behauptungen wie diese aufgestellt:<\/p>\n<p><em>\u201eUnd auch die zahlreichen Demonstrationen aus dem sogenannten Querdenker-Spektrum w\u00e4ren ohne das Engagement der Seebr\u00fccke und der Projektwerkstatt Saasen so nicht denkbar gewesen.\u201c<\/em><\/p>\n<p>Maji\u0107 begr\u00fcndet dies damit, dass J\u00f6rg Bergstaedt von der Projektwerkstatt Saasen am 15. M\u00e4rz 2020 mit einem Eilantrag beim Bundesverfassungsgericht erfolgreich war. Der hr-Autor verschweigt dem Leser jedoch eine wesentliche Information, welche die Behauptung als falsch entlarvt: Der Querdenken 711-Gr\u00fcnder Michael Ballweg hat n\u00e4mlich ebenfalls gegen die Versammlungsverbote der Stadt Stuttgart bis vor das Bundesverfassungsgericht geklagt und bekam am 17. M\u00e4rz 2020 recht \u2013 genau zwei Tage nach Bergstaedt.<\/p>\n<p>Kernaussagen des hr-Artikels sind somit falsch. Dennoch konnten weder der Intendant Florian Hager noch der \u201eAusschuss f\u00fcr Telemedien und mediale Innovation\u201c einen Versto\u00df gegen die journalistische Sorgfaltspflicht erkennen. Dieser Umgang mit Kritik verdeutlicht, warum das Bundesverwaltungsgericht in Leipzig j\u00fcngst in einer Entscheidung zu dem Schluss kam, dass das Instrument der Programmbeschwerden nicht ausreicht, um die Auftragserf\u00fcllung des \u00d6RR zu \u00fcberpr\u00fcfen. Vielmehr m\u00fcssen sich nun auch die Verwaltungsgerichte inhaltlich damit<br \/>\nauseinandersetzen [2].<br \/>\nDr. Michler hat nun erneut Widerspruch eingelegt, so dass sich der Rundfunkrat des hr voraussichtlich in seiner Sitzung im Dezember mit dem Fall befassen muss [3].<\/p>\n<p>Quellen:<br \/>\n[1] Yann Song King: \u201e18 Euro und 36 Cent\u201c &#8211; der Rundfunkbeitrags-Tango<br \/>\n<a href=\"https:\/\/youtube.com\/watch?v=QH4MiopRlUk&amp;list=PLBo3lbNDEJgxQ3gjH5JhdghT1A1Vy-nnd\">https:\/\/youtube.com\/watch?v=QH4MiopRlUk&amp;list=PLBo3lbNDEJgxQ3gjH5JhdghT1A1Vy-nnd<\/a><br \/>\n[2] Annelie Kaufmann, 15.10.2025: \u201eGerichte m\u00fcssen pr\u00fcfen, ob das Programm ausgewogen ist\u201c<br \/>\n<a href=\"https:\/\/www.lto.de\/recht\/hintergruende\/h\/6c524-bverwg-rundfunkbeitrag-oeffentlich-rechtlicher-\">https:\/\/www.lto.de\/recht\/hintergruende\/h\/6c524-bverwg-rundfunkbeitrag-oeffentlich-rechtlicher-<\/a><br \/>\nrundfunk-funktionsauftrag<br \/>\n[3] Informationen und Dokumente zur Programmbeschwerde<br \/>\n<a href=\"https:\/\/weiterdenken-marburg.de\/2025\/10\/29\/programmbeschwerde-hr-versammlungsverbote-\">https:\/\/weiterdenken-marburg.de\/2025\/10\/29\/programmbeschwerde-hr-versammlungsverbote-<\/a><br \/>\ncorona-ballweg\/<\/p>\n<div class=\"twoclick_social_bookmarks_post_11106 social_share_privacy clearfix 1.6.4 locale-de_DE sprite-de_DE\"><\/div><div class=\"twoclick-js\"><script type=\"text\/javascript\">\/* <![CDATA[ *\/\njQuery(document).ready(function($){if($('.twoclick_social_bookmarks_post_11106')){$('.twoclick_social_bookmarks_post_11106').socialSharePrivacy({\"services\":{\"facebook\":{\"status\":\"on\",\"txt_info\":\"2 Klicks f\\u00fcr mehr Datenschutz: Erst wenn Sie hier klicken, wird der Button aktiv und Sie k\\u00f6nnen Ihre Empfehlung an Facebook senden. Schon beim Aktivieren werden Daten an Dritte \\u00fcbertragen - siehe <em>i<\\\/em>.\",\"perma_option\":\"off\",\"action\":\"like\",\"language\":\"de_DE\"},\"twitter\":{\"reply_to\":\"\",\"tweet_text\":\"%20L%C3%BCgen%20durch%20Auslassung%3F%20%C2%BB%20St%C3%A4ndige%20Publikumskonferenz%20der%20...\",\"status\":\"on\",\"txt_info\":\"2 Klicks f\\u00fcr mehr Datenschutz: Erst wenn Sie hier klicken, wird der Button aktiv und Sie k\\u00f6nnen Ihre Empfehlung an Twitter senden. Schon beim Aktivieren werden Daten an Dritte \\u00fcbertragen - siehe <em>i<\\\/em>.\",\"perma_option\":\"off\",\"language\":\"de\",\"referrer_track\":\"\"}},\"txt_help\":\"Wenn Sie diese Felder durch einen Klick aktivieren, werden Informationen an Facebook, Twitter, Flattr, Xing, t3n, LinkedIn, Pinterest oder Google eventuell ins Ausland \\u00fcbertragen und unter Umst\\u00e4nden auch dort gespeichert. N\\u00e4heres erfahren Sie durch einen Klick auf das <em>i<\\\/em>.\",\"settings_perma\":\"Dauerhaft aktivieren und Daten\\u00fcber-tragung zustimmen:\",\"info_link\":\"http:\\\/\\\/www.heise.de\\\/ct\\\/artikel\\\/2-Klicks-fuer-mehr-Datenschutz-1333879.html\",\"uri\":\"https:\\\/\\\/publikumskonferenz.de\\\/blog\\\/news\\\/luegen-durch-auslassung\\\/\",\"post_id\":11106,\"post_title_referrer_track\":\"L%C3%BCgen+durch+Auslassung%3F\",\"display_infobox\":\"on\"});}});\n\/* ]]> *\/<\/script><\/div>","protected":false},"excerpt":{"rendered":"<p>Hessischer Rundfunkrat soll sich mit Programmbeschwerde befassen Der \u00f6ffentlich-rechtliche Rundfunk (\u00d6RR) hat in den letzten Jahren massiv an Vertrauen eingeb\u00fc\u00dft. Kritiker werfen ihm vor, einseitig zu berichten und somit seinen Programmauftrag nicht mehr zu erf\u00fcllen. Diese Auftragserf\u00fcllung ist jedoch Voraussetzung &hellip;<\/p>\n<p class=\"read-more\"> <a class=\"more-link\" href=\"https:\/\/publikumskonferenz.de\/blog\/news\/luegen-durch-auslassung\/\"> <span class=\"screen-reader-text\">L\u00fcgen durch Auslassung?<\/span> Weiterlesen &raquo;<\/a><\/p>\n","protected":false},"author":2,"featured_media":0,"comment_status":"closed","ping_status":"closed","template":"","categories":[1],"newstags":[],"class_list":["post-11106","news","type-news","status-publish","hentry","category-news"],"_links":{"self":[{"href":"https:\/\/publikumskonferenz.de\/blog\/wp-json\/wp\/v2\/news\/11106","targetHints":{"allow":["GET"]}}],"collection":[{"href":"https:\/\/publikumskonferenz.de\/blog\/wp-json\/wp\/v2\/news"}],"about":[{"href":"https:\/\/publikumskonferenz.de\/blog\/wp-json\/wp\/v2\/types\/news"}],"author":[{"embeddable":true,"href":"https:\/\/publikumskonferenz.de\/blog\/wp-json\/wp\/v2\/users\/2"}],"replies":[{"embeddable":true,"href":"https:\/\/publikumskonferenz.de\/blog\/wp-json\/wp\/v2\/comments?post=11106"}],"wp:attachment":[{"href":"https:\/\/publikumskonferenz.de\/blog\/wp-json\/wp\/v2\/media?parent=11106"}],"wp:term":[{"taxonomy":"category","embeddable":true,"href":"https:\/\/publikumskonferenz.de\/blog\/wp-json\/wp\/v2\/categories?post=11106"},{"taxonomy":"newstags","embeddable":true,"href":"https:\/\/publikumskonferenz.de\/blog\/wp-json\/wp\/v2\/newstags?post=11106"}],"curies":[{"name":"wp","href":"https:\/\/api.w.org\/{rel}","templated":true}]}}