{"id":11192,"date":"2025-12-09T10:17:59","date_gmt":"2025-12-09T09:17:59","guid":{"rendered":"https:\/\/publikumskonferenz.de\/blog\/?post_type=news&#038;p=11192"},"modified":"2025-12-09T10:17:59","modified_gmt":"2025-12-09T09:17:59","slug":"rundfunkbeitrag-warum-das-bundesverwaltungsgericht-die-falschen-fragen-stellt","status":"publish","type":"news","link":"https:\/\/publikumskonferenz.de\/blog\/news\/rundfunkbeitrag-warum-das-bundesverwaltungsgericht-die-falschen-fragen-stellt\/","title":{"rendered":"Rundfunkbeitrag: Warum das Bundesverwaltungsgericht die falschen Fragen stellt"},"content":{"rendered":"<p>Der Rundfunkbeitrag verpflichtet. Doch das Gericht meidet die harten Fragen. Jetzt wird der Programmauftrag selbst zur offenen Flanke.<\/p>\n<p>Ob der rechtlich von der Politik definierte Programmauftrag des \u00d6ffentlich-rechtlichen Rundfunks (\u00d6RR) erf\u00fcllt wird, k\u00f6nnen Gerichte entscheiden. [\u2026]<\/p>\n<p>Denn da es sich beim Rundfunkbeitrag eben nicht um eine Steuer handelt, muss der zur Zahlung Verpflichtete wenigstens potentiell auch einen Nutzen daraus ziehen k\u00f6nnen.<\/p>\n<p>&#8222;Das im Gleichheitssatz verankerte \u00c4quivalenzprinzip gebietet demnach, dass der Beitragspflicht ein objektiv vorteilhaftes \u00f6ffentlich-rechtliches Medienangebot gegen\u00fcbersteht.&#8220; [\u2026]<\/p>\n<p>Derzeit wird jedoch niemand wissenschaftlich fundiert die Qualit\u00e4t des gesamten \u00f6ffentlich-rechtlichen Programms einsch\u00e4tzen k\u00f6nnen.<\/p>\n<p>In welchem Umfang nun Kl\u00e4ger selbst Defizite belegen m\u00fcssen, hat das Bundesverwaltungsgericht nicht gesagt. Es verlangt vage, &#8222;\u00fcber einen erheblichen Zeitraum evidente und regelm\u00e4\u00dfige Defizite&#8220; substantiiert darzulegen.<\/p>\n<p><a href=\"https:\/\/www.telepolis.de\/article\/Rundfunkbeitrag-Warum-das-Bundesverwaltungsgericht-die-falschen-Fragen-stellt-11105862.html\">https:\/\/www.telepolis.de\/article\/Rundfunkbeitrag-Warum-das-Bundesverwaltungsgericht-die-falschen-Fragen-stellt-11105862.html<\/a><\/p>\n<p><strong>Urteil<\/strong><\/p>\n<p>Konnex zwischen Rundfunkbeitragspflicht und Programmangebot des \u00f6ffentlich-rechtlichen Rundfunks<\/p>\n<p>Urteil vom 15.10.2025 &#8211;<\/p>\n<p>BVerwG 6 C 5.24<\/p>\n<p><a href=\"https:\/\/www.bverwg.de\/de\/151025U6C5.24.0\">https:\/\/www.bverwg.de\/de\/151025U6C5.24.0<\/a><\/p>\n<div class=\"twoclick_social_bookmarks_post_11192 social_share_privacy clearfix 1.6.4 locale-de_DE sprite-de_DE\"><\/div><div class=\"twoclick-js\"><script type=\"text\/javascript\">\/* <![CDATA[ *\/\njQuery(document).ready(function($){if($('.twoclick_social_bookmarks_post_11192')){$('.twoclick_social_bookmarks_post_11192').socialSharePrivacy({\"services\":{\"facebook\":{\"status\":\"on\",\"txt_info\":\"2 Klicks f\\u00fcr mehr Datenschutz: Erst wenn Sie hier klicken, wird der Button aktiv und Sie k\\u00f6nnen Ihre Empfehlung an Facebook senden. Schon beim Aktivieren werden Daten an Dritte \\u00fcbertragen - siehe <em>i<\\\/em>.\",\"perma_option\":\"off\",\"action\":\"like\",\"language\":\"de_DE\"},\"twitter\":{\"reply_to\":\"\",\"tweet_text\":\"%20Rundfunkbeitrag%3A%20Warum%20das%20Bundesverwaltungsgericht%20die%20falschen%20Fragen%20stellt%20%C2%BB%20...\",\"status\":\"on\",\"txt_info\":\"2 Klicks f\\u00fcr mehr Datenschutz: Erst wenn Sie hier klicken, wird der Button aktiv und Sie k\\u00f6nnen Ihre Empfehlung an Twitter senden. Schon beim Aktivieren werden Daten an Dritte \\u00fcbertragen - siehe <em>i<\\\/em>.\",\"perma_option\":\"off\",\"language\":\"de\",\"referrer_track\":\"\"}},\"txt_help\":\"Wenn Sie diese Felder durch einen Klick aktivieren, werden Informationen an Facebook, Twitter, Flattr, Xing, t3n, LinkedIn, Pinterest oder Google eventuell ins Ausland \\u00fcbertragen und unter Umst\\u00e4nden auch dort gespeichert. N\\u00e4heres erfahren Sie durch einen Klick auf das <em>i<\\\/em>.\",\"settings_perma\":\"Dauerhaft aktivieren und Daten\\u00fcber-tragung zustimmen:\",\"info_link\":\"http:\\\/\\\/www.heise.de\\\/ct\\\/artikel\\\/2-Klicks-fuer-mehr-Datenschutz-1333879.html\",\"uri\":\"https:\\\/\\\/publikumskonferenz.de\\\/blog\\\/news\\\/rundfunkbeitrag-warum-das-bundesverwaltungsgericht-die-falschen-fragen-stellt\\\/\",\"post_id\":11192,\"post_title_referrer_track\":\"Rundfunkbeitrag%3A+Warum+das+Bundesverwaltungsgericht+die+falschen+Fragen+stellt\",\"display_infobox\":\"on\"});}});\n\/* ]]> *\/<\/script><\/div>","protected":false},"excerpt":{"rendered":"<p>Der Rundfunkbeitrag verpflichtet. Doch das Gericht meidet die harten Fragen. Jetzt wird der Programmauftrag selbst zur offenen Flanke. Ob der rechtlich von der Politik definierte Programmauftrag des \u00d6ffentlich-rechtlichen Rundfunks (\u00d6RR) erf\u00fcllt wird, k\u00f6nnen Gerichte entscheiden. [\u2026] Denn da es sich &hellip;<\/p>\n<p class=\"read-more\"> <a class=\"more-link\" href=\"https:\/\/publikumskonferenz.de\/blog\/news\/rundfunkbeitrag-warum-das-bundesverwaltungsgericht-die-falschen-fragen-stellt\/\"> <span class=\"screen-reader-text\">Rundfunkbeitrag: Warum das Bundesverwaltungsgericht die falschen Fragen stellt<\/span> Weiterlesen &raquo;<\/a><\/p>\n","protected":false},"author":2,"featured_media":0,"comment_status":"closed","ping_status":"closed","template":"","categories":[],"newstags":[],"class_list":["post-11192","news","type-news","status-publish","hentry"],"_links":{"self":[{"href":"https:\/\/publikumskonferenz.de\/blog\/wp-json\/wp\/v2\/news\/11192","targetHints":{"allow":["GET"]}}],"collection":[{"href":"https:\/\/publikumskonferenz.de\/blog\/wp-json\/wp\/v2\/news"}],"about":[{"href":"https:\/\/publikumskonferenz.de\/blog\/wp-json\/wp\/v2\/types\/news"}],"author":[{"embeddable":true,"href":"https:\/\/publikumskonferenz.de\/blog\/wp-json\/wp\/v2\/users\/2"}],"replies":[{"embeddable":true,"href":"https:\/\/publikumskonferenz.de\/blog\/wp-json\/wp\/v2\/comments?post=11192"}],"wp:attachment":[{"href":"https:\/\/publikumskonferenz.de\/blog\/wp-json\/wp\/v2\/media?parent=11192"}],"wp:term":[{"taxonomy":"category","embeddable":true,"href":"https:\/\/publikumskonferenz.de\/blog\/wp-json\/wp\/v2\/categories?post=11192"},{"taxonomy":"newstags","embeddable":true,"href":"https:\/\/publikumskonferenz.de\/blog\/wp-json\/wp\/v2\/newstags?post=11192"}],"curies":[{"name":"wp","href":"https:\/\/api.w.org\/{rel}","templated":true}]}}