{"id":11571,"date":"2026-04-16T05:02:56","date_gmt":"2026-04-16T04:02:56","guid":{"rendered":"https:\/\/publikumskonferenz.de\/blog\/?post_type=news&#038;p=11571"},"modified":"2026-04-14T09:06:37","modified_gmt":"2026-04-14T08:06:37","slug":"streik-beim-ndr-rundfunk-soll-stillstehen","status":"publish","type":"news","link":"https:\/\/publikumskonferenz.de\/blog\/news\/streik-beim-ndr-rundfunk-soll-stillstehen\/","title":{"rendered":"Streik beim NDR: Rundfunk soll stillstehen"},"content":{"rendered":"<p>Die Gewerkschaft Verdi ruft zum Streik beim NDR auf. Eine Beeintr\u00e4chtigung des Programms sei nicht Ziel, k\u00f6nne aber nicht ausgeschlossen werden.\u00a0 [\u2026]<\/p>\n<p>Er starte am Dienstag und ende am Mittwoch um 1.30 Uhr, wie Verdi Hamburg am Montag mitteilte. Seit Februar laufe der Tarifkonflikt um die Geh\u00e4lter, Honorare und Ausbildungsverg\u00fctungen der rund 5.000 festen und freien NDR-Besch\u00e4ftigten. F\u00fcr Dienstag sei die dritte Verhandlungsrunde geplant.<\/p>\n<p>Verdi Hamburg fordert f\u00fcr die Besch\u00e4ftigten eine Tarifsteigerung von 7 Prozent, mindestens jedoch 300 Euro. Zudem sollte es eine Anhebung der Auszubildendenverg\u00fctung um 200 Euro monatlich und eine \u00dcbernahmegarantie f\u00fcr Auszubildende geben. F\u00fcr freie Mitarbeitende forderte Verdi eine Honorarsteigerung um 7 Prozent und eine Einigung \u00fcber eine h\u00f6here betriebliche Altersversorgung.<\/p>\n<p><a href=\"https:\/\/taz.de\/Streik-beim-NDR\/!6170573\/\">https:\/\/taz.de\/Streik-beim-NDR\/!6170573\/<\/a><\/p>\n<p>Konkrete Forderungen<\/p>\n<p>Festangestellte:<\/p>\n<ul>\n<li>Sieben Prozent mehr Gehalt, mindestens 300 Euro im Monat<\/li>\n<li>Alle Besch\u00e4ftigten erhalten einen zus\u00e4tzlichen freien Tag als \u201eEntlastungstag\u201c. Diejenigen, die in unregelm\u00e4\u00dfigen Diensten arbeiten, erhalten zwei zus\u00e4tzliche freie Tage als \u201eEntlastungstage\u201c.<\/li>\n<\/ul>\n<p>Freie Mitarbeiter:<\/p>\n<ul>\n<li>Anhebung der Honorare um sieben Prozent<\/li>\n<li>Anhebung der Tageslimits f\u00fcr limitierte Freie von 60 Tagen auf 80 Tage f\u00fcr Besch\u00e4ftigte in der Produktion und von 80 Tagen auf 100 Tage f\u00fcr Besch\u00e4ftigte in der Redaktion; Aufhebung der finanziellen Limits<\/li>\n<li>Euro Pauschale j\u00e4hrlich f\u00fcr Mediennutzung f\u00fcr alle arbeitnehmer*innen\u00e4hnlich Besch\u00e4ftigten<\/li>\n<\/ul>\n<p>Laufzeit 12 Monate<\/p>\n<p><a href=\"https:\/\/ndr.verdi.de\/tarife-und-vereinbarungen\/aktuelle-tarifverhandlungen\/++co++8d53d9d4-33ef-11f1-b9e3-33ce58c1d654\">https:\/\/ndr.verdi.de\/tarife-und-vereinbarungen\/aktuelle-tarifverhandlungen\/++co++8d53d9d4-33ef-11f1-b9e3-33ce58c1d654<\/a><\/p>\n<p>Der NDR biete bisher nur 1,23 % mehr ab Juli sowie jeweils weitere 1 % ab Juni 2027 und April 2028 an. Damit liege das Angebot &#8222;weit unter Inflation&#8220;, so Verdi. Der NDR erkl\u00e4rte auf epd-Anfrage, das Angebot stehe &#8222;f\u00fcr wirtschaftliche Vernunft und garantierte Sicherheit&#8220; und sei &#8222;vor dem Hintergrund der sehr schwierigen Rahmenbedingungen&#8220; &#8222;solide finanziert&#8220;.<\/p>\n<p><a href=\"https:\/\/www.turi2.de\/aktuell\/verdi-ruft-zum-warnstreik-beim-ndr-in-hamburg-auf\/\">https:\/\/www.turi2.de\/aktuell\/verdi-ruft-zum-warnstreik-beim-ndr-in-hamburg-auf\/<\/a><\/p>\n<p>Das sei deutlich weniger als ein Inflationsausgleich. Die zweite und dritte Steigerungsstufe werde jeweils um 0,43 Prozentpunkte h\u00f6her ausfallen, wenn der Rundfunkbeitrag bis dahin erh\u00f6ht wurde, habe die NDR-Gesch\u00e4ftsleitung mitgeteilt.<\/p>\n<p><a href=\"https:\/\/taz.de\/Streik-beim-NDR\/!6170573\/\">https:\/\/taz.de\/Streik-beim-NDR\/!6170573\/<\/a><\/p>\n<p><strong><em>Hinweis: Die KEF hat in ihrem aktuellen Bericht eine Steigerungsrate im Personalaufwand auf 3,0 Prozent im Jahr f\u00fcr den aktuellen Berichtszeitraum angesetzt.<\/em><\/strong><\/p>\n<div class=\"twoclick_social_bookmarks_post_11571 social_share_privacy clearfix 1.6.4 locale-de_DE sprite-de_DE\"><\/div><div class=\"twoclick-js\"><script type=\"text\/javascript\">\/* <![CDATA[ *\/\njQuery(document).ready(function($){if($('.twoclick_social_bookmarks_post_11571')){$('.twoclick_social_bookmarks_post_11571').socialSharePrivacy({\"services\":{\"facebook\":{\"status\":\"on\",\"txt_info\":\"2 Klicks f\\u00fcr mehr Datenschutz: Erst wenn Sie hier klicken, wird der Button aktiv und Sie k\\u00f6nnen Ihre Empfehlung an Facebook senden. Schon beim Aktivieren werden Daten an Dritte \\u00fcbertragen - siehe <em>i<\\\/em>.\",\"perma_option\":\"off\",\"action\":\"like\",\"language\":\"de_DE\"},\"twitter\":{\"reply_to\":\"\",\"tweet_text\":\"%20Streik%20beim%20NDR%3A%20Rundfunk%20soll%20stillstehen%20%C2%BB%20St%C3%A4ndige%20Publikumskonferenz%20der%20...\",\"status\":\"on\",\"txt_info\":\"2 Klicks f\\u00fcr mehr Datenschutz: Erst wenn Sie hier klicken, wird der Button aktiv und Sie k\\u00f6nnen Ihre Empfehlung an Twitter senden. Schon beim Aktivieren werden Daten an Dritte \\u00fcbertragen - siehe <em>i<\\\/em>.\",\"perma_option\":\"off\",\"language\":\"de\",\"referrer_track\":\"\"}},\"txt_help\":\"Wenn Sie diese Felder durch einen Klick aktivieren, werden Informationen an Facebook, Twitter, Flattr, Xing, t3n, LinkedIn, Pinterest oder Google eventuell ins Ausland \\u00fcbertragen und unter Umst\\u00e4nden auch dort gespeichert. N\\u00e4heres erfahren Sie durch einen Klick auf das <em>i<\\\/em>.\",\"settings_perma\":\"Dauerhaft aktivieren und Daten\\u00fcber-tragung zustimmen:\",\"info_link\":\"http:\\\/\\\/www.heise.de\\\/ct\\\/artikel\\\/2-Klicks-fuer-mehr-Datenschutz-1333879.html\",\"uri\":\"https:\\\/\\\/publikumskonferenz.de\\\/blog\\\/news\\\/streik-beim-ndr-rundfunk-soll-stillstehen\\\/\",\"post_id\":11571,\"post_title_referrer_track\":\"Streik+beim+NDR%3A+Rundfunk+soll+stillstehen\",\"display_infobox\":\"on\"});}});\n\/* ]]> *\/<\/script><\/div>","protected":false},"excerpt":{"rendered":"<p>Die Gewerkschaft Verdi ruft zum Streik beim NDR auf. Eine Beeintr\u00e4chtigung des Programms sei nicht Ziel, k\u00f6nne aber nicht ausgeschlossen werden.\u00a0 [\u2026] Er starte am Dienstag und ende am Mittwoch um 1.30 Uhr, wie Verdi Hamburg am Montag mitteilte. Seit &hellip;<\/p>\n<p class=\"read-more\"> <a class=\"more-link\" href=\"https:\/\/publikumskonferenz.de\/blog\/news\/streik-beim-ndr-rundfunk-soll-stillstehen\/\"> <span class=\"screen-reader-text\">Streik beim NDR: Rundfunk soll stillstehen<\/span> Weiterlesen &raquo;<\/a><\/p>\n","protected":false},"author":2,"featured_media":0,"comment_status":"closed","ping_status":"closed","template":"","categories":[1],"newstags":[],"class_list":["post-11571","news","type-news","status-publish","hentry","category-news"],"_links":{"self":[{"href":"https:\/\/publikumskonferenz.de\/blog\/wp-json\/wp\/v2\/news\/11571","targetHints":{"allow":["GET"]}}],"collection":[{"href":"https:\/\/publikumskonferenz.de\/blog\/wp-json\/wp\/v2\/news"}],"about":[{"href":"https:\/\/publikumskonferenz.de\/blog\/wp-json\/wp\/v2\/types\/news"}],"author":[{"embeddable":true,"href":"https:\/\/publikumskonferenz.de\/blog\/wp-json\/wp\/v2\/users\/2"}],"replies":[{"embeddable":true,"href":"https:\/\/publikumskonferenz.de\/blog\/wp-json\/wp\/v2\/comments?post=11571"}],"wp:attachment":[{"href":"https:\/\/publikumskonferenz.de\/blog\/wp-json\/wp\/v2\/media?parent=11571"}],"wp:term":[{"taxonomy":"category","embeddable":true,"href":"https:\/\/publikumskonferenz.de\/blog\/wp-json\/wp\/v2\/categories?post=11571"},{"taxonomy":"newstags","embeddable":true,"href":"https:\/\/publikumskonferenz.de\/blog\/wp-json\/wp\/v2\/newstags?post=11571"}],"curies":[{"name":"wp","href":"https:\/\/api.w.org\/{rel}","templated":true}]}}