{"id":11574,"date":"2026-04-17T05:55:19","date_gmt":"2026-04-17T04:55:19","guid":{"rendered":"https:\/\/publikumskonferenz.de\/blog\/?post_type=news&#038;p=11574"},"modified":"2026-04-16T10:07:43","modified_gmt":"2026-04-16T09:07:43","slug":"ist-eine-gesamtpruefung-des-oerr-auf-politische-vielfalt-machbar","status":"publish","type":"news","link":"https:\/\/publikumskonferenz.de\/blog\/news\/ist-eine-gesamtpruefung-des-oerr-auf-politische-vielfalt-machbar\/","title":{"rendered":"Ist eine Gesamtpr\u00fcfung des \u00d6RR auf politische Vielfalt machbar?"},"content":{"rendered":"<p>Muss das Gericht wirklich das gesamte Programm des \u00f6ffentlich-rechtlichen Rundfunks in Deutschland auf politische Vielfalt pr\u00fcfen? Warum Richter und Kl\u00e4ger diese Frage so unterschiedlich sehen.<\/p>\n<p>Was kann der \u00f6ffentlich-rechtliche Rundfunk (\u00d6RR) \u00fcberhaupt leisten und vor allem was muss er leisten &#8211; vor dem Verwaltungsgerichtshof (VGH) Baden-W\u00fcrttemberg ging es mit Blick auf die Bewertung von Vielfalt und Ausgewogenheit ans Eingemachte. Der Vorsitzende Richter Martin Morlock lie\u00df erhebliche Zweifel daran erkennen, ob Verwaltungsgerichte eine solche \u00dcberpr\u00fcfung des gesamten Programmangebots \u00fcberhaupt leisten k\u00f6nnten und sollten. Wie soll das mit vertretbarem Aufwand gehen, sagte er &#8211; auch in Richtung des Bundesverwaltungsgerichts. [\u2026]<\/p>\n<p>Ob Gutachter dies bewerten k\u00f6nnten, wie es das Bundesverwaltungsgericht f\u00fcr m\u00f6glich gehalten hatte, bezweifelte der VGH sehr deutlich. &#8222;So kann man es auf keinen Fall machen&#8220;, sagte der Vorsitzende. Solche Gutachten w\u00e4ren exorbitant teuer. Es k\u00f6nne nicht sein, dass irrsinnig hohe Summen in die Hand genommen werden m\u00fcssten, um mit Hilfe von Studien oder Gutachten Verzerrungen im gesamten Programm nachzuweisen. Vielmehr m\u00fcsse der Gesetzgeber Wege daf\u00fcr finden. [\u2026]<\/p>\n<p>Ebenso wenig Zweifel lie\u00df der VGH aber auch daran, dass in gegenst\u00e4ndlicher Hinsicht &#8211; also der schieren Menge an verschiedensten Sendungen, Themen und Formaten, die der \u00d6RR anbietet, die Vielfalt gewahrt sei. Es gebe Formate zu Kultur, Natur, zu Politik oder Sport et cetera. Auf dieser Basis werde das Gericht entscheiden &#8211; und damit voraussichtlich zugunsten der angegriffenen Sender. [\u2026]<\/p>\n<p>In inhaltlicher Hinsicht st\u00f6re die Kritiker des \u00d6RR eben gerade nicht das Programmgesamtangebot, sondern vor allem Politikformate, so der VGH. &#8222;Die Menschen \u00e4rgern sich dar\u00fcber&#8220;, sagte der Vorsitzende. Denkbar sei daher, \u00dcberpr\u00fcfungen bei Beanstandungen seitens der Beitragszahler auf bestimmte Hauptthemen zu verengen, \u00fcber die sich so mancher Beitragszahler besonders aufrege.<\/p>\n<p><a href=\"https:\/\/www.horizont.net\/medien\/nachrichten\/streit-um-rundfunkbeitrag-ist-eine-gesamtpruefung-des-oerr-auf-politische-vielfalt-machbar-233933\">https:\/\/www.horizont.net\/medien\/nachrichten\/streit-um-rundfunkbeitrag-ist-eine-gesamtpruefung-des-oerr-auf-politische-vielfalt-machbar-233933<\/a><\/p>\n<p>&nbsp;<\/p>\n<div class=\"twoclick_social_bookmarks_post_11574 social_share_privacy clearfix 1.6.4 locale-de_DE sprite-de_DE\"><\/div><div class=\"twoclick-js\"><script type=\"text\/javascript\">\/* <![CDATA[ *\/\njQuery(document).ready(function($){if($('.twoclick_social_bookmarks_post_11574')){$('.twoclick_social_bookmarks_post_11574').socialSharePrivacy({\"services\":{\"facebook\":{\"status\":\"on\",\"txt_info\":\"2 Klicks f\\u00fcr mehr Datenschutz: Erst wenn Sie hier klicken, wird der Button aktiv und Sie k\\u00f6nnen Ihre Empfehlung an Facebook senden. Schon beim Aktivieren werden Daten an Dritte \\u00fcbertragen - siehe <em>i<\\\/em>.\",\"perma_option\":\"off\",\"action\":\"like\",\"language\":\"de_DE\"},\"twitter\":{\"reply_to\":\"\",\"tweet_text\":\"%20Ist%20eine%20Gesamtpr%C3%BCfung%20des%20%C3%96RR%20auf%20politische%20Vielfalt%20machbar%3F%20%C2%BB%20...\",\"status\":\"on\",\"txt_info\":\"2 Klicks f\\u00fcr mehr Datenschutz: Erst wenn Sie hier klicken, wird der Button aktiv und Sie k\\u00f6nnen Ihre Empfehlung an Twitter senden. Schon beim Aktivieren werden Daten an Dritte \\u00fcbertragen - siehe <em>i<\\\/em>.\",\"perma_option\":\"off\",\"language\":\"de\",\"referrer_track\":\"\"}},\"txt_help\":\"Wenn Sie diese Felder durch einen Klick aktivieren, werden Informationen an Facebook, Twitter, Flattr, Xing, t3n, LinkedIn, Pinterest oder Google eventuell ins Ausland \\u00fcbertragen und unter Umst\\u00e4nden auch dort gespeichert. N\\u00e4heres erfahren Sie durch einen Klick auf das <em>i<\\\/em>.\",\"settings_perma\":\"Dauerhaft aktivieren und Daten\\u00fcber-tragung zustimmen:\",\"info_link\":\"http:\\\/\\\/www.heise.de\\\/ct\\\/artikel\\\/2-Klicks-fuer-mehr-Datenschutz-1333879.html\",\"uri\":\"https:\\\/\\\/publikumskonferenz.de\\\/blog\\\/news\\\/ist-eine-gesamtpruefung-des-oerr-auf-politische-vielfalt-machbar\\\/\",\"post_id\":11574,\"post_title_referrer_track\":\"Ist+eine+Gesamtpr%C3%BCfung+des+%C3%96RR+auf+politische+Vielfalt+machbar%3F\",\"display_infobox\":\"on\"});}});\n\/* ]]> *\/<\/script><\/div>","protected":false},"excerpt":{"rendered":"<p>Muss das Gericht wirklich das gesamte Programm des \u00f6ffentlich-rechtlichen Rundfunks in Deutschland auf politische Vielfalt pr\u00fcfen? Warum Richter und Kl\u00e4ger diese Frage so unterschiedlich sehen. Was kann der \u00f6ffentlich-rechtliche Rundfunk (\u00d6RR) \u00fcberhaupt leisten und vor allem was muss er leisten &hellip;<\/p>\n<p class=\"read-more\"> <a class=\"more-link\" href=\"https:\/\/publikumskonferenz.de\/blog\/news\/ist-eine-gesamtpruefung-des-oerr-auf-politische-vielfalt-machbar\/\"> <span class=\"screen-reader-text\">Ist eine Gesamtpr\u00fcfung des \u00d6RR auf politische Vielfalt machbar?<\/span> Weiterlesen &raquo;<\/a><\/p>\n","protected":false},"author":2,"featured_media":0,"comment_status":"closed","ping_status":"closed","template":"","categories":[1],"newstags":[],"class_list":["post-11574","news","type-news","status-publish","hentry","category-news"],"_links":{"self":[{"href":"https:\/\/publikumskonferenz.de\/blog\/wp-json\/wp\/v2\/news\/11574","targetHints":{"allow":["GET"]}}],"collection":[{"href":"https:\/\/publikumskonferenz.de\/blog\/wp-json\/wp\/v2\/news"}],"about":[{"href":"https:\/\/publikumskonferenz.de\/blog\/wp-json\/wp\/v2\/types\/news"}],"author":[{"embeddable":true,"href":"https:\/\/publikumskonferenz.de\/blog\/wp-json\/wp\/v2\/users\/2"}],"replies":[{"embeddable":true,"href":"https:\/\/publikumskonferenz.de\/blog\/wp-json\/wp\/v2\/comments?post=11574"}],"wp:attachment":[{"href":"https:\/\/publikumskonferenz.de\/blog\/wp-json\/wp\/v2\/media?parent=11574"}],"wp:term":[{"taxonomy":"category","embeddable":true,"href":"https:\/\/publikumskonferenz.de\/blog\/wp-json\/wp\/v2\/categories?post=11574"},{"taxonomy":"newstags","embeddable":true,"href":"https:\/\/publikumskonferenz.de\/blog\/wp-json\/wp\/v2\/newstags?post=11574"}],"curies":[{"name":"wp","href":"https:\/\/api.w.org\/{rel}","templated":true}]}}