{"id":3770,"date":"2018-06-24T20:40:48","date_gmt":"2018-06-24T19:40:48","guid":{"rendered":"https:\/\/publikumskonferenz.de\/blog\/?post_type=news&#038;p=3770"},"modified":"2018-06-24T20:40:48","modified_gmt":"2018-06-24T19:40:48","slug":"die-rentenluege","status":"publish","type":"news","link":"https:\/\/publikumskonferenz.de\/blog\/news\/die-rentenluege\/","title":{"rendered":"Die Rentenl\u00fcge"},"content":{"rendered":"<p><strong>Die \u201eQualit\u00e4tsmedien\u201c betreiben das Gesch\u00e4ft von Arbeitgebern und Finanzwirtschaft.<\/strong><\/p>\n<p>Die Rentenfrage wird von interessierten Kreisen als Konflikt zwischen Alt und Jung inszeniert. Die Wahrheit ist, dass es wie fast immer um einen ganz anderen Interessengegensatz geht: den zwischen Arm und Reich. Durch Desinformation soll immer mehr Geld in die Kassen der privaten Versicherer gesp\u00fclt werden; die B\u00fcrger sollen f\u00fcr ihre erwartbare Altersarmut immer mehr blechen, solange sie in Arbeit sind.<\/p>\n<div class=\"twoclick_social_bookmarks_post_3770 social_share_privacy clearfix 1.6.4 locale-de_DE sprite-de_DE\"><\/div><div class=\"twoclick-js\"><script type=\"text\/javascript\">\/* <![CDATA[ *\/\njQuery(document).ready(function($){if($('.twoclick_social_bookmarks_post_3770')){$('.twoclick_social_bookmarks_post_3770').socialSharePrivacy({\"services\":{\"facebook\":{\"status\":\"on\",\"txt_info\":\"2 Klicks f\\u00fcr mehr Datenschutz: Erst wenn Sie hier klicken, wird der Button aktiv und Sie k\\u00f6nnen Ihre Empfehlung an Facebook senden. Schon beim Aktivieren werden Daten an Dritte \\u00fcbertragen - siehe <em>i<\\\/em>.\",\"perma_option\":\"off\",\"action\":\"like\",\"language\":\"de_DE\"},\"twitter\":{\"reply_to\":\"\",\"tweet_text\":\"%20Die%20Rentenl%C3%BCge%20%C2%BB%20St%C3%A4ndige%20Publikumskonferenz%20der%20%C3%B6ffentlich-rechtlichen%20...\",\"status\":\"on\",\"txt_info\":\"2 Klicks f\\u00fcr mehr Datenschutz: Erst wenn Sie hier klicken, wird der Button aktiv und Sie k\\u00f6nnen Ihre Empfehlung an Twitter senden. Schon beim Aktivieren werden Daten an Dritte \\u00fcbertragen - siehe <em>i<\\\/em>.\",\"perma_option\":\"off\",\"language\":\"de\",\"referrer_track\":\"\"}},\"txt_help\":\"Wenn Sie diese Felder durch einen Klick aktivieren, werden Informationen an Facebook, Twitter, Flattr, Xing, t3n, LinkedIn, Pinterest oder Google eventuell ins Ausland \\u00fcbertragen und unter Umst\\u00e4nden auch dort gespeichert. N\\u00e4heres erfahren Sie durch einen Klick auf das <em>i<\\\/em>.\",\"settings_perma\":\"Dauerhaft aktivieren und Daten\\u00fcber-tragung zustimmen:\",\"info_link\":\"http:\\\/\\\/www.heise.de\\\/ct\\\/artikel\\\/2-Klicks-fuer-mehr-Datenschutz-1333879.html\",\"uri\":\"https:\\\/\\\/publikumskonferenz.de\\\/blog\\\/news\\\/die-rentenluege\\\/\",\"post_id\":3770,\"post_title_referrer_track\":\"Die+Rentenl%C3%BCge\",\"display_infobox\":\"on\"});}});\n\/* ]]> *\/<\/script><\/div>","protected":false},"excerpt":{"rendered":"<p>Die \u201eQualit\u00e4tsmedien\u201c betreiben das Gesch\u00e4ft von Arbeitgebern und Finanzwirtschaft. Die Rentenfrage wird von interessierten Kreisen als Konflikt zwischen Alt und Jung inszeniert. Die Wahrheit ist, dass es wie fast immer um einen ganz anderen Interessengegensatz geht: den zwischen Arm und &hellip;<\/p>\n<p class=\"read-more\"> <a class=\"more-link\" href=\"https:\/\/publikumskonferenz.de\/blog\/news\/die-rentenluege\/\"> <span class=\"screen-reader-text\">Die Rentenl\u00fcge<\/span> Weiterlesen &raquo;<\/a><\/p>\n","protected":false},"author":2,"featured_media":0,"comment_status":"closed","ping_status":"closed","template":"","categories":[],"newstags":[],"class_list":["post-3770","news","type-news","status-publish","hentry"],"_links":{"self":[{"href":"https:\/\/publikumskonferenz.de\/blog\/wp-json\/wp\/v2\/news\/3770","targetHints":{"allow":["GET"]}}],"collection":[{"href":"https:\/\/publikumskonferenz.de\/blog\/wp-json\/wp\/v2\/news"}],"about":[{"href":"https:\/\/publikumskonferenz.de\/blog\/wp-json\/wp\/v2\/types\/news"}],"author":[{"embeddable":true,"href":"https:\/\/publikumskonferenz.de\/blog\/wp-json\/wp\/v2\/users\/2"}],"replies":[{"embeddable":true,"href":"https:\/\/publikumskonferenz.de\/blog\/wp-json\/wp\/v2\/comments?post=3770"}],"wp:attachment":[{"href":"https:\/\/publikumskonferenz.de\/blog\/wp-json\/wp\/v2\/media?parent=3770"}],"wp:term":[{"taxonomy":"category","embeddable":true,"href":"https:\/\/publikumskonferenz.de\/blog\/wp-json\/wp\/v2\/categories?post=3770"},{"taxonomy":"newstags","embeddable":true,"href":"https:\/\/publikumskonferenz.de\/blog\/wp-json\/wp\/v2\/newstags?post=3770"}],"curies":[{"name":"wp","href":"https:\/\/api.w.org\/{rel}","templated":true}]}}