{"id":3776,"date":"2018-06-25T19:58:38","date_gmt":"2018-06-25T18:58:38","guid":{"rendered":"https:\/\/publikumskonferenz.de\/blog\/?post_type=news&#038;p=3776"},"modified":"2018-06-25T20:04:40","modified_gmt":"2018-06-25T19:04:40","slug":"ungeklaerter-tod-eines-nsu-brandermittlers","status":"publish","type":"news","link":"https:\/\/publikumskonferenz.de\/blog\/news\/ungeklaerter-tod-eines-nsu-brandermittlers\/","title":{"rendered":"Ungekl\u00e4rter Tod eines NSU-Brandermittlers"},"content":{"rendered":"<p>Frank Dieter Stolt war Brandsachverst\u00e4ndiger und kritisierte die offiziellen Ermittlungen &#8211; Familie hat Obduktion in Auftrag gegeben<\/p>\n<p>Der international bekannte Brandermittler und Kriminaltechniker Frank Dieter Stolt ist im Alter von 62 Jahren in einem Krankenhaus in Mannheim gestorben. Weil die Todesursache unklar ist, hat die Familie von Stolt privat eine Obduktion in Auftrag gegeben.<\/p>\n<p>Von \u00f6ffentlichem Interesse ist der Fall, weil Stolt auch im Rahmen der NSU-Ermittlungen mit Untersuchungen beauftragt war. Dabei \u00e4u\u00dferte er sich \u00f6ffentlich auch kritisch zu manchen Ermittlungen.<\/p>\n<p>So beispielsweise im Zusammenhang mit dem Brand des Wohnmobils in Eisenach am 4. November 2011. In dem Fahrzeug waren die beiden mutma\u00dflichen NSU-Terroristen Uwe B\u00f6hnhardt und Uwe Mundlos tot aufgefunden worden. In der ARD-Dokumentation &#8222;Die Akte Zsch\u00e4pe&#8220; von 2015 kritisierte Stolt unter anderem das Verhalten des Polizeichefs Michael Menzel, der sich in das Wohnmobil begeben und mit einer Harke darin herum gesucht hatte. <\/p>\n<div class=\"twoclick_social_bookmarks_post_3776 social_share_privacy clearfix 1.6.4 locale-de_DE sprite-de_DE\"><\/div><div class=\"twoclick-js\"><script type=\"text\/javascript\">\/* <![CDATA[ *\/\njQuery(document).ready(function($){if($('.twoclick_social_bookmarks_post_3776')){$('.twoclick_social_bookmarks_post_3776').socialSharePrivacy({\"services\":{\"facebook\":{\"status\":\"on\",\"txt_info\":\"2 Klicks f\\u00fcr mehr Datenschutz: Erst wenn Sie hier klicken, wird der Button aktiv und Sie k\\u00f6nnen Ihre Empfehlung an Facebook senden. Schon beim Aktivieren werden Daten an Dritte \\u00fcbertragen - siehe <em>i<\\\/em>.\",\"perma_option\":\"off\",\"action\":\"like\",\"language\":\"de_DE\"},\"twitter\":{\"reply_to\":\"\",\"tweet_text\":\"%20Ungekl%C3%A4rter%20Tod%20eines%20NSU-Brandermittlers%20%C2%BB%20St%C3%A4ndige%20Publikumskonferenz%20der%20...\",\"status\":\"on\",\"txt_info\":\"2 Klicks f\\u00fcr mehr Datenschutz: Erst wenn Sie hier klicken, wird der Button aktiv und Sie k\\u00f6nnen Ihre Empfehlung an Twitter senden. Schon beim Aktivieren werden Daten an Dritte \\u00fcbertragen - siehe <em>i<\\\/em>.\",\"perma_option\":\"off\",\"language\":\"de\",\"referrer_track\":\"\"}},\"txt_help\":\"Wenn Sie diese Felder durch einen Klick aktivieren, werden Informationen an Facebook, Twitter, Flattr, Xing, t3n, LinkedIn, Pinterest oder Google eventuell ins Ausland \\u00fcbertragen und unter Umst\\u00e4nden auch dort gespeichert. N\\u00e4heres erfahren Sie durch einen Klick auf das <em>i<\\\/em>.\",\"settings_perma\":\"Dauerhaft aktivieren und Daten\\u00fcber-tragung zustimmen:\",\"info_link\":\"http:\\\/\\\/www.heise.de\\\/ct\\\/artikel\\\/2-Klicks-fuer-mehr-Datenschutz-1333879.html\",\"uri\":\"https:\\\/\\\/publikumskonferenz.de\\\/blog\\\/news\\\/ungeklaerter-tod-eines-nsu-brandermittlers\\\/\",\"post_id\":3776,\"post_title_referrer_track\":\"Ungekl%C3%A4rter+Tod+eines+NSU-Brandermittlers\",\"display_infobox\":\"on\"});}});\n\/* ]]> *\/<\/script><\/div>","protected":false},"excerpt":{"rendered":"<p>Frank Dieter Stolt war Brandsachverst\u00e4ndiger und kritisierte die offiziellen Ermittlungen &#8211; Familie hat Obduktion in Auftrag gegeben Der international bekannte Brandermittler und Kriminaltechniker Frank Dieter Stolt ist im Alter von 62 Jahren in einem Krankenhaus in Mannheim gestorben. Weil die &hellip;<\/p>\n<p class=\"read-more\"> <a class=\"more-link\" href=\"https:\/\/publikumskonferenz.de\/blog\/news\/ungeklaerter-tod-eines-nsu-brandermittlers\/\"> <span class=\"screen-reader-text\">Ungekl\u00e4rter Tod eines NSU-Brandermittlers<\/span> Weiterlesen &raquo;<\/a><\/p>\n","protected":false},"author":2,"featured_media":0,"comment_status":"closed","ping_status":"closed","template":"","categories":[],"newstags":[],"class_list":["post-3776","news","type-news","status-publish","hentry"],"_links":{"self":[{"href":"https:\/\/publikumskonferenz.de\/blog\/wp-json\/wp\/v2\/news\/3776","targetHints":{"allow":["GET"]}}],"collection":[{"href":"https:\/\/publikumskonferenz.de\/blog\/wp-json\/wp\/v2\/news"}],"about":[{"href":"https:\/\/publikumskonferenz.de\/blog\/wp-json\/wp\/v2\/types\/news"}],"author":[{"embeddable":true,"href":"https:\/\/publikumskonferenz.de\/blog\/wp-json\/wp\/v2\/users\/2"}],"replies":[{"embeddable":true,"href":"https:\/\/publikumskonferenz.de\/blog\/wp-json\/wp\/v2\/comments?post=3776"}],"wp:attachment":[{"href":"https:\/\/publikumskonferenz.de\/blog\/wp-json\/wp\/v2\/media?parent=3776"}],"wp:term":[{"taxonomy":"category","embeddable":true,"href":"https:\/\/publikumskonferenz.de\/blog\/wp-json\/wp\/v2\/categories?post=3776"},{"taxonomy":"newstags","embeddable":true,"href":"https:\/\/publikumskonferenz.de\/blog\/wp-json\/wp\/v2\/newstags?post=3776"}],"curies":[{"name":"wp","href":"https:\/\/api.w.org\/{rel}","templated":true}]}}