{"id":3778,"date":"2018-06-27T21:14:12","date_gmt":"2018-06-27T20:14:12","guid":{"rendered":"https:\/\/publikumskonferenz.de\/blog\/?post_type=news&#038;p=3778"},"modified":"2018-06-27T21:16:28","modified_gmt":"2018-06-27T20:16:28","slug":"kuerzungen-bei-deutschlandradio-kommunikations-gau-im-funkhaus","status":"publish","type":"news","link":"https:\/\/publikumskonferenz.de\/blog\/news\/kuerzungen-bei-deutschlandradio-kommunikations-gau-im-funkhaus\/","title":{"rendered":"K\u00fcrzungen bei Deutschlandradio: \u201eKommunikations-GAU\u201c im Funkhaus"},"content":{"rendered":"<p>K\u00fcrzungen bei Deutschlandradio: \u201eKommunikations-GAU\u201c im Funkhaus<\/p>\n<p>Es seien, so hatte es der Verwaltungsdirektor Rainer Kampmann in der vergangenen Woche vor der K\u00f6lner Belegschaft berichtet, Finanzl\u00f6cher aufgetaucht. Die k\u00e4men daher, dass die Kommission, die den Finanzbedarf der \u00d6ffentlich-Rechtlichen \u00fcberpr\u00fcft (KEF), neue Regeln aufgestellt habe, wie die Sender ihre Gelder verwenden d\u00fcrfen. Das habe dazu gef\u00fchrt, dass bei den Personalkosten des Deutschlandradios rund eine Million Euro fehlten \u2013 bei einem Jahresbudget von 60 Millionen Euro f\u00fcr die festen Mitarbeiter. Nach Abzug von Sondereffekten bliebe ein Loch von 500.000 Euro, die nun eingespart werden m\u00fcssten. &#8230;.<\/p>\n<p>Die Programmreformen h\u00e4tten nicht funktioniert, man habe heute eine angespannte Finanzlage und weniger H\u00f6rer als je zuvor. Das stimmt: Laut der aktuellsten Mediaanalyse hat Deutschlandfunk Kultur rund 420.000 t\u00e4gliche H\u00f6rer bundesweit, das ist weniger als vorher. Die Verantwortung f\u00fcr dieses Scheitern sehen die Berliner Mitarbeiter <a href=\"http:\/\/www.taz.de\/Kuerzungen-bei-Deutschlandradio\/!5512760\/\">beim Programmdirektor Weber.<\/a><\/p>\n<p>Anmerkung: Dass dem Deutschlandfunk H\u00f6rer in Gr\u00f6\u00dfenordnungen abhanden kommen, verwundert nicht wirklich. Das Publikum ist nur begrenzt leidensf\u00e4hig, wenn Infokriegerinnen wie Sabine Adler und Gesine Donbl\u00fcth ihre \u00dcberzeugungen zum Besten geben, oder die immer gleichen &#8222;Experten&#8220; als Alibi f\u00fcr kolportierte Regierungsmeinungen herhalten m\u00fcssen. Irgendwann reicht es mal und Mann sowie Frau suchen sich andere Informations- und Unterhaltungskan\u00e4le.<\/p>\n<p>Gegen den Willen vieler Mitarbeiter und trotz <a href=\"https:\/\/www.openpetition.de\/petition\/online\/2254-nachtgespraeche-auf-deutschlandradio-kultur-retten\">umfangreicher Proteste<\/a> der H\u00f6rerschaft hatte die Gesch\u00e4ftsf\u00fchrung von Deutschlandradio Kultur im Sommer 2014 die Sendung &#8222;2254 Nachtgespr\u00e4che&#8220; im Rahmen einer Programmreform einstellt. Seit 22 Jahren konnten Menschen unter der kostenfreien Telefonnummer 00800 2254 2254 zu aktuellen Themen auf dem Sendeplatz ab 01:05 Uhr ihre Meinungen und Ansichten \u00f6ffentlich mitteilen und zur Diskussion stellen. Als Ersatz f\u00fcr die beliebte Form der Publikumsinklusion sollte nach der Vorstellung des Programmdirektors Weber die 3-st\u00fcndige Musiksendung &#8222;Tonart&#8220; um eine zus\u00e4tzliche Stunde ausgeweitet werden. Deutschlandradio Kultur verspielte mit dieser Ma\u00dfnahme ein wertvolles Alleinstellungsmerkmal in seinem Programmangebot und <a href=\"https:\/\/das-blaettchen.de\/2014\/07\/fit-fuer-die-zukunft-ohne-vergangenheit-29385.html\">verlor<\/a> einen Teil seiner H\u00f6rerschaft.<\/p>\n<div class=\"twoclick_social_bookmarks_post_3778 social_share_privacy clearfix 1.6.4 locale-de_DE sprite-de_DE\"><\/div><div class=\"twoclick-js\"><script type=\"text\/javascript\">\/* <![CDATA[ *\/\njQuery(document).ready(function($){if($('.twoclick_social_bookmarks_post_3778')){$('.twoclick_social_bookmarks_post_3778').socialSharePrivacy({\"services\":{\"facebook\":{\"status\":\"on\",\"txt_info\":\"2 Klicks f\\u00fcr mehr Datenschutz: Erst wenn Sie hier klicken, wird der Button aktiv und Sie k\\u00f6nnen Ihre Empfehlung an Facebook senden. Schon beim Aktivieren werden Daten an Dritte \\u00fcbertragen - siehe <em>i<\\\/em>.\",\"perma_option\":\"off\",\"action\":\"like\",\"language\":\"de_DE\"},\"twitter\":{\"reply_to\":\"\",\"tweet_text\":\"%20K%C3%BCrzungen%20bei%20Deutschlandradio%3A%20%E2%80%9EKommunikations-GAU%E2%80%9C%20im%20Funkhaus%20%C2%BB%20...\",\"status\":\"on\",\"txt_info\":\"2 Klicks f\\u00fcr mehr Datenschutz: Erst wenn Sie hier klicken, wird der Button aktiv und Sie k\\u00f6nnen Ihre Empfehlung an Twitter senden. Schon beim Aktivieren werden Daten an Dritte \\u00fcbertragen - siehe <em>i<\\\/em>.\",\"perma_option\":\"off\",\"language\":\"de\",\"referrer_track\":\"\"}},\"txt_help\":\"Wenn Sie diese Felder durch einen Klick aktivieren, werden Informationen an Facebook, Twitter, Flattr, Xing, t3n, LinkedIn, Pinterest oder Google eventuell ins Ausland \\u00fcbertragen und unter Umst\\u00e4nden auch dort gespeichert. N\\u00e4heres erfahren Sie durch einen Klick auf das <em>i<\\\/em>.\",\"settings_perma\":\"Dauerhaft aktivieren und Daten\\u00fcber-tragung zustimmen:\",\"info_link\":\"http:\\\/\\\/www.heise.de\\\/ct\\\/artikel\\\/2-Klicks-fuer-mehr-Datenschutz-1333879.html\",\"uri\":\"https:\\\/\\\/publikumskonferenz.de\\\/blog\\\/news\\\/kuerzungen-bei-deutschlandradio-kommunikations-gau-im-funkhaus\\\/\",\"post_id\":3778,\"post_title_referrer_track\":\"K%C3%BCrzungen+bei+Deutschlandradio%3A+%E2%80%9EKommunikations-GAU%E2%80%9C+im+Funkhaus\",\"display_infobox\":\"on\"});}});\n\/* ]]> *\/<\/script><\/div>","protected":false},"excerpt":{"rendered":"<p>K\u00fcrzungen bei Deutschlandradio: \u201eKommunikations-GAU\u201c im Funkhaus Es seien, so hatte es der Verwaltungsdirektor Rainer Kampmann in der vergangenen Woche vor der K\u00f6lner Belegschaft berichtet, Finanzl\u00f6cher aufgetaucht. Die k\u00e4men daher, dass die Kommission, die den Finanzbedarf der \u00d6ffentlich-Rechtlichen \u00fcberpr\u00fcft (KEF), neue &hellip;<\/p>\n<p class=\"read-more\"> <a class=\"more-link\" href=\"https:\/\/publikumskonferenz.de\/blog\/news\/kuerzungen-bei-deutschlandradio-kommunikations-gau-im-funkhaus\/\"> <span class=\"screen-reader-text\">K\u00fcrzungen bei Deutschlandradio: \u201eKommunikations-GAU\u201c im Funkhaus<\/span> Weiterlesen &raquo;<\/a><\/p>\n","protected":false},"author":2,"featured_media":0,"comment_status":"closed","ping_status":"closed","template":"","categories":[],"newstags":[],"class_list":["post-3778","news","type-news","status-publish","hentry"],"_links":{"self":[{"href":"https:\/\/publikumskonferenz.de\/blog\/wp-json\/wp\/v2\/news\/3778","targetHints":{"allow":["GET"]}}],"collection":[{"href":"https:\/\/publikumskonferenz.de\/blog\/wp-json\/wp\/v2\/news"}],"about":[{"href":"https:\/\/publikumskonferenz.de\/blog\/wp-json\/wp\/v2\/types\/news"}],"author":[{"embeddable":true,"href":"https:\/\/publikumskonferenz.de\/blog\/wp-json\/wp\/v2\/users\/2"}],"replies":[{"embeddable":true,"href":"https:\/\/publikumskonferenz.de\/blog\/wp-json\/wp\/v2\/comments?post=3778"}],"wp:attachment":[{"href":"https:\/\/publikumskonferenz.de\/blog\/wp-json\/wp\/v2\/media?parent=3778"}],"wp:term":[{"taxonomy":"category","embeddable":true,"href":"https:\/\/publikumskonferenz.de\/blog\/wp-json\/wp\/v2\/categories?post=3778"},{"taxonomy":"newstags","embeddable":true,"href":"https:\/\/publikumskonferenz.de\/blog\/wp-json\/wp\/v2\/newstags?post=3778"}],"curies":[{"name":"wp","href":"https:\/\/api.w.org\/{rel}","templated":true}]}}