{"id":3781,"date":"2018-06-28T19:34:57","date_gmt":"2018-06-28T18:34:57","guid":{"rendered":"https:\/\/publikumskonferenz.de\/blog\/?post_type=news&#038;p=3781"},"modified":"2018-06-28T19:34:57","modified_gmt":"2018-06-28T18:34:57","slug":"die-putin-hasser","status":"publish","type":"news","link":"https:\/\/publikumskonferenz.de\/blog\/news\/die-putin-hasser\/","title":{"rendered":"Die Putin-Hasser"},"content":{"rendered":"<p>&#8230;.ein kritischer Kommentar zu Putin ist schnell und billig dahingeschrieben, sein eing\u00e4ngiger kurzer Name eignet sich gut f\u00fcr \u00dcberschriften (hie\u00dfe er Kudrjawzew oder Schtscherbakow s\u00e4he das schon anders aus) und dass die mehrheitlich transatlantisch ausgerichteten Alpha-Journalisten und medialen Meinungsf\u00fchrer den russischen Pr\u00e4sidenten nicht m\u00f6gen, ist schon seit Jahren klar. Doch deutsche und auch viele andere westliche Leitmedien betreiben ihre ultrakritische Putinfixierung derart penetrant, ja geradezu bis zum Exzess, dass eindimensionale Antworten als Erkl\u00e4rung daf\u00fcr nicht gen\u00fcgen. Darum hat der Rubikon Fachleute verschiedener Forschungsdisziplinen zu den Gr\u00fcnden der Putinfixierung befragt. <\/p>\n<p><a href=\"https:\/\/www.rubikon.news\/artikel\/die-putin-hasser\">Hier die Antworten&#8230;<\/a><\/p>\n<div class=\"twoclick_social_bookmarks_post_3781 social_share_privacy clearfix 1.6.4 locale-de_DE sprite-de_DE\"><\/div><div class=\"twoclick-js\"><script type=\"text\/javascript\">\/* <![CDATA[ *\/\njQuery(document).ready(function($){if($('.twoclick_social_bookmarks_post_3781')){$('.twoclick_social_bookmarks_post_3781').socialSharePrivacy({\"services\":{\"facebook\":{\"status\":\"on\",\"txt_info\":\"2 Klicks f\\u00fcr mehr Datenschutz: Erst wenn Sie hier klicken, wird der Button aktiv und Sie k\\u00f6nnen Ihre Empfehlung an Facebook senden. Schon beim Aktivieren werden Daten an Dritte \\u00fcbertragen - siehe <em>i<\\\/em>.\",\"perma_option\":\"off\",\"action\":\"like\",\"language\":\"de_DE\"},\"twitter\":{\"reply_to\":\"\",\"tweet_text\":\"%20Die%20Putin-Hasser%20%C2%BB%20St%C3%A4ndige%20Publikumskonferenz%20der%20%C3%B6ffentlich-rechtlichen%20...\",\"status\":\"on\",\"txt_info\":\"2 Klicks f\\u00fcr mehr Datenschutz: Erst wenn Sie hier klicken, wird der Button aktiv und Sie k\\u00f6nnen Ihre Empfehlung an Twitter senden. Schon beim Aktivieren werden Daten an Dritte \\u00fcbertragen - siehe <em>i<\\\/em>.\",\"perma_option\":\"off\",\"language\":\"de\",\"referrer_track\":\"\"}},\"txt_help\":\"Wenn Sie diese Felder durch einen Klick aktivieren, werden Informationen an Facebook, Twitter, Flattr, Xing, t3n, LinkedIn, Pinterest oder Google eventuell ins Ausland \\u00fcbertragen und unter Umst\\u00e4nden auch dort gespeichert. N\\u00e4heres erfahren Sie durch einen Klick auf das <em>i<\\\/em>.\",\"settings_perma\":\"Dauerhaft aktivieren und Daten\\u00fcber-tragung zustimmen:\",\"info_link\":\"http:\\\/\\\/www.heise.de\\\/ct\\\/artikel\\\/2-Klicks-fuer-mehr-Datenschutz-1333879.html\",\"uri\":\"https:\\\/\\\/publikumskonferenz.de\\\/blog\\\/news\\\/die-putin-hasser\\\/\",\"post_id\":3781,\"post_title_referrer_track\":\"Die+Putin-Hasser\",\"display_infobox\":\"on\"});}});\n\/* ]]> *\/<\/script><\/div>","protected":false},"excerpt":{"rendered":"<p>&#8230;.ein kritischer Kommentar zu Putin ist schnell und billig dahingeschrieben, sein eing\u00e4ngiger kurzer Name eignet sich gut f\u00fcr \u00dcberschriften (hie\u00dfe er Kudrjawzew oder Schtscherbakow s\u00e4he das schon anders aus) und dass die mehrheitlich transatlantisch ausgerichteten Alpha-Journalisten und medialen Meinungsf\u00fchrer den &hellip;<\/p>\n<p class=\"read-more\"> <a class=\"more-link\" href=\"https:\/\/publikumskonferenz.de\/blog\/news\/die-putin-hasser\/\"> <span class=\"screen-reader-text\">Die Putin-Hasser<\/span> Weiterlesen &raquo;<\/a><\/p>\n","protected":false},"author":2,"featured_media":0,"comment_status":"closed","ping_status":"closed","template":"","categories":[],"newstags":[],"class_list":["post-3781","news","type-news","status-publish","hentry"],"_links":{"self":[{"href":"https:\/\/publikumskonferenz.de\/blog\/wp-json\/wp\/v2\/news\/3781","targetHints":{"allow":["GET"]}}],"collection":[{"href":"https:\/\/publikumskonferenz.de\/blog\/wp-json\/wp\/v2\/news"}],"about":[{"href":"https:\/\/publikumskonferenz.de\/blog\/wp-json\/wp\/v2\/types\/news"}],"author":[{"embeddable":true,"href":"https:\/\/publikumskonferenz.de\/blog\/wp-json\/wp\/v2\/users\/2"}],"replies":[{"embeddable":true,"href":"https:\/\/publikumskonferenz.de\/blog\/wp-json\/wp\/v2\/comments?post=3781"}],"wp:attachment":[{"href":"https:\/\/publikumskonferenz.de\/blog\/wp-json\/wp\/v2\/media?parent=3781"}],"wp:term":[{"taxonomy":"category","embeddable":true,"href":"https:\/\/publikumskonferenz.de\/blog\/wp-json\/wp\/v2\/categories?post=3781"},{"taxonomy":"newstags","embeddable":true,"href":"https:\/\/publikumskonferenz.de\/blog\/wp-json\/wp\/v2\/newstags?post=3781"}],"curies":[{"name":"wp","href":"https:\/\/api.w.org\/{rel}","templated":true}]}}