{"id":4454,"date":"2018-12-05T10:57:52","date_gmt":"2018-12-05T09:57:52","guid":{"rendered":"https:\/\/publikumskonferenz.de\/blog\/?post_type=news&#038;p=4454"},"modified":"2018-12-05T10:57:52","modified_gmt":"2018-12-05T09:57:52","slug":"strasse-von-kertsch-auszug-aus-einem-interview-mit-lawrow","status":"publish","type":"news","link":"https:\/\/publikumskonferenz.de\/blog\/news\/strasse-von-kertsch-auszug-aus-einem-interview-mit-lawrow\/","title":{"rendered":"Stra\u00dfe von Kertsch &#8211; Auszug aus einem Interview mit Lawrow"},"content":{"rendered":"<p><strong>Auszug aus einem Interview mit Lawrow<\/strong><\/p>\n<p>Frage: Konnten Sie unseren europ\u00e4ischen Partnern die Wahrheit dar\u00fcber vermitteln, was im Schwarzen Meer geschah (und nicht im Asowschen Meer, wie sie f\u00fcr gew\u00f6hnlich schreiben)? Haben sie endlich unsere Position geh\u00f6rt?<\/p>\n<p>Sergei Lawrow: Ich denke sie mussten es h\u00f6ren, denn Pr\u00e4sident Wladimir Putin hat bei seinem Treffen mit dem franz\u00f6sischen Pr\u00e4sidenten und der deutschen Kanzlerin Angela Merkel \u201eallgemeinverst\u00e4ndlich\u201c erkl\u00e4rt, wie das alles geschah, wie die Provokation geplant war und wie versucht wurde, den Plan umzusetzen. Und auch wie verantwortungsvoll die russischen Grenzsch\u00fctzer ihre Aufgabe ausgef\u00fchrt haben, um jeden unerw\u00fcnschten Zwischenfall zu vermeiden. Bedauerlicherweise haben die (ukrainischen) Provokateure (und die Provokation, die mit zwei Booten und einem Schleppboot ausgef\u00fchrt wurde, wurde von zwei Offizieren des ukrainischen Geheimdienstes kontrolliert) alles versucht, um ihren Auftrag zu erf\u00fcllen; das stellte sich heraus, nachdem russische Grenzsch\u00fctzer diese bewaffneten Schiffe betreten hatten. Da hie\u00df es in unmissverst\u00e4ndlichen Worten, dass sie heimlich neutrales Gew\u00e4sser durchfahren und einen Durchbruch unter der Krimbr\u00fccke ausf\u00fchren sollten, ohne sich vorher anzumelden oder eine Lotsen an Bord zu nehmen und durch die Kertsch-Stra\u00dfe in das Asowsche Meer zu fahren. Pr\u00e4sident Putin hat das seinen Gespr\u00e4chspartnern pers\u00f6nlich mitgeteilt. Ich habe von ihnen keine Antwort geh\u00f6rt, die auf anderen Fakten basieren w\u00fcrde.<\/p>\n<div class=\"twoclick_social_bookmarks_post_4454 social_share_privacy clearfix 1.6.4 locale-de_DE sprite-de_DE\"><\/div><div class=\"twoclick-js\"><script type=\"text\/javascript\">\/* <![CDATA[ *\/\njQuery(document).ready(function($){if($('.twoclick_social_bookmarks_post_4454')){$('.twoclick_social_bookmarks_post_4454').socialSharePrivacy({\"services\":{\"facebook\":{\"status\":\"on\",\"txt_info\":\"2 Klicks f\\u00fcr mehr Datenschutz: Erst wenn Sie hier klicken, wird der Button aktiv und Sie k\\u00f6nnen Ihre Empfehlung an Facebook senden. Schon beim Aktivieren werden Daten an Dritte \\u00fcbertragen - siehe <em>i<\\\/em>.\",\"perma_option\":\"off\",\"action\":\"like\",\"language\":\"de_DE\"},\"twitter\":{\"reply_to\":\"\",\"tweet_text\":\"%20Stra%C3%9Fe%20von%20Kertsch%20%E2%80%93%20Auszug%20aus%20einem%20Interview%20mit%20Lawrow%20%C2%BB%20...\",\"status\":\"on\",\"txt_info\":\"2 Klicks f\\u00fcr mehr Datenschutz: Erst wenn Sie hier klicken, wird der Button aktiv und Sie k\\u00f6nnen Ihre Empfehlung an Twitter senden. Schon beim Aktivieren werden Daten an Dritte \\u00fcbertragen - siehe <em>i<\\\/em>.\",\"perma_option\":\"off\",\"language\":\"de\",\"referrer_track\":\"\"}},\"txt_help\":\"Wenn Sie diese Felder durch einen Klick aktivieren, werden Informationen an Facebook, Twitter, Flattr, Xing, t3n, LinkedIn, Pinterest oder Google eventuell ins Ausland \\u00fcbertragen und unter Umst\\u00e4nden auch dort gespeichert. N\\u00e4heres erfahren Sie durch einen Klick auf das <em>i<\\\/em>.\",\"settings_perma\":\"Dauerhaft aktivieren und Daten\\u00fcber-tragung zustimmen:\",\"info_link\":\"http:\\\/\\\/www.heise.de\\\/ct\\\/artikel\\\/2-Klicks-fuer-mehr-Datenschutz-1333879.html\",\"uri\":\"https:\\\/\\\/publikumskonferenz.de\\\/blog\\\/news\\\/strasse-von-kertsch-auszug-aus-einem-interview-mit-lawrow\\\/\",\"post_id\":4454,\"post_title_referrer_track\":\"Stra%C3%9Fe+von+Kertsch+%26%238211%3B+Auszug+aus+einem+Interview+mit+Lawrow\",\"display_infobox\":\"on\"});}});\n\/* ]]> *\/<\/script><\/div>","protected":false},"excerpt":{"rendered":"<p>Auszug aus einem Interview mit Lawrow Frage: Konnten Sie unseren europ\u00e4ischen Partnern die Wahrheit dar\u00fcber vermitteln, was im Schwarzen Meer geschah (und nicht im Asowschen Meer, wie sie f\u00fcr gew\u00f6hnlich schreiben)? Haben sie endlich unsere Position geh\u00f6rt? Sergei Lawrow: Ich &hellip;<\/p>\n<p class=\"read-more\"> <a class=\"more-link\" href=\"https:\/\/publikumskonferenz.de\/blog\/news\/strasse-von-kertsch-auszug-aus-einem-interview-mit-lawrow\/\"> <span class=\"screen-reader-text\">Stra\u00dfe von Kertsch &#8211; Auszug aus einem Interview mit Lawrow<\/span> Weiterlesen &raquo;<\/a><\/p>\n","protected":false},"author":2,"featured_media":0,"comment_status":"closed","ping_status":"closed","template":"","categories":[],"newstags":[],"class_list":["post-4454","news","type-news","status-publish","hentry"],"_links":{"self":[{"href":"https:\/\/publikumskonferenz.de\/blog\/wp-json\/wp\/v2\/news\/4454","targetHints":{"allow":["GET"]}}],"collection":[{"href":"https:\/\/publikumskonferenz.de\/blog\/wp-json\/wp\/v2\/news"}],"about":[{"href":"https:\/\/publikumskonferenz.de\/blog\/wp-json\/wp\/v2\/types\/news"}],"author":[{"embeddable":true,"href":"https:\/\/publikumskonferenz.de\/blog\/wp-json\/wp\/v2\/users\/2"}],"replies":[{"embeddable":true,"href":"https:\/\/publikumskonferenz.de\/blog\/wp-json\/wp\/v2\/comments?post=4454"}],"wp:attachment":[{"href":"https:\/\/publikumskonferenz.de\/blog\/wp-json\/wp\/v2\/media?parent=4454"}],"wp:term":[{"taxonomy":"category","embeddable":true,"href":"https:\/\/publikumskonferenz.de\/blog\/wp-json\/wp\/v2\/categories?post=4454"},{"taxonomy":"newstags","embeddable":true,"href":"https:\/\/publikumskonferenz.de\/blog\/wp-json\/wp\/v2\/newstags?post=4454"}],"curies":[{"name":"wp","href":"https:\/\/api.w.org\/{rel}","templated":true}]}}