{"id":4473,"date":"2018-12-15T21:52:17","date_gmt":"2018-12-15T20:52:17","guid":{"rendered":"https:\/\/publikumskonferenz.de\/blog\/?post_type=news&#038;p=4473"},"modified":"2018-12-15T21:52:27","modified_gmt":"2018-12-15T20:52:27","slug":"eugh-entscheidung-rundfunkbeitrag-in-deutschland-ist-mit-eu%e2%80%91recht-vereinbar","status":"publish","type":"news","link":"https:\/\/publikumskonferenz.de\/blog\/news\/eugh-entscheidung-rundfunkbeitrag-in-deutschland-ist-mit-eu%e2%80%91recht-vereinbar\/","title":{"rendered":"EuGH-Entscheidung: Rundfunkbeitrag in Deutschland ist mit EU\u2011Recht vereinbar"},"content":{"rendered":"<p><strong>EuGH-Entscheidung: Rundfunkbeitrag in Deutschland ist mit EU\u2011Recht vereinbar<\/strong><\/p>\n<p>https:\/\/www.medienkorrespondenz.de\/politik\/artikel\/eugh-rundfunkbeitrag-in-deutschland-ist-mit-eu-recht-vereinbar.html<\/p>\n<p>Der Beitrag sei keine unerlaubte staatliche Beihilfe und versto\u00dfe nicht gegen EU-Recht<\/p>\n<p>https:\/\/www.faz.net\/aktuell\/feuilleton\/medien\/eugh-urteil-deutscher-rundfunkbeitrag-ist-rechtens-15939628.html<\/p>\n<p>Der deutsche Rundfunkbeitrag ist nach einem Urteil des Europ\u00e4ischen Gerichtshofs rechtm\u00e4\u00dfig. Der Beitrag sei keine unerlaubte staatliche Beihilfe und versto\u00dfe nicht gegen EU-Recht, urteilten die Luxemburger Richter am Donnerstag (Rechtssache C-492\/17).<\/p>\n<p>https:\/\/www.berliner-zeitung.de\/kultur\/gebuehren-bleiben-deutscher-rundfunkbeitrag-verstoesst-nicht-gegen-eu-recht-31736712<\/p>\n<p><strong>Der Europ\u00e4ische Gerichtshof sieht in dem Beitrag keine unerlaubte staatliche Beihilfe. Das hat das h\u00f6chste EU-Gericht in Luxemburg entschieden<\/strong><\/p>\n<p>Die Luxemburger Richter stellten nun fest, dass die Ersetzung der alten Rundfunkgeb\u00fchr, die pro Empfangsger\u00e4t zu entrichten war, durch den neuen Beitrag von monatlich 17,50 Euro pro Haushalt keine erhebliche \u00c4nderung der Finanzierungsregelung f\u00fcr den \u00f6ffentlich-rechtlichen Rundfunk in Deutschland darstellt. Nach den EU-Rechtsvorschriften \u00fcber staatliche Beihilfen sei es nicht verboten ist, dass Staaten den \u00f6ffentlich-rechtlichen Sendern vom allgemeinen Recht abweichende Befugnisse einr\u00e4umen, die es ihnen erlauben, die Zwangsvollstreckung von Forderungen aus r\u00fcckst\u00e4ndigen Rundfunkbeitr\u00e4gen selbst zu betreiben. Die Richter betonten zudem, dass die neuen Regeln die Erhebung des Rundfunkbeitrags vor allem vereinfachen sollten. Sie h\u00e4tten \u201ezu keiner wesentlichen Erh\u00f6hung der Verg\u00fctung gef\u00fchrt, die die \u00f6ffentlich-rechtlichen Sender erhalten, um die Kosten zu decken, die mit der Erf\u00fcllung ihres \u00f6ffentlichen Auftrags verbunden sind\u201c, hei\u00dft es im Urteil.<\/p>\n<p>https:\/\/www.tagesspiegel.de\/medien\/europaeischer-gerichtshof-deutscher-rundfunkbeitrag-ist-rechtens\/23757318.html<\/p>\n<p>Vorgelegt worden waren dem EuGH die Fragen zur Vereinbarkeit von Rundfunkbeitrag mit dem EU-Recht vom Landgericht T\u00fcbingen. Einen Teil der Fragen stufte der EuGH laut seiner Mitteilung als unzul\u00e4ssig ein. Im Lichte des Urteils muss die deutsche Justiz den Fall nun abschlie\u00dfen.<\/p>\n<p>https:\/\/www.faz.net\/aktuell\/feuilleton\/medien\/eugh-urteil-deutscher-rundfunkbeitrag-ist-rechtens-15939628.html<\/p>\n<p>Die Entscheidung war erwartet worden, nachdem ein Gutachter des Europ\u00e4ischen Gerichtshofes sich bereits im September daf\u00fcr ausgesprochen hatte, dass der Rundfunkbeitrag nicht gegen EU-Recht versto\u00dfe.<\/p>\n<p>https:\/\/www.sueddeutsche.de\/medien\/gez-rundfunkbeitrag-eugh-urteil-1.4251452<\/p>\n<p>ZDF-Intendant Thomas Bellut zeigte sich erwartungsgem\u00e4\u00df zufrieden: &#8222;Nach der Entscheidung des Bundesverfassungsgerichts im Juli ist der Rundfunkbeitrag jetzt auch in der Europ\u00e4ischen Union abgesichert. Damit besteht Rechtssicherheit auf allen Ebenen.&#8220;<\/p>\n<p>https:\/\/www.dwdl.de\/nachrichten\/70162\/europaeischer_gerichtshof_rundfunkbeitrag_ist_rechtens\/<\/p>\n<p>Der ARD-Vorsitzende Ulrich Wilhelm sagt: &#8222;Klarer h\u00e4tte die Entscheidung des EuGH nicht ausfallen k\u00f6nnen. Sie schafft nun auch europarechtlich Rechtssicherheit.&#8220; SWR-Justitiar, Hermann Eicher, der federf\u00fchrend f\u00fcr die ARD alle juristischen Fragen rund um den  Rundfunkbeitrag betreut, sieht die Reform der Rundfunkfinanzierung damit auch in der juristischen Nachbearbeitung auf der Zielgeraden: &#8222;Der Rundfunkbeitrag hat nun auch die europarechtliche H\u00fcrde eindrucksvoll genommen und man kann dem Einzelrichter am LG T\u00fcbingen geradezu dankbar sein f\u00fcr diese Vorlage, die nun f\u00fcr Klarheit gesorgt hat&#8220;, so der SWR-Justitiar.<\/p>\n<p>https:\/\/www.presseportal.de\/pm\/29876\/4142510<\/p>\n<p>EMR: Aktuelles Stichwort zum heutigen Urteil des EuGH zum Rundfunkbeitrag<\/p>\n<blockquote class=\"wp-embedded-content\" data-secret=\"b6FIZ7QHRA\"><p><a href=\"https:\/\/emr-sb.de\/4378-2\/\">Aktuelles Stichwort zum heutigen Urteil des EuGH zum Rundfunkbeitrag<\/a><\/p><\/blockquote>\n<p><iframe loading=\"lazy\" class=\"wp-embedded-content\" sandbox=\"allow-scripts\" security=\"restricted\" style=\"position: absolute; clip: rect(1px, 1px, 1px, 1px);\" title=\"&#8222;Aktuelles Stichwort zum heutigen Urteil des EuGH zum Rundfunkbeitrag&#8220; &#8212; Institut f\u00fcr Europ\u00e4isches Medienrecht\" src=\"https:\/\/emr-sb.de\/4378-2\/embed\/#?secret=RScT6wkvNe#?secret=b6FIZ7QHRA\" data-secret=\"b6FIZ7QHRA\" width=\"600\" height=\"338\" frameborder=\"0\" marginwidth=\"0\" marginheight=\"0\" scrolling=\"no\"><\/iframe><\/p>\n<div class=\"twoclick_social_bookmarks_post_4473 social_share_privacy clearfix 1.6.4 locale-de_DE sprite-de_DE\"><\/div><div class=\"twoclick-js\"><script type=\"text\/javascript\">\/* <![CDATA[ *\/\njQuery(document).ready(function($){if($('.twoclick_social_bookmarks_post_4473')){$('.twoclick_social_bookmarks_post_4473').socialSharePrivacy({\"services\":{\"facebook\":{\"status\":\"on\",\"txt_info\":\"2 Klicks f\\u00fcr mehr Datenschutz: Erst wenn Sie hier klicken, wird der Button aktiv und Sie k\\u00f6nnen Ihre Empfehlung an Facebook senden. Schon beim Aktivieren werden Daten an Dritte \\u00fcbertragen - siehe <em>i<\\\/em>.\",\"perma_option\":\"off\",\"action\":\"like\",\"language\":\"de_DE\"},\"twitter\":{\"reply_to\":\"\",\"tweet_text\":\"%20EuGH-Entscheidung%3A%20Rundfunkbeitrag%20in%20Deutschland%20ist%20mit%20EU%E2%80%91Recht%20vereinbar%20...\",\"status\":\"on\",\"txt_info\":\"2 Klicks f\\u00fcr mehr Datenschutz: Erst wenn Sie hier klicken, wird der Button aktiv und Sie k\\u00f6nnen Ihre Empfehlung an Twitter senden. Schon beim Aktivieren werden Daten an Dritte \\u00fcbertragen - siehe <em>i<\\\/em>.\",\"perma_option\":\"off\",\"language\":\"de\",\"referrer_track\":\"\"}},\"txt_help\":\"Wenn Sie diese Felder durch einen Klick aktivieren, werden Informationen an Facebook, Twitter, Flattr, Xing, t3n, LinkedIn, Pinterest oder Google eventuell ins Ausland \\u00fcbertragen und unter Umst\\u00e4nden auch dort gespeichert. N\\u00e4heres erfahren Sie durch einen Klick auf das <em>i<\\\/em>.\",\"settings_perma\":\"Dauerhaft aktivieren und Daten\\u00fcber-tragung zustimmen:\",\"info_link\":\"http:\\\/\\\/www.heise.de\\\/ct\\\/artikel\\\/2-Klicks-fuer-mehr-Datenschutz-1333879.html\",\"uri\":\"https:\\\/\\\/publikumskonferenz.de\\\/blog\\\/news\\\/eugh-entscheidung-rundfunkbeitrag-in-deutschland-ist-mit-eu%e2%80%91recht-vereinbar\\\/\",\"post_id\":4473,\"post_title_referrer_track\":\"EuGH-Entscheidung%3A+Rundfunkbeitrag+in+Deutschland+ist+mit+EU%E2%80%91Recht+vereinbar\",\"display_infobox\":\"on\"});}});\n\/* ]]> *\/<\/script><\/div>","protected":false},"excerpt":{"rendered":"<p>EuGH-Entscheidung: Rundfunkbeitrag in Deutschland ist mit EU\u2011Recht vereinbar https:\/\/www.medienkorrespondenz.de\/politik\/artikel\/eugh-rundfunkbeitrag-in-deutschland-ist-mit-eu-recht-vereinbar.html Der Beitrag sei keine unerlaubte staatliche Beihilfe und versto\u00dfe nicht gegen EU-Recht https:\/\/www.faz.net\/aktuell\/feuilleton\/medien\/eugh-urteil-deutscher-rundfunkbeitrag-ist-rechtens-15939628.html Der deutsche Rundfunkbeitrag ist nach einem Urteil des Europ\u00e4ischen Gerichtshofs rechtm\u00e4\u00dfig. Der Beitrag sei keine unerlaubte staatliche Beihilfe &hellip;<\/p>\n<p class=\"read-more\"> <a class=\"more-link\" href=\"https:\/\/publikumskonferenz.de\/blog\/news\/eugh-entscheidung-rundfunkbeitrag-in-deutschland-ist-mit-eu%e2%80%91recht-vereinbar\/\"> <span class=\"screen-reader-text\">EuGH-Entscheidung: Rundfunkbeitrag in Deutschland ist mit EU\u2011Recht vereinbar<\/span> Weiterlesen &raquo;<\/a><\/p>\n","protected":false},"author":2,"featured_media":0,"comment_status":"closed","ping_status":"closed","template":"","categories":[],"newstags":[],"class_list":["post-4473","news","type-news","status-publish","hentry"],"_links":{"self":[{"href":"https:\/\/publikumskonferenz.de\/blog\/wp-json\/wp\/v2\/news\/4473","targetHints":{"allow":["GET"]}}],"collection":[{"href":"https:\/\/publikumskonferenz.de\/blog\/wp-json\/wp\/v2\/news"}],"about":[{"href":"https:\/\/publikumskonferenz.de\/blog\/wp-json\/wp\/v2\/types\/news"}],"author":[{"embeddable":true,"href":"https:\/\/publikumskonferenz.de\/blog\/wp-json\/wp\/v2\/users\/2"}],"replies":[{"embeddable":true,"href":"https:\/\/publikumskonferenz.de\/blog\/wp-json\/wp\/v2\/comments?post=4473"}],"wp:attachment":[{"href":"https:\/\/publikumskonferenz.de\/blog\/wp-json\/wp\/v2\/media?parent=4473"}],"wp:term":[{"taxonomy":"category","embeddable":true,"href":"https:\/\/publikumskonferenz.de\/blog\/wp-json\/wp\/v2\/categories?post=4473"},{"taxonomy":"newstags","embeddable":true,"href":"https:\/\/publikumskonferenz.de\/blog\/wp-json\/wp\/v2\/newstags?post=4473"}],"curies":[{"name":"wp","href":"https:\/\/api.w.org\/{rel}","templated":true}]}}