{"id":4489,"date":"2018-12-20T22:10:24","date_gmt":"2018-12-20T21:10:24","guid":{"rendered":"https:\/\/publikumskonferenz.de\/blog\/?post_type=news&#038;p=4489"},"modified":"2018-12-20T22:10:24","modified_gmt":"2018-12-20T21:10:24","slug":"putins-jahrespressekonferenz","status":"publish","type":"news","link":"https:\/\/publikumskonferenz.de\/blog\/news\/putins-jahrespressekonferenz\/","title":{"rendered":"Putins Jahrespressekonferenz"},"content":{"rendered":"<p>Wenn Putin zur <a href=\"http:\/\/kremlin.ru\/events\/president\/news\/59455\">Jahrespressekonferenz<\/a> ruft, stehen die Medien Gewehr bei Fuss. Ich habe mir die Pressekonferenz angesehen und will nun das Gesagte einmal mit dem abgleichen, was in den deutschen Medien dar\u00fcber geschrieben wurde. Frage vorweg: Glauben Sie, dass objektiv berichtet wurde?   <\/p>\n<p>Das war nat\u00fcrlich nur eine rhetorische Frage, denn die Antwort lautet jedes Jahr wieder \u201eNein\u201c. Und das will ich nun an dem belegen, was die deutschen Medien geschrieben haben.  Im Spiegel kann man in einem Artikel, der mehrmals aktualisiert wurde, nun folgende \u00dcberschrift: \u201ePutin verteidigt Einsatz privater S\u00f6ldner durch russische Oligarchen\u201c   <\/p>\n<p>Das ist zwar schon nicht mehr ganz schlimm, wie die vorherige \u00dcberschrift des Artikels, wo unbedingt das Wort \u201eAtomkrieg\u201c vorkommen musste, aber dazu gleich mehr.  <\/p>\n<p>Zu den \u201eS\u00f6ldnern\u201c kann man dann im Spiegel lesen: \u201eRusslands Pr\u00e4sident Wladimir Putin hat bei seiner j\u00e4hrlichen Pressekonferenz den Einsatz privater S\u00f6ldner im Ausland verteidigt. Die sogenannte Wagner Gruppe, die dem Putin-Vertrauten und Oligarchen Jewgeni Prgoschin zugerechnet wird, habe das Recht, ihre Interessen auf der ganzen Welt durchzusetzen, solange sie nicht gegen russisches Recht verstie\u00dfen, sagte Putin. (\u2026) &#8222;Ich wiederhole, sie brechen nicht die russischen Gesetze und haben das Recht \u00fcberall auf der Welt zu arbeiten und ihre Gesch\u00e4ftsinteressen zu verteidigen&#8220; sagte Putin. &#8222;Sollte die Wagner Gruppe irgendwelche Gesetze missachten, muss die Staatsanwaltschaft eine rechtliche Bewertung abgeben.&#8220;\u201c  <\/p>\n<p>So aus dem Zusammenhang gerissen, klingt das schlimmer, als es ist. Die Frage des Journalisten war in der Tat sehr kritisch, es war ein Journalist von der oppositionellen \u201eNovaya Gazetta\u201c. Ja, es gibt tats\u00e4chlich oppositionelle Medien in Russland und die d\u00fcrfen auch Fragen stellen.<\/p>\n<p><a href=\"https:\/\/www.anti-spiegel.ru\/blog\/russland-bashing-in-der-deutschen-presse-putins-jahrespressekonferenz\">Weiterlesen auf Anti-Spiegel&#8230;<\/a><\/p>\n<div class=\"twoclick_social_bookmarks_post_4489 social_share_privacy clearfix 1.6.4 locale-de_DE sprite-de_DE\"><\/div><div class=\"twoclick-js\"><script type=\"text\/javascript\">\/* <![CDATA[ *\/\njQuery(document).ready(function($){if($('.twoclick_social_bookmarks_post_4489')){$('.twoclick_social_bookmarks_post_4489').socialSharePrivacy({\"services\":{\"facebook\":{\"status\":\"on\",\"txt_info\":\"2 Klicks f\\u00fcr mehr Datenschutz: Erst wenn Sie hier klicken, wird der Button aktiv und Sie k\\u00f6nnen Ihre Empfehlung an Facebook senden. Schon beim Aktivieren werden Daten an Dritte \\u00fcbertragen - siehe <em>i<\\\/em>.\",\"perma_option\":\"off\",\"action\":\"like\",\"language\":\"de_DE\"},\"twitter\":{\"reply_to\":\"\",\"tweet_text\":\"%20Putins%20Jahrespressekonferenz%20%C2%BB%20St%C3%A4ndige%20Publikumskonferenz%20der%20...\",\"status\":\"on\",\"txt_info\":\"2 Klicks f\\u00fcr mehr Datenschutz: Erst wenn Sie hier klicken, wird der Button aktiv und Sie k\\u00f6nnen Ihre Empfehlung an Twitter senden. Schon beim Aktivieren werden Daten an Dritte \\u00fcbertragen - siehe <em>i<\\\/em>.\",\"perma_option\":\"off\",\"language\":\"de\",\"referrer_track\":\"\"}},\"txt_help\":\"Wenn Sie diese Felder durch einen Klick aktivieren, werden Informationen an Facebook, Twitter, Flattr, Xing, t3n, LinkedIn, Pinterest oder Google eventuell ins Ausland \\u00fcbertragen und unter Umst\\u00e4nden auch dort gespeichert. N\\u00e4heres erfahren Sie durch einen Klick auf das <em>i<\\\/em>.\",\"settings_perma\":\"Dauerhaft aktivieren und Daten\\u00fcber-tragung zustimmen:\",\"info_link\":\"http:\\\/\\\/www.heise.de\\\/ct\\\/artikel\\\/2-Klicks-fuer-mehr-Datenschutz-1333879.html\",\"uri\":\"https:\\\/\\\/publikumskonferenz.de\\\/blog\\\/news\\\/putins-jahrespressekonferenz\\\/\",\"post_id\":4489,\"post_title_referrer_track\":\"Putins+Jahrespressekonferenz\",\"display_infobox\":\"on\"});}});\n\/* ]]> *\/<\/script><\/div>","protected":false},"excerpt":{"rendered":"<p>Wenn Putin zur Jahrespressekonferenz ruft, stehen die Medien Gewehr bei Fuss. Ich habe mir die Pressekonferenz angesehen und will nun das Gesagte einmal mit dem abgleichen, was in den deutschen Medien dar\u00fcber geschrieben wurde. Frage vorweg: Glauben Sie, dass objektiv &hellip;<\/p>\n<p class=\"read-more\"> <a class=\"more-link\" href=\"https:\/\/publikumskonferenz.de\/blog\/news\/putins-jahrespressekonferenz\/\"> <span class=\"screen-reader-text\">Putins Jahrespressekonferenz<\/span> Weiterlesen &raquo;<\/a><\/p>\n","protected":false},"author":2,"featured_media":0,"comment_status":"closed","ping_status":"closed","template":"","categories":[],"newstags":[],"class_list":["post-4489","news","type-news","status-publish","hentry"],"_links":{"self":[{"href":"https:\/\/publikumskonferenz.de\/blog\/wp-json\/wp\/v2\/news\/4489","targetHints":{"allow":["GET"]}}],"collection":[{"href":"https:\/\/publikumskonferenz.de\/blog\/wp-json\/wp\/v2\/news"}],"about":[{"href":"https:\/\/publikumskonferenz.de\/blog\/wp-json\/wp\/v2\/types\/news"}],"author":[{"embeddable":true,"href":"https:\/\/publikumskonferenz.de\/blog\/wp-json\/wp\/v2\/users\/2"}],"replies":[{"embeddable":true,"href":"https:\/\/publikumskonferenz.de\/blog\/wp-json\/wp\/v2\/comments?post=4489"}],"wp:attachment":[{"href":"https:\/\/publikumskonferenz.de\/blog\/wp-json\/wp\/v2\/media?parent=4489"}],"wp:term":[{"taxonomy":"category","embeddable":true,"href":"https:\/\/publikumskonferenz.de\/blog\/wp-json\/wp\/v2\/categories?post=4489"},{"taxonomy":"newstags","embeddable":true,"href":"https:\/\/publikumskonferenz.de\/blog\/wp-json\/wp\/v2\/newstags?post=4489"}],"curies":[{"name":"wp","href":"https:\/\/api.w.org\/{rel}","templated":true}]}}