{"id":4676,"date":"2019-02-19T22:13:36","date_gmt":"2019-02-19T21:13:36","guid":{"rendered":"https:\/\/publikumskonferenz.de\/blog\/?post_type=news&#038;p=4676"},"modified":"2019-02-19T22:13:36","modified_gmt":"2019-02-19T21:13:36","slug":"tacheles-e-v-wird-25-und-ist-heute-notwendiger-denn-je","status":"publish","type":"news","link":"https:\/\/publikumskonferenz.de\/blog\/news\/tacheles-e-v-wird-25-und-ist-heute-notwendiger-denn-je\/","title":{"rendered":"Tacheles e.V. wird 25 &#8211; und ist heute notwendiger denn je!"},"content":{"rendered":"<p><strong>Pressemitteilung vom 20.02.2019<\/strong><\/p>\n<p><strong>25 Jahre Widerstand gegen Rassismus, Ausgrenzung und f\u00fcr soziale Rechte \u2013 Tacheles e.V. wird 25 &#8211; und ist heute notwendiger denn je!<\/strong><\/p>\n<p>Der Erwerbslosen- und Sozialhilfeverein Tacheles wurde vor 25 Jahren, am 24. Februar 1994, als Reaktion auf die rassistischen Brandanschl\u00e4ge von Solingen und M\u00f6lln gegr\u00fcndet. Zentrales Motiv war es, Menschen in Notlagen durch praktisches, solidarisches Handeln zu unterst\u00fctzen, ihre Rechte wahrzunehmen. Dabei wirkt die \u00dcberwindung materieller und gesellschaftlicher Ausgrenzung dem Gef\u00fchl sozialer Deklassierung entgegen und beugt somit rassistisch motivierten Neiddebatten und -handlungen vor.<\/p>\n<p>Der Verein ist als Interessenvertretung von Arbeitslosen und materiell benachteiligten Menschen im Laufe der Jahre \u00fcber die Grenzen Wuppertals hinaus aktiv und bekannt geworden. Begonnen hat alles 1994 mit Sozialberatung am K\u00fcchentisch von Harald Thom\u00e9, Gr\u00fcndungsmitglied und heutiger Vorsitzende des Vereins. Seitdem wurden die Aktivit\u00e4ten von Tacheles stetig ausgeweitet. Regional und bundesweit bekannt, betreibt der Verein inzwischen eine Homepage mit ca. 4,5 Mio. Zugriffen im Monat sowie ein Arbeitslosenzentrum mit Stadtteil- und Ausflugscaf\u00e9 an der Nordbahntrasse.<\/p>\n<p>Aber vor allem bietet Tacheles seit eh und je Sozialberatung an und trotz vergr\u00f6\u00dfertem Team und neuen R\u00e4umlichkeiten kann der Verein den Bedarf an Hilfe und Unterst\u00fctzung kaum decken. Die Tacheles-Beratung ist beh\u00f6rdenunabh\u00e4ngig und parteiisch im Sinne der Ratsuchenden. Sie umfasst Informationen, Hilfestellungen und Tipps im Umgang mit den \u00c4mtern sowie Unterst\u00fctzung bei der Durchsetzung von Leistungsanspr\u00fcchen gegen\u00fcber den Beh\u00f6rden.<\/p>\n<p>Die Sozialberatung wurde von der Vereinsgr\u00fcndung bis heute stets ehrenamtlich geleistet. Hierf\u00fcr erh\u00e4lt der Verein keine \u00f6ffentliche F\u00f6rderung. Die konsequente Unterst\u00fctzung von Leistungsberechtigten durch Tacheles e.V. bei der Durchsetzung ihrer Rechte ist offensichtlich nicht erw\u00fcnscht und wird nicht finanziert. Trotzdem beraten die ehrenamtlichen Kr\u00e4fte pro Jahr ungef\u00e4hr 2.000 Menschen pers\u00f6nlich. In den 25 Jahren kommt so eine mittlere f\u00fcnfstellige Zahl an Menschen zusammen, die sich vertrauensvoll an den Verein gewendet hat.<\/p>\n<p>Neben dem Beratungsangebot engagiert sich der Verein in der Sozialpolitik. Er ist sehr gut vernetzt und beteiligt sich an lokalen, regionalen und bundesweiten Initiativen zur Verbesserung der Lage von Menschen, die von Armut bedroht oder betroffen sind. Die Homepage des Vereins dient als Plattform f\u00fcr zahlreiche politische und rechtliche Informationen rund um das Thema soziale Sicherung. Tacheles schreibt Stellungnahmen zu Gesetzgebungsverfahren, Aktive des Vereins wurden als  Sachverst\u00e4ndige zu Bundestagsanh\u00f6rungen geladen und waren zuletzt als sachverst\u00e4ndige Dritte bei einer Anh\u00f6rung des Bundesverfassungsgerichts beteiligt.<\/p>\n<p>Zudem gibt der Verein den \u201eLeitfaden ALG II\/Sozialhilfe von A-Z\u201c heraus, der noch in dem Monat  in 30. Auflage erscheint. Der Leitfaden geh\u00f6rt zu den anerkannten Ratgebern von Menschen, die auf Sozialleistungen angewiesen sind und deren Berater*innen.<\/p>\n<p>Seit sechs Jahren betreibt der Verein Tacheles das seine Beratungsstelle mit Stadtteiltreff im Loher Bahnhof an der Nordbahntrasse. Anl\u00e4sslich des 25-j\u00e4hrigen Jubil\u00e4ums ist f\u00fcr den 16. Juni rund um den Bahnhof ein gro\u00dfes \u201eFest der Solidarit\u00e4t\u201c geplant, das zusammen mit vielen anderen Wuppertaler Organisationen, Initiativen und ausw\u00e4rtigen G\u00e4sten gefeiert werden soll.<\/p>\n<p>F\u00fcr R\u00fcckfragen steht Harald Thom\u00e9 unter 0176 &#8211; 240 89 757 zur Verf\u00fcgung.<\/p>\n<p>Mit freundlichen Gr\u00fc\u00dfen<br \/>\nHarald Thom\u00e9 \/ Tacheles e.V.  Erwerbslosen- und Sozialhilfeverein<\/p>\n<p>Rudolfstr. 125<br \/>\n42285 Wuppertal<\/p>\n<p>Tel:  0202 &#8211; 31 84 41<br \/>\nFax: 0202 &#8211; 30 66 04  <\/p>\n<p>info@tacheles-sozialhilfe.den<br \/>\nwww.tacheles-sozialhilfe.de <\/p>\n<div class=\"twoclick_social_bookmarks_post_4676 social_share_privacy clearfix 1.6.4 locale-de_DE sprite-de_DE\"><\/div><div class=\"twoclick-js\"><script type=\"text\/javascript\">\/* <![CDATA[ *\/\njQuery(document).ready(function($){if($('.twoclick_social_bookmarks_post_4676')){$('.twoclick_social_bookmarks_post_4676').socialSharePrivacy({\"services\":{\"facebook\":{\"status\":\"on\",\"txt_info\":\"2 Klicks f\\u00fcr mehr Datenschutz: Erst wenn Sie hier klicken, wird der Button aktiv und Sie k\\u00f6nnen Ihre Empfehlung an Facebook senden. Schon beim Aktivieren werden Daten an Dritte \\u00fcbertragen - siehe <em>i<\\\/em>.\",\"perma_option\":\"off\",\"action\":\"like\",\"language\":\"de_DE\"},\"twitter\":{\"reply_to\":\"\",\"tweet_text\":\"%20Tacheles%20e.V.%20wird%2025%20%E2%80%93%20und%20ist%20heute%20notwendiger%20denn%20je%21%20%C2%BB%20...\",\"status\":\"on\",\"txt_info\":\"2 Klicks f\\u00fcr mehr Datenschutz: Erst wenn Sie hier klicken, wird der Button aktiv und Sie k\\u00f6nnen Ihre Empfehlung an Twitter senden. Schon beim Aktivieren werden Daten an Dritte \\u00fcbertragen - siehe <em>i<\\\/em>.\",\"perma_option\":\"off\",\"language\":\"de\",\"referrer_track\":\"\"}},\"txt_help\":\"Wenn Sie diese Felder durch einen Klick aktivieren, werden Informationen an Facebook, Twitter, Flattr, Xing, t3n, LinkedIn, Pinterest oder Google eventuell ins Ausland \\u00fcbertragen und unter Umst\\u00e4nden auch dort gespeichert. N\\u00e4heres erfahren Sie durch einen Klick auf das <em>i<\\\/em>.\",\"settings_perma\":\"Dauerhaft aktivieren und Daten\\u00fcber-tragung zustimmen:\",\"info_link\":\"http:\\\/\\\/www.heise.de\\\/ct\\\/artikel\\\/2-Klicks-fuer-mehr-Datenschutz-1333879.html\",\"uri\":\"https:\\\/\\\/publikumskonferenz.de\\\/blog\\\/news\\\/tacheles-e-v-wird-25-und-ist-heute-notwendiger-denn-je\\\/\",\"post_id\":4676,\"post_title_referrer_track\":\"Tacheles+e.V.+wird+25+%26%238211%3B+und+ist+heute+notwendiger+denn+je%21\",\"display_infobox\":\"on\"});}});\n\/* ]]> *\/<\/script><\/div>","protected":false},"excerpt":{"rendered":"<p>Pressemitteilung vom 20.02.2019 25 Jahre Widerstand gegen Rassismus, Ausgrenzung und f\u00fcr soziale Rechte \u2013 Tacheles e.V. wird 25 &#8211; und ist heute notwendiger denn je! Der Erwerbslosen- und Sozialhilfeverein Tacheles wurde vor 25 Jahren, am 24. Februar 1994, als Reaktion &hellip;<\/p>\n<p class=\"read-more\"> <a class=\"more-link\" href=\"https:\/\/publikumskonferenz.de\/blog\/news\/tacheles-e-v-wird-25-und-ist-heute-notwendiger-denn-je\/\"> <span class=\"screen-reader-text\">Tacheles e.V. wird 25 &#8211; und ist heute notwendiger denn je!<\/span> Weiterlesen &raquo;<\/a><\/p>\n","protected":false},"author":2,"featured_media":0,"comment_status":"closed","ping_status":"closed","template":"","categories":[],"newstags":[],"class_list":["post-4676","news","type-news","status-publish","hentry"],"_links":{"self":[{"href":"https:\/\/publikumskonferenz.de\/blog\/wp-json\/wp\/v2\/news\/4676","targetHints":{"allow":["GET"]}}],"collection":[{"href":"https:\/\/publikumskonferenz.de\/blog\/wp-json\/wp\/v2\/news"}],"about":[{"href":"https:\/\/publikumskonferenz.de\/blog\/wp-json\/wp\/v2\/types\/news"}],"author":[{"embeddable":true,"href":"https:\/\/publikumskonferenz.de\/blog\/wp-json\/wp\/v2\/users\/2"}],"replies":[{"embeddable":true,"href":"https:\/\/publikumskonferenz.de\/blog\/wp-json\/wp\/v2\/comments?post=4676"}],"wp:attachment":[{"href":"https:\/\/publikumskonferenz.de\/blog\/wp-json\/wp\/v2\/media?parent=4676"}],"wp:term":[{"taxonomy":"category","embeddable":true,"href":"https:\/\/publikumskonferenz.de\/blog\/wp-json\/wp\/v2\/categories?post=4676"},{"taxonomy":"newstags","embeddable":true,"href":"https:\/\/publikumskonferenz.de\/blog\/wp-json\/wp\/v2\/newstags?post=4676"}],"curies":[{"name":"wp","href":"https:\/\/api.w.org\/{rel}","templated":true}]}}