{"id":4706,"date":"2019-02-26T18:59:21","date_gmt":"2019-02-26T17:59:21","guid":{"rendered":"https:\/\/publikumskonferenz.de\/blog\/?post_type=news&#038;p=4706"},"modified":"2019-02-26T18:59:21","modified_gmt":"2019-02-26T17:59:21","slug":"syrer-nicht-erst-im-mittelmeer-retten","status":"publish","type":"news","link":"https:\/\/publikumskonferenz.de\/blog\/news\/syrer-nicht-erst-im-mittelmeer-retten\/","title":{"rendered":"Syrer nicht erst im Mittelmeer retten"},"content":{"rendered":"<p><strong>\u201eSyrer nicht erst im Mittelmeer retten\u201c<\/strong><\/p>\n<p>Nach R\u00fcckkehr von einer Syrien-Reise fordert der Eichst\u00e4tter Bischof Gregor Maria Hanke ein Ende des Embargos und Solidarit\u00e4t mit den Menschen, die geblieben sind. \u201eDie Politik sollte sich viel mehr damit befassen, was k\u00f6nnen wir Gutes tun f\u00fcr die Menschen, die dort geblieben sind, die den Wiederaufbau wollen, die bereit sind, alles zu geben f\u00fcr den Wiederaufbau, weil sie ihr Land lieben\u201c, sagt Hanke in einem sehenswerten Interview. Handelten die politisch Verantwortlichen nicht, w\u00fcrden sich viele junge Menschen in Syrien \u00fcberlegen, das Land zu verlassen. \u201eUnd dann steht der Westen wieder vor der Frage, was machen wir mit diesen jungen Leuten, die zu uns kommen.\u201c<br \/>\n(&#8230;)<br \/>\nAllein, das Gespr\u00e4ch ist in Interviewf\u00fchrung wie Inhalt ein Kontrapunkt zur jahrelangen einseitigen Parteinahme und Stimmungsmache in den Mainstream-Medien, an eine Ausstrahlung in ARD oder ZDF oder dem Kommerz-TV ist nicht zu denken. Um so mehr sind alle Leserinnen und Leser gefragt, nach Kr\u00e4ften f\u00fcr dessen Verbreitung zu sorgen \u2013 und bei den Politikern in ihren Wahlkreisen nachzufragen, warum sie mit der Aufrechterhaltung der Sanktionen das Leid der Menschen in Syrien verl\u00e4ngern und eine neue Fluchtbewegung nach Europa provozieren. Auch Linke m\u00fcssen umdenken: Syrer sollten uns nicht erst k\u00fcmmern, wenn sie aus seeunt\u00fcchtigen Booten im Mittelmeer gerettet werden m\u00fcssen. Wiederaufbauhilfe f\u00fcr Syrien w\u00fcrde so manche Seenotrettung sparen.<\/p>\n<blockquote class=\"wp-embedded-content\" data-secret=\"AugdbObOzR\"><p><a href=\"https:\/\/www.nachdenkseiten.de\/?p=49523\">Syrer nicht erst im Mittelmeer retten<\/a><\/p><\/blockquote>\n<p><iframe loading=\"lazy\" class=\"wp-embedded-content\" sandbox=\"allow-scripts\" security=\"restricted\" style=\"position: absolute; clip: rect(1px, 1px, 1px, 1px);\" title=\"&#8222;Syrer nicht erst im Mittelmeer retten&#8220; &#8212; NachDenkSeiten - Die kritische Website\" src=\"https:\/\/www.nachdenkseiten.de\/?p=49523&#038;embed=true#?secret=AugdbObOzR\" data-secret=\"AugdbObOzR\" width=\"600\" height=\"338\" frameborder=\"0\" marginwidth=\"0\" marginheight=\"0\" scrolling=\"no\"><\/iframe><\/p>\n<div class=\"twoclick_social_bookmarks_post_4706 social_share_privacy clearfix 1.6.4 locale-de_DE sprite-de_DE\"><\/div><div class=\"twoclick-js\"><script type=\"text\/javascript\">\/* <![CDATA[ *\/\njQuery(document).ready(function($){if($('.twoclick_social_bookmarks_post_4706')){$('.twoclick_social_bookmarks_post_4706').socialSharePrivacy({\"services\":{\"facebook\":{\"status\":\"on\",\"txt_info\":\"2 Klicks f\\u00fcr mehr Datenschutz: Erst wenn Sie hier klicken, wird der Button aktiv und Sie k\\u00f6nnen Ihre Empfehlung an Facebook senden. Schon beim Aktivieren werden Daten an Dritte \\u00fcbertragen - siehe <em>i<\\\/em>.\",\"perma_option\":\"off\",\"action\":\"like\",\"language\":\"de_DE\"},\"twitter\":{\"reply_to\":\"\",\"tweet_text\":\"%20Syrer%20nicht%20erst%20im%20Mittelmeer%20retten%20%C2%BB%20St%C3%A4ndige%20Publikumskonferenz%20der%20...\",\"status\":\"on\",\"txt_info\":\"2 Klicks f\\u00fcr mehr Datenschutz: Erst wenn Sie hier klicken, wird der Button aktiv und Sie k\\u00f6nnen Ihre Empfehlung an Twitter senden. Schon beim Aktivieren werden Daten an Dritte \\u00fcbertragen - siehe <em>i<\\\/em>.\",\"perma_option\":\"off\",\"language\":\"de\",\"referrer_track\":\"\"}},\"txt_help\":\"Wenn Sie diese Felder durch einen Klick aktivieren, werden Informationen an Facebook, Twitter, Flattr, Xing, t3n, LinkedIn, Pinterest oder Google eventuell ins Ausland \\u00fcbertragen und unter Umst\\u00e4nden auch dort gespeichert. N\\u00e4heres erfahren Sie durch einen Klick auf das <em>i<\\\/em>.\",\"settings_perma\":\"Dauerhaft aktivieren und Daten\\u00fcber-tragung zustimmen:\",\"info_link\":\"http:\\\/\\\/www.heise.de\\\/ct\\\/artikel\\\/2-Klicks-fuer-mehr-Datenschutz-1333879.html\",\"uri\":\"https:\\\/\\\/publikumskonferenz.de\\\/blog\\\/news\\\/syrer-nicht-erst-im-mittelmeer-retten\\\/\",\"post_id\":4706,\"post_title_referrer_track\":\"Syrer+nicht+erst+im+Mittelmeer+retten\",\"display_infobox\":\"on\"});}});\n\/* ]]> *\/<\/script><\/div>","protected":false},"excerpt":{"rendered":"<p>\u201eSyrer nicht erst im Mittelmeer retten\u201c Nach R\u00fcckkehr von einer Syrien-Reise fordert der Eichst\u00e4tter Bischof Gregor Maria Hanke ein Ende des Embargos und Solidarit\u00e4t mit den Menschen, die geblieben sind. \u201eDie Politik sollte sich viel mehr damit befassen, was k\u00f6nnen &hellip;<\/p>\n<p class=\"read-more\"> <a class=\"more-link\" href=\"https:\/\/publikumskonferenz.de\/blog\/news\/syrer-nicht-erst-im-mittelmeer-retten\/\"> <span class=\"screen-reader-text\">Syrer nicht erst im Mittelmeer retten<\/span> Weiterlesen &raquo;<\/a><\/p>\n","protected":false},"author":2,"featured_media":0,"comment_status":"closed","ping_status":"closed","template":"","categories":[],"newstags":[],"class_list":["post-4706","news","type-news","status-publish","hentry"],"_links":{"self":[{"href":"https:\/\/publikumskonferenz.de\/blog\/wp-json\/wp\/v2\/news\/4706","targetHints":{"allow":["GET"]}}],"collection":[{"href":"https:\/\/publikumskonferenz.de\/blog\/wp-json\/wp\/v2\/news"}],"about":[{"href":"https:\/\/publikumskonferenz.de\/blog\/wp-json\/wp\/v2\/types\/news"}],"author":[{"embeddable":true,"href":"https:\/\/publikumskonferenz.de\/blog\/wp-json\/wp\/v2\/users\/2"}],"replies":[{"embeddable":true,"href":"https:\/\/publikumskonferenz.de\/blog\/wp-json\/wp\/v2\/comments?post=4706"}],"wp:attachment":[{"href":"https:\/\/publikumskonferenz.de\/blog\/wp-json\/wp\/v2\/media?parent=4706"}],"wp:term":[{"taxonomy":"category","embeddable":true,"href":"https:\/\/publikumskonferenz.de\/blog\/wp-json\/wp\/v2\/categories?post=4706"},{"taxonomy":"newstags","embeddable":true,"href":"https:\/\/publikumskonferenz.de\/blog\/wp-json\/wp\/v2\/newstags?post=4706"}],"curies":[{"name":"wp","href":"https:\/\/api.w.org\/{rel}","templated":true}]}}