{"id":4729,"date":"2019-03-06T20:46:23","date_gmt":"2019-03-06T19:46:23","guid":{"rendered":"https:\/\/publikumskonferenz.de\/blog\/?post_type=news&#038;p=4729"},"modified":"2019-03-06T20:50:37","modified_gmt":"2019-03-06T19:50:37","slug":"yvette-gerner-wird-intendantin-von-radio-bremen","status":"publish","type":"news","link":"https:\/\/publikumskonferenz.de\/blog\/news\/yvette-gerner-wird-intendantin-von-radio-bremen\/","title":{"rendered":"Yvette Gerner wird Intendantin von Radio Bremen"},"content":{"rendered":"<p>Radio Bremen ist die Sendeanstalt, die von uns noch ne mit einer Beschwerde bel\u00e4stigt wurde. Aber trotz unbemerkter Aktivit\u00e4ten gibt es die Anstalt und sie haben nun eine neue Spitze.<\/p>\n<p><strong>Yvette Gerner wird Intendantin von Radio Bremen<\/strong><\/p>\n<p>Der Rundfunkrat w\u00e4hlte die ZDF-Journalistin Yvette Gerner mit gro\u00dfer Mehrheit an die Spitze der kleinsten ARD-Anstalt. Gerner soll am 1. August Nachfolgerin von Jan Metzger werden. Er hatte sich nach zehn Jahren im Amt nicht mehr zur Wahl gestellt. Gerner ist seit 2010 Chefin vom Dienst in der Chefredaktion des ZDF. Sie ist die erste Frau an der Spitze des Senders und folgt auf acht Intendanten, die Radio Bremen seit 1945 geleitet haben.<\/p>\n<p>Auf der au\u00dferordentlichen Sitzung des Rundfunkrats sprachen sich die anwesenden stimmberechtigten Mitglieder mit gro\u00dfer Mehrheit f\u00fcr die 51-J\u00e4hrige aus. Dem Rundfunkrat geh\u00f6ren gegenw\u00e4rtig 31 Mitglieder an, erforderlich war die Mehrzahl ihrer Stimmen. &#8230;<\/p>\n<p>Den Wahlvorschlag f\u00fcr den Rundfunkrat hat eine vom Radio Bremen-Gesetz vorgeschriebene Findungskommission gemacht. Sie bestand aus sechs Mitgliedern des Rundfunkrats und drei Mitgliedern des Verwaltungsrats und hatte sich am 13. September 2018 unter Leitung des Vorsitzenden des Rundfunkrats konstituiert. Aus insgesamt 22 Bewerbungen wurden vier Kandidatinnen und vier Kandidaten zu Vorstellungsgespr\u00e4chen eingeladen. Die Findungskommission hatte sich f\u00fcr Yvette Gerner entschieden und sie mit einstimmigem Votum dem Rundfunkrat zur Wahl vorgeschlagen. <\/p>\n<p>Hinweis: Der Rundfunkrat h\u00e4tte das Wahlergebnis genauer bekanntgeben m\u00fcssen. Wie viele der 31 Mitglieder waren anwesend? Wie viele haben mit abgestimmt? Wie ist das genaue Wahlergebnis?  <\/p>\n<div class=\"twoclick_social_bookmarks_post_4729 social_share_privacy clearfix 1.6.4 locale-de_DE sprite-de_DE\"><\/div><div class=\"twoclick-js\"><script type=\"text\/javascript\">\/* <![CDATA[ *\/\njQuery(document).ready(function($){if($('.twoclick_social_bookmarks_post_4729')){$('.twoclick_social_bookmarks_post_4729').socialSharePrivacy({\"services\":{\"facebook\":{\"status\":\"on\",\"txt_info\":\"2 Klicks f\\u00fcr mehr Datenschutz: Erst wenn Sie hier klicken, wird der Button aktiv und Sie k\\u00f6nnen Ihre Empfehlung an Facebook senden. Schon beim Aktivieren werden Daten an Dritte \\u00fcbertragen - siehe <em>i<\\\/em>.\",\"perma_option\":\"off\",\"action\":\"like\",\"language\":\"de_DE\"},\"twitter\":{\"reply_to\":\"\",\"tweet_text\":\"%20Yvette%20Gerner%20wird%20Intendantin%20von%20Radio%20Bremen%20%C2%BB%20St%C3%A4ndige%20Publikumskonferenz%20...\",\"status\":\"on\",\"txt_info\":\"2 Klicks f\\u00fcr mehr Datenschutz: Erst wenn Sie hier klicken, wird der Button aktiv und Sie k\\u00f6nnen Ihre Empfehlung an Twitter senden. Schon beim Aktivieren werden Daten an Dritte \\u00fcbertragen - siehe <em>i<\\\/em>.\",\"perma_option\":\"off\",\"language\":\"de\",\"referrer_track\":\"\"}},\"txt_help\":\"Wenn Sie diese Felder durch einen Klick aktivieren, werden Informationen an Facebook, Twitter, Flattr, Xing, t3n, LinkedIn, Pinterest oder Google eventuell ins Ausland \\u00fcbertragen und unter Umst\\u00e4nden auch dort gespeichert. N\\u00e4heres erfahren Sie durch einen Klick auf das <em>i<\\\/em>.\",\"settings_perma\":\"Dauerhaft aktivieren und Daten\\u00fcber-tragung zustimmen:\",\"info_link\":\"http:\\\/\\\/www.heise.de\\\/ct\\\/artikel\\\/2-Klicks-fuer-mehr-Datenschutz-1333879.html\",\"uri\":\"https:\\\/\\\/publikumskonferenz.de\\\/blog\\\/news\\\/yvette-gerner-wird-intendantin-von-radio-bremen\\\/\",\"post_id\":4729,\"post_title_referrer_track\":\"Yvette+Gerner+wird+Intendantin+von+Radio+Bremen\",\"display_infobox\":\"on\"});}});\n\/* ]]> *\/<\/script><\/div>","protected":false},"excerpt":{"rendered":"<p>Radio Bremen ist die Sendeanstalt, die von uns noch ne mit einer Beschwerde bel\u00e4stigt wurde. Aber trotz unbemerkter Aktivit\u00e4ten gibt es die Anstalt und sie haben nun eine neue Spitze. Yvette Gerner wird Intendantin von Radio Bremen Der Rundfunkrat w\u00e4hlte &hellip;<\/p>\n<p class=\"read-more\"> <a class=\"more-link\" href=\"https:\/\/publikumskonferenz.de\/blog\/news\/yvette-gerner-wird-intendantin-von-radio-bremen\/\"> <span class=\"screen-reader-text\">Yvette Gerner wird Intendantin von Radio Bremen<\/span> Weiterlesen &raquo;<\/a><\/p>\n","protected":false},"author":2,"featured_media":0,"comment_status":"closed","ping_status":"closed","template":"","categories":[],"newstags":[],"class_list":["post-4729","news","type-news","status-publish","hentry"],"_links":{"self":[{"href":"https:\/\/publikumskonferenz.de\/blog\/wp-json\/wp\/v2\/news\/4729","targetHints":{"allow":["GET"]}}],"collection":[{"href":"https:\/\/publikumskonferenz.de\/blog\/wp-json\/wp\/v2\/news"}],"about":[{"href":"https:\/\/publikumskonferenz.de\/blog\/wp-json\/wp\/v2\/types\/news"}],"author":[{"embeddable":true,"href":"https:\/\/publikumskonferenz.de\/blog\/wp-json\/wp\/v2\/users\/2"}],"replies":[{"embeddable":true,"href":"https:\/\/publikumskonferenz.de\/blog\/wp-json\/wp\/v2\/comments?post=4729"}],"wp:attachment":[{"href":"https:\/\/publikumskonferenz.de\/blog\/wp-json\/wp\/v2\/media?parent=4729"}],"wp:term":[{"taxonomy":"category","embeddable":true,"href":"https:\/\/publikumskonferenz.de\/blog\/wp-json\/wp\/v2\/categories?post=4729"},{"taxonomy":"newstags","embeddable":true,"href":"https:\/\/publikumskonferenz.de\/blog\/wp-json\/wp\/v2\/newstags?post=4729"}],"curies":[{"name":"wp","href":"https:\/\/api.w.org\/{rel}","templated":true}]}}