{"id":4748,"date":"2019-03-12T20:57:11","date_gmt":"2019-03-12T19:57:11","guid":{"rendered":"https:\/\/publikumskonferenz.de\/blog\/?post_type=news&#038;p=4748"},"modified":"2019-03-14T20:16:21","modified_gmt":"2019-03-14T19:16:21","slug":"chefredakteur-von-ard-aktuell-kai-gniffke-bewirbt-sich-um-den-intendanten-posten-beim-swr","status":"publish","type":"news","link":"https:\/\/publikumskonferenz.de\/blog\/news\/chefredakteur-von-ard-aktuell-kai-gniffke-bewirbt-sich-um-den-intendanten-posten-beim-swr\/","title":{"rendered":"Chefredakteur von ARD-aktuell, Kai Gniffke bewirbt sich um den Intendanten-Posten beim SWR"},"content":{"rendered":"<p><strong>Zweikampf um SWR-Intendanz<\/strong><\/p>\n<p>Wechselt Tagesschau-Chefredakteur Kai Gniffke aus Hamburg zum Sender in den S\u00fcdwesten? Er muss bei der Wahl im Fr\u00fchsommer wohl gegen eine Lokalmatadorin antreten.<\/p>\n<p>Dem Vernehmen nach hat die sogenannte &#8222;AG Intendanz&#8220; &#8211; die Personalsuchkommission des SWR &#8211; in den vergangenen Tagen etwa ein halbes Dutzend Bewerbungen eingehend diskutiert. Bei der Vollversammlung des Rundfunk- und Verwaltungsrates am 22. M\u00e4rz sollen sich offenbar nur Stefanie Schneider sowie Kai Gniffke als Kandidaten vorstellen, hei\u00dft es aus verschiedenen Quellen. Gew\u00e4hlt werden soll dann im Fr\u00fchsommer.<\/p>\n<p>https:\/\/www.sueddeutsche.de\/medien\/ard-personalie-zweikampf-um-swr-intendanz-1.4361754<\/p>\n<p>Baden-Baden statt &#8222;Tagesschau&#8220;: Der Chefredakteur von ARD-aktuell, Kai Gniffke bewirbt sich um den Intendanten-Posten beim SWR. Seine Konkurrentin: Stefanie Schneider, Landessenderdirektorin f\u00fcr Baden-W\u00fcrttemberg.<\/p>\n<p>Stefanie Schneider kam nach diversen Stationen bei Privatsendern 1991 zum damaligen S\u00fcdwestfunk (SWF), 2014 \u00fcbernahm sie das Amt der SWR-Landessenderdirektorin Baden-W\u00fcrttemberg. Kai Gniffke ist seit 2006 Chefredakteur von ARD-aktuell, f\u00fcr den SWF war er nach dem Studium als Reporter t\u00e4tig.<\/p>\n<p>https:\/\/www.tagesspiegel.de\/gesellschaft\/medien\/nachfolge-von-peter-boudgoust-kai-gniffke-will-swr-intendant-werden\/24088832.html<\/p>\n<p>Bevor das Los auf diese beiden Kandidaten fiel, waren in den rundfunkpolitischen Kreisen im S\u00fcdwesten noch drei andere Namen gehandelt worden: die WDR-H\u00f6rfunkdirektorin Valerie Weber, der SWR-Verwaltungsdirektor Jan B\u00fcttner und der ZDF-Programmdirektor Norbert Himmler, der im Angebot der ZDF-Kan\u00e4le in den vergangenen Jahren zahlreiche neue Akzente gesetzt hat.<\/p>\n<p>Der scheidende Intendant Peter Boudgoust, der CDU-Mitglied ist und vor seiner Berufung zum Intendanten im Jahr 2007 Verwaltungsdirektor des SWR war, \u00fcbergibt seinem Nachfolger oder seiner Nachfolgerin einen Sender mit einem Jahresetat von rund 1,4 Milliarden Euro und 3600 Planstellen. Er ist, anders als manch andere in der ARD, finanziell und in seinem inneren Gef\u00fcge konsolidiert.<\/p>\n<p>https:\/\/www.faz.net\/aktuell\/feuilleton\/medien\/nimm-zwei-neue-intendanz-beim-swr-16083321.html<\/p>\n<p>Update: ARD, ZDF, Deutschlandradio<\/p>\n<p>Die Intendantenwahl beim SWR l\u00e4uft vielleicht nicht so geschmeidig, wie sich das Strippenzieher w\u00fcnschen. Dass nur zwei Kandidaten zur Wahl stehen, leuchtet einem Rundfunkratsmitglied gar nicht ein. Auch ein Ex-Intendant \u00fcbt Kritik.<\/p>\n<p>Der Vorsitzende des SWR-Landesrundfunkrats Baden-W\u00fcrttemberg, Volker Stich, spricht es offen aus: Dieses Vorgehen erscheine ihm intransparent, es gew\u00e4hrleiste keine Chancengleichheit f\u00fcr alle, die sich beworben haben. \u201eIn der heutigen Zeit ist es im \u00f6ffentlich-rechtlichen Rundfunk ein Gebot der Demokratie und Transparenz, dass f\u00e4hige Kandidatinnen und Kandidaten eine Chance erhalten, sich vorzustellen\u201c, sagte Stich im Gespr\u00e4ch mit FAZ.NET. Dies sei nicht gegeben, wenn die Zahl der Bewerber vorab \u2013 ohne Begr\u00fcndung \u2013 reduziert werde. So vorzugehen sch\u00fcre den Verdacht politischer Einflussnahme. Diesem Verfahren k\u00f6nne er nicht zustimmen.<\/p>\n<p>Insgesamt hatten sich f\u00fcnfzehn Kandidaten um die Nachfolge des Intendanten Peter Boudgoust beworben<\/p>\n<p>https:\/\/www.faz.net\/aktuell\/feuilleton\/medien\/kritik-am-prozedere-der-swr-intendantenwahl-16087073.html<\/p>\n<div class=\"twoclick_social_bookmarks_post_4748 social_share_privacy clearfix 1.6.4 locale-de_DE sprite-de_DE\"><\/div><div class=\"twoclick-js\"><script type=\"text\/javascript\">\/* <![CDATA[ *\/\njQuery(document).ready(function($){if($('.twoclick_social_bookmarks_post_4748')){$('.twoclick_social_bookmarks_post_4748').socialSharePrivacy({\"services\":{\"facebook\":{\"status\":\"on\",\"txt_info\":\"2 Klicks f\\u00fcr mehr Datenschutz: Erst wenn Sie hier klicken, wird der Button aktiv und Sie k\\u00f6nnen Ihre Empfehlung an Facebook senden. Schon beim Aktivieren werden Daten an Dritte \\u00fcbertragen - siehe <em>i<\\\/em>.\",\"perma_option\":\"off\",\"action\":\"like\",\"language\":\"de_DE\"},\"twitter\":{\"reply_to\":\"\",\"tweet_text\":\"%20Chefredakteur%20von%20ARD-aktuell%2C%20Kai%20Gniffke%20bewirbt%20sich%20um%20den%20Intendanten-Posten%20beim%20...\",\"status\":\"on\",\"txt_info\":\"2 Klicks f\\u00fcr mehr Datenschutz: Erst wenn Sie hier klicken, wird der Button aktiv und Sie k\\u00f6nnen Ihre Empfehlung an Twitter senden. Schon beim Aktivieren werden Daten an Dritte \\u00fcbertragen - siehe <em>i<\\\/em>.\",\"perma_option\":\"off\",\"language\":\"de\",\"referrer_track\":\"\"}},\"txt_help\":\"Wenn Sie diese Felder durch einen Klick aktivieren, werden Informationen an Facebook, Twitter, Flattr, Xing, t3n, LinkedIn, Pinterest oder Google eventuell ins Ausland \\u00fcbertragen und unter Umst\\u00e4nden auch dort gespeichert. N\\u00e4heres erfahren Sie durch einen Klick auf das <em>i<\\\/em>.\",\"settings_perma\":\"Dauerhaft aktivieren und Daten\\u00fcber-tragung zustimmen:\",\"info_link\":\"http:\\\/\\\/www.heise.de\\\/ct\\\/artikel\\\/2-Klicks-fuer-mehr-Datenschutz-1333879.html\",\"uri\":\"https:\\\/\\\/publikumskonferenz.de\\\/blog\\\/news\\\/chefredakteur-von-ard-aktuell-kai-gniffke-bewirbt-sich-um-den-intendanten-posten-beim-swr\\\/\",\"post_id\":4748,\"post_title_referrer_track\":\"Chefredakteur+von+ARD-aktuell%2C+Kai+Gniffke+bewirbt+sich+um+den+Intendanten-Posten+beim+SWR\",\"display_infobox\":\"on\"});}});\n\/* ]]> *\/<\/script><\/div>","protected":false},"excerpt":{"rendered":"<p>Zweikampf um SWR-Intendanz Wechselt Tagesschau-Chefredakteur Kai Gniffke aus Hamburg zum Sender in den S\u00fcdwesten? Er muss bei der Wahl im Fr\u00fchsommer wohl gegen eine Lokalmatadorin antreten. Dem Vernehmen nach hat die sogenannte &#8222;AG Intendanz&#8220; &#8211; die Personalsuchkommission des SWR &#8211; &hellip;<\/p>\n<p class=\"read-more\"> <a class=\"more-link\" href=\"https:\/\/publikumskonferenz.de\/blog\/news\/chefredakteur-von-ard-aktuell-kai-gniffke-bewirbt-sich-um-den-intendanten-posten-beim-swr\/\"> <span class=\"screen-reader-text\">Chefredakteur von ARD-aktuell, Kai Gniffke bewirbt sich um den Intendanten-Posten beim SWR<\/span> Weiterlesen &raquo;<\/a><\/p>\n","protected":false},"author":2,"featured_media":0,"comment_status":"closed","ping_status":"closed","template":"","categories":[],"newstags":[],"class_list":["post-4748","news","type-news","status-publish","hentry"],"_links":{"self":[{"href":"https:\/\/publikumskonferenz.de\/blog\/wp-json\/wp\/v2\/news\/4748","targetHints":{"allow":["GET"]}}],"collection":[{"href":"https:\/\/publikumskonferenz.de\/blog\/wp-json\/wp\/v2\/news"}],"about":[{"href":"https:\/\/publikumskonferenz.de\/blog\/wp-json\/wp\/v2\/types\/news"}],"author":[{"embeddable":true,"href":"https:\/\/publikumskonferenz.de\/blog\/wp-json\/wp\/v2\/users\/2"}],"replies":[{"embeddable":true,"href":"https:\/\/publikumskonferenz.de\/blog\/wp-json\/wp\/v2\/comments?post=4748"}],"wp:attachment":[{"href":"https:\/\/publikumskonferenz.de\/blog\/wp-json\/wp\/v2\/media?parent=4748"}],"wp:term":[{"taxonomy":"category","embeddable":true,"href":"https:\/\/publikumskonferenz.de\/blog\/wp-json\/wp\/v2\/categories?post=4748"},{"taxonomy":"newstags","embeddable":true,"href":"https:\/\/publikumskonferenz.de\/blog\/wp-json\/wp\/v2\/newstags?post=4748"}],"curies":[{"name":"wp","href":"https:\/\/api.w.org\/{rel}","templated":true}]}}