{"id":4771,"date":"2019-03-22T20:16:00","date_gmt":"2019-03-22T19:16:00","guid":{"rendered":"https:\/\/publikumskonferenz.de\/blog\/?post_type=news&#038;p=4771"},"modified":"2019-03-22T21:19:29","modified_gmt":"2019-03-22T20:19:29","slug":"die-falsche-geschichte-vom-hilfsgueter-konvoi-den-maduro-anzuenden-liess","status":"publish","type":"news","link":"https:\/\/publikumskonferenz.de\/blog\/news\/die-falsche-geschichte-vom-hilfsgueter-konvoi-den-maduro-anzuenden-liess\/","title":{"rendered":"Die falsche Geschichte vom Hilfsg\u00fcter-Konvoi, den Maduro anz\u00fcnden lie\u00df"},"content":{"rendered":"<p>Stefan Niggemeier hat auf \u00dcbermedien eine sehr gute Analyse der kollektiven Falschberichterstattung etablierter Medien zum &#8222;Hilfskonvoi f\u00fcr Venezuela&#8220; geschrieben. Unsere Autoren Volker Br\u00e4utigam und Friedhelm Klinkhammer schrieben bereits vor drei Wochen der Nachrichtenredaktion von ARD-aktuell folgendes ins Beschwerdebuch:<\/p>\n<blockquote><p>&#8220; Xenia B\u00f6ttcher betreibt <a href=\"https:\/\/publikumskonferenz.de\/blog\/2019\/03\/01\/venezuela-pfeif-auf-grundgesetz-und-voelkerrecht\/#more-4715\">bl\u00fctenreine AgitProp im Rahmen einer Tagesschau-Sendung.<\/a> Sie bewegt sich genau in dem \u201cFrame\u201d der Bundesregierung: Die USA wollen doch nur helfen, helfen, helfen, aber der b\u00f6se \u201eMachthaber\u201c Maduro lehnt die Hilfe ab, zum Schaden seiner hungernden B\u00fcrger. Eigeninteresse der USA? Freilich, schon, schon, ein kleines bisschen Eigeninteresse ist zwar dabei, aber aber aber haupts\u00e4chlich dient doch alles der Wiederbelebung der Wirtschaft Venezuelas \u2026 Die ARD-Korrespondentin scheut sich nicht einmal, einem Kriegseinsatz das Wort zu reden. Beweislos rechnet Xenia B\u00f6ttcher der Maduro-Regierung die Gewaltexzesse an der Grenze zu Kolumbien zu. Sie recherchiert nichts, sie hinterfragt nichts; Filmbelege und Zeugenaussagen, die ihrer vorgefassten Meinung entgegenstehen, ignoriert sie. Sie nimmt ungeniert in Kauf \u2013 der Platzhirsch ARD hat die Deutungshoheit, es besteht keine Gefahr \u2013 dass professionell arbeitende Journalisten ihre L\u00fcgengeschichten entlarven.&#8220;<\/p><\/blockquote>\n<p>Die L\u00fcgengeschichten wurden in diesem Falle in der Tat nicht nur von aufmerksamen Publikumsvertretern entlarvt, sondern auch von einem Journalisten, der die Recherche noch nicht verlernt hat. Gro\u00dfen Dank daf\u00fcr!<\/p>\n<p>&#8222;Als die venezolanische Opposition vor vier Wochen Hilfsg\u00fcter \u00fcber die Grenze ins Land bringen wollte, schreckten die Machthaber nicht einmal davor zur\u00fcck, einen Konvoi mit Lebensmitteln und Medizin in Brand zu setzen. Das war nur ein Detail in einem eskalierenden blutigen Konflikt, aber es wurde zu einem m\u00e4chtigen Symbol f\u00fcr die Perversit\u00e4t des Maduro-Regimes. Und zu einem gewichtigen Argument f\u00fcr eine milit\u00e4rische Intervention durch die Vereinigten Staaten.<\/p>\n<p>Nur war es offenbar gar nicht so. Der Konvoi auf einer Grenzbr\u00fccke zwischen Kolumbien und Venezuela wurde allem Anschein nach nicht von Maduros Leuten in Brand gesteckt, sondern durch einen Molotow-Cocktail, den ein oppositioneller Demonstrant in Richtung der Regierungstruppen warf.&#8220;<\/p>\n<p><a href=\"https:\/\/uebermedien.de\/36645\/die-falsche-geschichte-vom-hilfsgueter-konvoi-den-maduro-anzuenden-liess\/\">Weiterlesen auf \u00dcbermedien&#8230;.<\/a><\/p>\n<div class=\"twoclick_social_bookmarks_post_4771 social_share_privacy clearfix 1.6.4 locale-de_DE sprite-de_DE\"><\/div><div class=\"twoclick-js\"><script type=\"text\/javascript\">\/* <![CDATA[ *\/\njQuery(document).ready(function($){if($('.twoclick_social_bookmarks_post_4771')){$('.twoclick_social_bookmarks_post_4771').socialSharePrivacy({\"services\":{\"facebook\":{\"status\":\"on\",\"txt_info\":\"2 Klicks f\\u00fcr mehr Datenschutz: Erst wenn Sie hier klicken, wird der Button aktiv und Sie k\\u00f6nnen Ihre Empfehlung an Facebook senden. Schon beim Aktivieren werden Daten an Dritte \\u00fcbertragen - siehe <em>i<\\\/em>.\",\"perma_option\":\"off\",\"action\":\"like\",\"language\":\"de_DE\"},\"twitter\":{\"reply_to\":\"\",\"tweet_text\":\"%20Die%20falsche%20Geschichte%20vom%20Hilfsg%C3%BCter-Konvoi%2C%20den%20Maduro%20anz%C3%BCnden%20lie%C3%9F%20...\",\"status\":\"on\",\"txt_info\":\"2 Klicks f\\u00fcr mehr Datenschutz: Erst wenn Sie hier klicken, wird der Button aktiv und Sie k\\u00f6nnen Ihre Empfehlung an Twitter senden. Schon beim Aktivieren werden Daten an Dritte \\u00fcbertragen - siehe <em>i<\\\/em>.\",\"perma_option\":\"off\",\"language\":\"de\",\"referrer_track\":\"\"}},\"txt_help\":\"Wenn Sie diese Felder durch einen Klick aktivieren, werden Informationen an Facebook, Twitter, Flattr, Xing, t3n, LinkedIn, Pinterest oder Google eventuell ins Ausland \\u00fcbertragen und unter Umst\\u00e4nden auch dort gespeichert. N\\u00e4heres erfahren Sie durch einen Klick auf das <em>i<\\\/em>.\",\"settings_perma\":\"Dauerhaft aktivieren und Daten\\u00fcber-tragung zustimmen:\",\"info_link\":\"http:\\\/\\\/www.heise.de\\\/ct\\\/artikel\\\/2-Klicks-fuer-mehr-Datenschutz-1333879.html\",\"uri\":\"https:\\\/\\\/publikumskonferenz.de\\\/blog\\\/news\\\/die-falsche-geschichte-vom-hilfsgueter-konvoi-den-maduro-anzuenden-liess\\\/\",\"post_id\":4771,\"post_title_referrer_track\":\"Die+falsche+Geschichte+vom+Hilfsg%C3%BCter-Konvoi%2C+den+Maduro+anz%C3%BCnden+lie%C3%9F\",\"display_infobox\":\"on\"});}});\n\/* ]]> *\/<\/script><\/div>","protected":false},"excerpt":{"rendered":"<p>Stefan Niggemeier hat auf \u00dcbermedien eine sehr gute Analyse der kollektiven Falschberichterstattung etablierter Medien zum &#8222;Hilfskonvoi f\u00fcr Venezuela&#8220; geschrieben. Unsere Autoren Volker Br\u00e4utigam und Friedhelm Klinkhammer schrieben bereits vor drei Wochen der Nachrichtenredaktion von ARD-aktuell folgendes ins Beschwerdebuch: &#8220; Xenia &hellip;<\/p>\n<p class=\"read-more\"> <a class=\"more-link\" href=\"https:\/\/publikumskonferenz.de\/blog\/news\/die-falsche-geschichte-vom-hilfsgueter-konvoi-den-maduro-anzuenden-liess\/\"> <span class=\"screen-reader-text\">Die falsche Geschichte vom Hilfsg\u00fcter-Konvoi, den Maduro anz\u00fcnden lie\u00df<\/span> Weiterlesen &raquo;<\/a><\/p>\n","protected":false},"author":2,"featured_media":0,"comment_status":"closed","ping_status":"closed","template":"","categories":[],"newstags":[],"class_list":["post-4771","news","type-news","status-publish","hentry"],"_links":{"self":[{"href":"https:\/\/publikumskonferenz.de\/blog\/wp-json\/wp\/v2\/news\/4771","targetHints":{"allow":["GET"]}}],"collection":[{"href":"https:\/\/publikumskonferenz.de\/blog\/wp-json\/wp\/v2\/news"}],"about":[{"href":"https:\/\/publikumskonferenz.de\/blog\/wp-json\/wp\/v2\/types\/news"}],"author":[{"embeddable":true,"href":"https:\/\/publikumskonferenz.de\/blog\/wp-json\/wp\/v2\/users\/2"}],"replies":[{"embeddable":true,"href":"https:\/\/publikumskonferenz.de\/blog\/wp-json\/wp\/v2\/comments?post=4771"}],"wp:attachment":[{"href":"https:\/\/publikumskonferenz.de\/blog\/wp-json\/wp\/v2\/media?parent=4771"}],"wp:term":[{"taxonomy":"category","embeddable":true,"href":"https:\/\/publikumskonferenz.de\/blog\/wp-json\/wp\/v2\/categories?post=4771"},{"taxonomy":"newstags","embeddable":true,"href":"https:\/\/publikumskonferenz.de\/blog\/wp-json\/wp\/v2\/newstags?post=4771"}],"curies":[{"name":"wp","href":"https:\/\/api.w.org\/{rel}","templated":true}]}}