{"id":4818,"date":"2019-04-15T18:46:05","date_gmt":"2019-04-15T17:46:05","guid":{"rendered":"https:\/\/publikumskonferenz.de\/blog\/?post_type=news&#038;p=4818"},"modified":"2019-04-15T18:46:30","modified_gmt":"2019-04-15T17:46:30","slug":"livestreaming-im-internet-ist-nun-also-rundfunk","status":"publish","type":"news","link":"https:\/\/publikumskonferenz.de\/blog\/news\/livestreaming-im-internet-ist-nun-also-rundfunk\/","title":{"rendered":"Livestreaming im Internet ist nun also Rundfunk?"},"content":{"rendered":"<p><strong>Richtige Antworten auf falsche Fragen<\/p>\n<p>Folgen der seltsame &#8222;Drachenlord&#8220; und das, was die &#8222;Bild&#8220;-Zeitung im Internet sendet, den Gamern von &#8222;Piet Smiet&#8220; nach und werden als Rundfunk eingestuft? Vielleicht brauchen die Landesmedienanstalten auch einfach aktuell sinnvolle Aufgaben &#8230;<\/strong><\/p>\n<blockquote><p>Livestreaming im Internet ist nun also Rundfunk? Na ja. Genau gekl\u00e4rt ist die Rechtslage nicht, wie ein aktuelles Projekt der Medienanstalt Berlin-Brandenburg (wo, durchaus vorbildlich, zwei Bundesl\u00e4nder eine gemeinsame Medienanstalt haben) zeigt. Sie hat sich mit einem gr\u00f6\u00dferen Gegner angelegt, der &#8222;Bild&#8220;-Zeitung, die zwar an gedruckter Auflage kr\u00e4ftig verliert, aber in vielen Online-Erscheinungsformen erfolgreich ist. Eine dieser Erscheinungsformen ist ebenfalls Streaming, sogar von fernsehartigen Sendungen wie den Talkshows &#8222;Die richtigen Fragen&#8220; oder &#8222;Bild-Sport \u2013 Talk mit Thorsten Kinh\u00f6fer&#8220;. So etwas wollte die MABB als Rundfunk lizensierungspflichtig machen, unterlag vor Gericht und geht nun in die n\u00e4chste Instanz. \u2026 W\u00e4ren bild.de oder der &#8222;Drachenlord&#8220; Rundfunk, m\u00fcssten sie halt Lizenzen beantragen, die sie vermutlich auch bek\u00e4men. Das kostet etwas Geld, die Summe betr\u00e4gt aber &#8222;nicht monatlich 10.000,- Euro, sondern wird einmalig erhoben (Kostenrahmen: 100,-  bis 10.000,- Euro; die konkrete H\u00f6he bemisst sich u.a. am wirtschaftlichen Erfolg des Angebotes)&#8220;. Das teilte wie die D\u00fcsseldorfer LfM-NRW mit, um Missverst\u00e4ndnisse zu vermeiden, als sie 2017 die Livestreams des Gamerteams &#8222;PietSmit&#8220; auf der Plattform twitch.tv zu Rundfunk erkl\u00e4rt hatte \u2026 Obwohl laufend neue und nicht leicht zu beantwortende Fragen auftauchen, was auf Youtube erlaubt sein sollte und was nicht, obwohl Reichweite und Werbeeinnahmen der quasimonopolistischen Videoplattform weiter steigen und \u00fcber den Einfluss, den der Google-Konzern durch seine streng geheimen Algorithmen auf vielen Feldern nimmt, diskutiert wird, haben die Medienanstalten sich darum nicht zu scheren. Sie sind zust\u00e4ndig nur f\u00fcr das, was &#8222;als Rundfunk zu bewerten&#8220; ist (mit Ausnahme des \u00f6ffentlich-rechtlichen Rundfunks). Und Youtube ist das nicht.<\/p><\/blockquote>\n<div class=\"twoclick_social_bookmarks_post_4818 social_share_privacy clearfix 1.6.4 locale-de_DE sprite-de_DE\"><\/div><div class=\"twoclick-js\"><script type=\"text\/javascript\">\/* <![CDATA[ *\/\njQuery(document).ready(function($){if($('.twoclick_social_bookmarks_post_4818')){$('.twoclick_social_bookmarks_post_4818').socialSharePrivacy({\"services\":{\"facebook\":{\"status\":\"on\",\"txt_info\":\"2 Klicks f\\u00fcr mehr Datenschutz: Erst wenn Sie hier klicken, wird der Button aktiv und Sie k\\u00f6nnen Ihre Empfehlung an Facebook senden. Schon beim Aktivieren werden Daten an Dritte \\u00fcbertragen - siehe <em>i<\\\/em>.\",\"perma_option\":\"off\",\"action\":\"like\",\"language\":\"de_DE\"},\"twitter\":{\"reply_to\":\"\",\"tweet_text\":\"%20Livestreaming%20im%20Internet%20ist%20nun%20also%20Rundfunk%3F%20%C2%BB%20St%C3%A4ndige%20Publikumskonferenz%20...\",\"status\":\"on\",\"txt_info\":\"2 Klicks f\\u00fcr mehr Datenschutz: Erst wenn Sie hier klicken, wird der Button aktiv und Sie k\\u00f6nnen Ihre Empfehlung an Twitter senden. Schon beim Aktivieren werden Daten an Dritte \\u00fcbertragen - siehe <em>i<\\\/em>.\",\"perma_option\":\"off\",\"language\":\"de\",\"referrer_track\":\"\"}},\"txt_help\":\"Wenn Sie diese Felder durch einen Klick aktivieren, werden Informationen an Facebook, Twitter, Flattr, Xing, t3n, LinkedIn, Pinterest oder Google eventuell ins Ausland \\u00fcbertragen und unter Umst\\u00e4nden auch dort gespeichert. N\\u00e4heres erfahren Sie durch einen Klick auf das <em>i<\\\/em>.\",\"settings_perma\":\"Dauerhaft aktivieren und Daten\\u00fcber-tragung zustimmen:\",\"info_link\":\"http:\\\/\\\/www.heise.de\\\/ct\\\/artikel\\\/2-Klicks-fuer-mehr-Datenschutz-1333879.html\",\"uri\":\"https:\\\/\\\/publikumskonferenz.de\\\/blog\\\/news\\\/livestreaming-im-internet-ist-nun-also-rundfunk\\\/\",\"post_id\":4818,\"post_title_referrer_track\":\"Livestreaming+im+Internet+ist+nun+also+Rundfunk%3F\",\"display_infobox\":\"on\"});}});\n\/* ]]> *\/<\/script><\/div>","protected":false},"excerpt":{"rendered":"<p>Richtige Antworten auf falsche Fragen Folgen der seltsame &#8222;Drachenlord&#8220; und das, was die &#8222;Bild&#8220;-Zeitung im Internet sendet, den Gamern von &#8222;Piet Smiet&#8220; nach und werden als Rundfunk eingestuft? Vielleicht brauchen die Landesmedienanstalten auch einfach aktuell sinnvolle Aufgaben &#8230; Livestreaming im &hellip;<\/p>\n<p class=\"read-more\"> <a class=\"more-link\" href=\"https:\/\/publikumskonferenz.de\/blog\/news\/livestreaming-im-internet-ist-nun-also-rundfunk\/\"> <span class=\"screen-reader-text\">Livestreaming im Internet ist nun also Rundfunk?<\/span> Weiterlesen &raquo;<\/a><\/p>\n","protected":false},"author":2,"featured_media":0,"comment_status":"closed","ping_status":"closed","template":"","categories":[],"newstags":[],"class_list":["post-4818","news","type-news","status-publish","hentry"],"_links":{"self":[{"href":"https:\/\/publikumskonferenz.de\/blog\/wp-json\/wp\/v2\/news\/4818","targetHints":{"allow":["GET"]}}],"collection":[{"href":"https:\/\/publikumskonferenz.de\/blog\/wp-json\/wp\/v2\/news"}],"about":[{"href":"https:\/\/publikumskonferenz.de\/blog\/wp-json\/wp\/v2\/types\/news"}],"author":[{"embeddable":true,"href":"https:\/\/publikumskonferenz.de\/blog\/wp-json\/wp\/v2\/users\/2"}],"replies":[{"embeddable":true,"href":"https:\/\/publikumskonferenz.de\/blog\/wp-json\/wp\/v2\/comments?post=4818"}],"wp:attachment":[{"href":"https:\/\/publikumskonferenz.de\/blog\/wp-json\/wp\/v2\/media?parent=4818"}],"wp:term":[{"taxonomy":"category","embeddable":true,"href":"https:\/\/publikumskonferenz.de\/blog\/wp-json\/wp\/v2\/categories?post=4818"},{"taxonomy":"newstags","embeddable":true,"href":"https:\/\/publikumskonferenz.de\/blog\/wp-json\/wp\/v2\/newstags?post=4818"}],"curies":[{"name":"wp","href":"https:\/\/api.w.org\/{rel}","templated":true}]}}