{"id":4897,"date":"2019-05-22T19:54:08","date_gmt":"2019-05-22T18:54:08","guid":{"rendered":"https:\/\/publikumskonferenz.de\/blog\/?post_type=news&#038;p=4897"},"modified":"2019-05-22T19:54:08","modified_gmt":"2019-05-22T18:54:08","slug":"ard-und-zdf-werden-ab-2021-teurer","status":"publish","type":"news","link":"https:\/\/publikumskonferenz.de\/blog\/news\/ard-und-zdf-werden-ab-2021-teurer\/","title":{"rendered":"ARD und ZDF werden ab 2021 teurer"},"content":{"rendered":"<p><strong>\u00dcber Geb\u00fchr: ARD bescheiden, ZDF will mehr Geld<\/strong><\/p>\n<p>W\u00e4hrend sich die ARD bei der aktuellen KEF-Anmeldung offenbar sp\u00fcrbar zur\u00fcck gehalten hat, geht das ZDF in die Vollen. Und die Medienpolitik spielt dabei ein durchsichtig-doppeltes Spiel.<\/p>\n<p>Laut ARD-Insidern liegt der jetzt bei der KEF in Rechnung gestellte Mehrbedarf der Arbeitsgemeinschaft nur bei rund einem Drittel der urspr\u00fcnglich mal von Wilhelm in den Ring geworfenen Summe. Das w\u00e4re wirklich eine Anmeldung mit Augenma\u00df.<\/p>\n<p>Ganz anders soll es sich allerdings beim ZDF verhalten: Die Mainzer h\u00e4tten bei ihrer KEF-Anmeldung &#8222;aus dem Vollen&#8220; gesch\u00f6pft, hei\u00dft es hier &#8211; und das d\u00fcrfte in der ARD f\u00fcr richtig gute Laune sorgen. Dabei sollten solche Kapriolen vom Lerchenberg dem ein oder anderen in der ARD nicht ganz unbekannt sein &#8211; es w\u00e4re schlie\u00dflich nicht das erste Mal. &#8230; ZDF-Verwaltungsrat w\u00e4ren. Dieses 12-k\u00f6pfige Gremium ber\u00e4t und kontrolliert das Zweite &#8211; vor allem in Sachen Geld: &#8222;Zentrale Aufgabe des Verwaltungsrates ist die \u00dcberwachung der Finanzen und Investitionen des ZDF&#8220;, hei\u00dft es auf der Homepage des Senders. Die KEF-Anmeldung d\u00fcrfte logischerweise also dazugeh\u00f6ren. Im ZDF-Verwaltungsrat sitzen auch viele hochrangige L\u00e4ndervertreter. Genauer gesagt: Neben Brandenburgs Ministerpr\u00e4sident Dietmar Woitke ein gewisser Markus S\u00f6der, Malu Dreyer und noch Sachsens Ex-MP Stanislaw Tillich. Wie war das doch gleich mit der L\u00e4ndersicht und der moderaten Anmeldung?<\/p>\n<p>https:\/\/kress.de\/news\/detail\/beitrag\/142768-ueber-gebuehr-ard-bescheiden-zdf-will-mehr-geld.html<\/p>\n<p><strong>Wo liegen die Baustellen des Senders?<\/strong><\/p>\n<p>Am kommenden Donnerstag entscheidet sich, wer den SWR in Zukunft leiten wird: Welche Probleme kommen auf den Nachfolger des SWR-Intendanten Peter Boudgoust zu? Und in welchen Bereichen steht der Sender im ARD-Vergleich gut da?<\/p>\n<p>Der SWR-Verwaltungsdirektor Jan B\u00fcttner, der urspr\u00fcnglich auch Intendant werden wollte, seine Kandidatur f\u00fcrs Hochamt aber sp\u00e4ter zur\u00fcckzog, schrieb dazu in einem Brief an die Rundfunk- und Verwaltungsr\u00e4te: Das <em>\u201eGegeneinander von Direktionen und Standorten\u201c \u2013 also Stuttgart, Mainz, Baden-Baden \u2013 habe \u201ein den letzten Jahren stark zugenommen.\u201c<\/em> W\u00e4hrend etwa der Vier-L\u00e4nder-Sender NDR mit Hamburg einen eindeutigen Hauptstandort hat, ist die Frage beim Zwei-L\u00e4nder-Sender SWR mehr als 20 Jahre nach der Fusion zwischen S\u00fcddeutschem Rundfunk (SDR) und S\u00fcdwestfunk (SWF) f\u00fcr viele immer noch nicht gekl\u00e4rt.<\/p>\n<p>Das \u201eGegeneinander von Standorten\u201c beziehungsweise die Animosit\u00e4ten zwischen SWR-F\u00fchrungskr\u00e4ften unterschiedlicher regionaler Lager bekommen manchmal auch freie Filmemacher zu sp\u00fcren. &#8230;. Autor Lamby lobt die Freiheit, die Dokumentarfilm-Autoren beim SWR genie\u00dfen: <em>\u201eSo w\u00fcnsche ich mir \u00f6ffentlich-rechtliches Fernsehen.\u201c<\/em><\/p>\n<p>In diesem Bereich findet Boudgousts Nachfolger also keine Baustellen vor. Das d\u00fcrfte auch f\u00fcr das Kinder- und Jugendfernsehen gelten, in der entsprechenden Kategorie des Grimme-Preises erhielt der Sender in diesem Jahr zwei von drei Auszeichnungen.<\/p>\n<p>https:\/\/www.stuttgarter-zeitung.de\/inhalt.swr-vor-intendantenwahl-wo-liegen-die-baustellen-des-senders.62254621-9d46-4364-83c2-4e47ee4ad404.html<\/p>\n<blockquote><p>Hinweis: Dank der Otto-Brenner-Stiftung kann man das <a href=\"https:\/\/www.otto-brenner-stiftung.de\/fileadmin\/user_data\/stiftung\/02_Wissenschaftsportal\/03_Publikationen\/AP36_RBB_SWR.pdf\">Fernsehprogramm des SWR<\/a> f\u00fcr die Jahre 2012 und 2018 miteinander vergleichen. \u201cVon allen Dritten Programmen bietet der SWR aktuell mit 5 Prozent den geringsten Anteil an politischer Publizistik und gesellschaftlich-kontroversen Themen, denen aus Sicht des im Rundfunkstaatsvertrag verankerten Auftrages eine besondere Bedeutung zukommt. Der Wert beim rbb liegt hier mehr als doppelt so hoch (12 Prozent). &#8230;. Waren beim SWR 2012 24 Prozent f\u00fcr Unterhaltung festgestellt worden, liegt der Wert nun bei 37 Prozent, der rbb liegt mit 34 Prozent nur knapp dahinter.\u201d<\/p><\/blockquote>\n<p><strong>ARD und ZDF werden ab 2021 teurer<\/strong><\/p>\n<p>Auf Haushalte kommt ab 2021 ein h\u00f6herer Rundfunkbeitrag zu. Sachsen-Anhalts Landesregierung hofft auf 17,98 Euro. Die Sender peilen mehr an.<\/p>\n<p>Wo der Preis hingeht, d\u00fcrfte klar sein: nach oben. ZDF-Intendant Thomas Bellut hatte schon mal gerechnet: G\u00e4be es das Finanzpolster nicht, l\u00e4ge der Monatsbeitrag jetzt schon bei 18,35 Euro. Auch der ARD-Vorsitzende Ulrich Wilhelm nannte eine Erh\u00f6hung unausweichlich.<br \/>\n<em><br \/>\n\u201eWir hoffen, dass der Beitrag unter 18 Euro bleibt &#8211; denn wir brauchen Beitragsakzeptanz.\u201c<\/em> Die Intendanten seien gefordert zu sparen. Robra h\u00e4lt weitere Kooperationen f\u00fcr angebracht. So k\u00f6nnten zum Beispiel \u201etagesschau 24\u201c, \u201ePhoenix\u201c und \u201ezdf-info\u201c zu einem Nachrichtenkanal verschmelzen<\/p>\n<p>Nun k\u00f6nnte ein Kompromiss so aussehen: F\u00fcr 2023\/24 und 2025\/26 soll erstmals das Indexverfahren probiert werden. Dann ermittelt wieder die KEF den Beitrag, um zu sehen, ob der Index zu teuer oder zu niedrig war.<\/p>\n<p>Das letzte Wort haben im 2020 die Bundesl\u00e4nder. Sachsen-Anhalts Landtag hat schon beschlossen: Die Beitr\u00e4ge sollen stabil bleiben. <em>\u201eAngesichts der Leistung ist ein h\u00f6herer Beitrag nicht zu vermitteln\u201c<\/em>, sagt Steffen Gebhardt (Linke). Das Programm sei voll mit Wiederholungen, Quizsendungen und Billigproduktionen.<\/p>\n<p>https:\/\/www.volksstimme.de\/deutschland-welt\/politik\/rundfunkgebuehren-ard-und-zdf-werden-ab-2021-teurer<\/p>\n<div class=\"twoclick_social_bookmarks_post_4897 social_share_privacy clearfix 1.6.4 locale-de_DE sprite-de_DE\"><\/div><div class=\"twoclick-js\"><script type=\"text\/javascript\">\/* <![CDATA[ *\/\njQuery(document).ready(function($){if($('.twoclick_social_bookmarks_post_4897')){$('.twoclick_social_bookmarks_post_4897').socialSharePrivacy({\"services\":{\"facebook\":{\"status\":\"on\",\"txt_info\":\"2 Klicks f\\u00fcr mehr Datenschutz: Erst wenn Sie hier klicken, wird der Button aktiv und Sie k\\u00f6nnen Ihre Empfehlung an Facebook senden. Schon beim Aktivieren werden Daten an Dritte \\u00fcbertragen - siehe <em>i<\\\/em>.\",\"perma_option\":\"off\",\"action\":\"like\",\"language\":\"de_DE\"},\"twitter\":{\"reply_to\":\"\",\"tweet_text\":\"%20ARD%20und%20ZDF%20werden%20ab%202021%20teurer%20%C2%BB%20St%C3%A4ndige%20Publikumskonferenz%20der%20...\",\"status\":\"on\",\"txt_info\":\"2 Klicks f\\u00fcr mehr Datenschutz: Erst wenn Sie hier klicken, wird der Button aktiv und Sie k\\u00f6nnen Ihre Empfehlung an Twitter senden. Schon beim Aktivieren werden Daten an Dritte \\u00fcbertragen - siehe <em>i<\\\/em>.\",\"perma_option\":\"off\",\"language\":\"de\",\"referrer_track\":\"\"}},\"txt_help\":\"Wenn Sie diese Felder durch einen Klick aktivieren, werden Informationen an Facebook, Twitter, Flattr, Xing, t3n, LinkedIn, Pinterest oder Google eventuell ins Ausland \\u00fcbertragen und unter Umst\\u00e4nden auch dort gespeichert. N\\u00e4heres erfahren Sie durch einen Klick auf das <em>i<\\\/em>.\",\"settings_perma\":\"Dauerhaft aktivieren und Daten\\u00fcber-tragung zustimmen:\",\"info_link\":\"http:\\\/\\\/www.heise.de\\\/ct\\\/artikel\\\/2-Klicks-fuer-mehr-Datenschutz-1333879.html\",\"uri\":\"https:\\\/\\\/publikumskonferenz.de\\\/blog\\\/news\\\/ard-und-zdf-werden-ab-2021-teurer\\\/\",\"post_id\":4897,\"post_title_referrer_track\":\"ARD+und+ZDF+werden+ab+2021+teurer\",\"display_infobox\":\"on\"});}});\n\/* ]]> *\/<\/script><\/div>","protected":false},"excerpt":{"rendered":"<p>\u00dcber Geb\u00fchr: ARD bescheiden, ZDF will mehr Geld W\u00e4hrend sich die ARD bei der aktuellen KEF-Anmeldung offenbar sp\u00fcrbar zur\u00fcck gehalten hat, geht das ZDF in die Vollen. Und die Medienpolitik spielt dabei ein durchsichtig-doppeltes Spiel. Laut ARD-Insidern liegt der jetzt &hellip;<\/p>\n<p class=\"read-more\"> <a class=\"more-link\" href=\"https:\/\/publikumskonferenz.de\/blog\/news\/ard-und-zdf-werden-ab-2021-teurer\/\"> <span class=\"screen-reader-text\">ARD und ZDF werden ab 2021 teurer<\/span> Weiterlesen &raquo;<\/a><\/p>\n","protected":false},"author":2,"featured_media":0,"comment_status":"closed","ping_status":"closed","template":"","categories":[],"newstags":[],"class_list":["post-4897","news","type-news","status-publish","hentry"],"_links":{"self":[{"href":"https:\/\/publikumskonferenz.de\/blog\/wp-json\/wp\/v2\/news\/4897","targetHints":{"allow":["GET"]}}],"collection":[{"href":"https:\/\/publikumskonferenz.de\/blog\/wp-json\/wp\/v2\/news"}],"about":[{"href":"https:\/\/publikumskonferenz.de\/blog\/wp-json\/wp\/v2\/types\/news"}],"author":[{"embeddable":true,"href":"https:\/\/publikumskonferenz.de\/blog\/wp-json\/wp\/v2\/users\/2"}],"replies":[{"embeddable":true,"href":"https:\/\/publikumskonferenz.de\/blog\/wp-json\/wp\/v2\/comments?post=4897"}],"wp:attachment":[{"href":"https:\/\/publikumskonferenz.de\/blog\/wp-json\/wp\/v2\/media?parent=4897"}],"wp:term":[{"taxonomy":"category","embeddable":true,"href":"https:\/\/publikumskonferenz.de\/blog\/wp-json\/wp\/v2\/categories?post=4897"},{"taxonomy":"newstags","embeddable":true,"href":"https:\/\/publikumskonferenz.de\/blog\/wp-json\/wp\/v2\/newstags?post=4897"}],"curies":[{"name":"wp","href":"https:\/\/api.w.org\/{rel}","templated":true}]}}