{"id":4900,"date":"2019-05-25T10:05:41","date_gmt":"2019-05-25T09:05:41","guid":{"rendered":"https:\/\/publikumskonferenz.de\/blog\/?post_type=news&#038;p=4900"},"modified":"2019-05-25T10:05:41","modified_gmt":"2019-05-25T09:05:41","slug":"swr-chef-gewaehlt-es-ist-ein-mann","status":"publish","type":"news","link":"https:\/\/publikumskonferenz.de\/blog\/news\/swr-chef-gewaehlt-es-ist-ein-mann\/","title":{"rendered":"SWR-Chef gew\u00e4hlt: Es ist ein Mann"},"content":{"rendered":"<p>SWR-Chef gew\u00e4hlt: Es ist ein Mann<\/p>\n<p>Enges Rennen bei SWR-Intendantenwahl: Gniffke \u00fcbertrumpft Schneider<\/p>\n<p>https:\/\/kress.de\/news\/detail\/beitrag\/142803-neuer-swr-intendant-kai-gniffke-uebertrumpft-stefanie-schneider.html<\/p>\n<p>Kai Gniffke ist von den Gremien des SWR zum neuen Intendanten der Rundfunkanstalt gew\u00e4hlt worden. Nachdem er im ersten Wahldurchgang noch keine Mehrheit erreichte, setzte er sich im zweiten Anlauf recht deutlich durch.<\/p>\n<p>https:\/\/www.dwdl.de\/nachrichten\/72442\/tagesschauchef_kai_gniffke_zum_swrintendanten_gewaehlt\/<\/p>\n<p>Neuer SWR-Chef wird Kai Gniffke, bisher Chefredakteur der Tagesschau. Die Delegierten entschieden gegen die Frau aus dem eigenen Haus.<\/p>\n<p>Stefanie Schneider war als Landessenderdirektorin eine interne Bewerberin. Sie hatte vorweg ihre Erfahrung mit Reformprozessen in den SWR-H\u00e4usern herausgestrichen. Gniffke setzte dagegen eher auf eine erstaunlich konkret ausformulierte Zukunftvision. &#8230;.<\/p>\n<p>Schneider sprach eher wie eine, die ihren Laden nicht verunsichern will. Mehr \u201eDas l\u00e4uft schon gut\u201c als \u201eDas m\u00fcssen wir \u00e4ndern\u201c. \u201eUnsere linearen Programme sind immer noch sehr erfolgreich\u201c, so Schneider.<\/p>\n<p>Dennoch forderte auch sie \u201eein konzeptionelles Update\u201c, blieb aber vage. Gniffke dagegen lie\u00df die Damen und Herren ein bisschen von Silicon Valley tr\u00e4umen. Der SWR solle \u201ePacemaker in Sachen Digitalisierung\u201c werden. \u201eDas crossmediale Denken m\u00fcssen wir st\u00e4rker mit Leben f\u00fcllen, viel mehr Kraft in die Digitalen Plattformen stecken\u201c. Dazu geh\u00f6re eine st\u00e4rkere Schwerpunktsetzung. Zugunsten neuer Kan\u00e4le m\u00fcsse man auch mal anderes liegen lassen k\u00f6nnen.<\/p>\n<p>Konkret stellt sich Gniffke ein Innovationszentrum am Standort Baden-Baden vor, der den Kreativlaboren von Plattformen wie YouTube oder dem von Startups nachempfunden sein soll. &#8230;<\/p>\n<p>Und schlie\u00dflich verspricht Gniffke, F\u00fchrungspositionen im SWR gleich h\u00e4ufig mit M\u00e4nnern und Frauen zu besetzen.<\/p>\n<p>http:\/\/www.taz.de\/Kai-Gniffke-zum-SWR-Chef-gewaehlt\/!5597555\/<\/p>\n<p>In seiner Bewerbungsrede hatte Gniffke gesagt, der SWR m\u00fcsse zum &#8222;Innovationstreiber Nummer 1 werden&#8220; und in Baden-Baden ein Labor daf\u00fcr aufbauen. Es gehe darum, neue Videoformate zu entwickeln, sich mit der Start-up-Szene zu vernetzen und die digitalen Kan\u00e4le und sozialen Medien besser zu bespielen.<\/p>\n<p>https:\/\/kress.de\/news\/detail\/beitrag\/142803-neuer-swr-intendant-kai-gniffke-uebertrumpft-stefanie-schneider.html<\/p>\n<p>In ihren jeweils rund 15-min\u00fctigen Reden stellten am Donnerstag noch vor den Wahldurchg\u00e4ngen sowohl Gniffke als auch Schneider ihre Ideen f\u00fcr den SWR vor. Gniffke etwa sprach davon, dass man Fernsehen &#8222;effizienter&#8220; machen m\u00fcsse. Man vergebe dort Ressourcen, die man woanders besser einsetzen k\u00f6nne. Und auch beim Marktanteil habe man eigentlich h\u00f6here Anspr\u00fcche, so Gniffke. 2018 kam der SWR im Sendegebiet auf sechs Prozent Marktanteil. Vor allem in der Zeitzone zwischen 18 und 20 Uhr k\u00f6nne man erfolgreicher sein. Gniffke pl\u00e4dierte f\u00fcr ein &#8222;Innovationszentrum&#8220; in Baden-Baden, in dem junge Mitarbeiter neue Formate entwickeln sollen. &#8222;Wir m\u00fcssen neue Formate entwickeln und in Innovationen investieren. Das will ich institutionalisieren&#8220;, erkl\u00e4rte der &#8222;Tagesschau&#8220;-Chef.<\/p>\n<p>Vielleicht entwickele man dann auch eine Serie, die mit Netflix mithalten k\u00f6nne. Eventuell scheitere man dabei, er wolle sich aber nicht vorwerfen lassen, es nicht versucht zu haben. Gleichzeitig pl\u00e4dierte er daf\u00fcr, &#8222;mehr Kraft in digitale Plattformen&#8220; zu stecken. Der SWR solle bei der Digitalisierung innerhalb der ARD ein &#8222;Pacemaker&#8220; sein, so Gniffke. Gleichzeitig k\u00fcndigte er vor seiner Wahl an, die Empathie in den Mittelpunkt stellen zu wollen. Man brauche eine &#8222;gute Ver\u00e4nderungskultur&#8220; und d\u00fcrfe den Mitarbeitern nicht immer nur noch mehr neue Aufgaben geben.<\/p>\n<p>https:\/\/www.dwdl.de\/nachrichten\/72442\/tagesschauchef_kai_gniffke_zum_swrintendanten_gewaehlt\/<\/p>\n<p>Dass Gniffke im zweiten Anlauf die erforderliche Mehrheit des gesamten Gremiums, aber auch der beiden Landes-Rundfunkr\u00e4te errang war nach dem Ausgang des ersten Wahlgangs \u00fcberraschend. Denn diesen hatte die Direktorin des Stuttgarter SWR-Landesfunkhauses, Stefanie Schneider, mit 46 Stimmen f\u00fcr sich entschieden, auf Gniffke entfielen 42 Stimmen. In den beiden Teil-Gremien, in denen ein Kandidat jeweils auch die Mehrheit erringen muss, um zum Intendanten gew\u00e4hlt zu sein, lag Stefanie Schneider in Baden-W\u00fcrttemberg und lag Kai Gniffke in Rheinland-Pfalz jeweils so weit vorn, dass mit einem Schwenk nicht zu rechnen war. Den gab es dann aber doch, vielleicht unter dem Eindruck, dass es einen dritten Wahlgang erst bei einem neuen Anlauf im Herbst gegeben h\u00e4tte. Vor dieser Aussicht scheuten viele Rundfunkr\u00e4te offenbar zur\u00fcck. &#8230; Der bisherige Leiter der Nachrichtenredaktion ARD-aktuell erhielt von Rundfunk- und Verwaltungsrat 56 von 88 Stimmen. Im Teilgremium des SWR von Baden-W\u00fcrttemberg erhielt er 34 Stimmen, in dem von Rheinland-Pfalz 22 Stimmen. &#8230;. Stefanie Schneider freute sich \u00fcber den starken Abschlussapplaus f\u00fcr sie und erlaubte sich die Bemerkung, dass die Klatschenden sie dann ja auch h\u00e4tten w\u00e4hlen k\u00f6nnen. Doch zeige die Wahl, wie Demokratie um Rundfunk funktioniert, und das sei auch gut so. &#8230;<\/p>\n<p>Gniffke tritt seinen Posten, f\u00fcr den er auf f\u00fcnf Jahre gew\u00e4hlt ist, in diesem Sommer an.<\/p>\n<p>https:\/\/www.faz.net\/aktuell\/feuilleton\/medien\/kai-gniffke-ist-neuer-intendant-des-suedwestrundfunk-16202503.html<\/p>\n<p>Der 64-J\u00e4hrige hatte im Dezember angek\u00fcndigt, sein Amt im Verlaufe des Jahres vorzeitig zur Verf\u00fcgung zu stellen. Wann die Staffel\u00fcbergabe genau erfolgt, ist noch unklar.<\/p>\n<p>https:\/\/www.horizont.net\/medien\/nachrichten\/chefredakteur-von-ard-aktuell-kai-gniffke-wird-neuer-swr-intendant-175074<\/p>\n<div class=\"twoclick_social_bookmarks_post_4900 social_share_privacy clearfix 1.6.4 locale-de_DE sprite-de_DE\"><\/div><div class=\"twoclick-js\"><script type=\"text\/javascript\">\/* <![CDATA[ *\/\njQuery(document).ready(function($){if($('.twoclick_social_bookmarks_post_4900')){$('.twoclick_social_bookmarks_post_4900').socialSharePrivacy({\"services\":{\"facebook\":{\"status\":\"on\",\"txt_info\":\"2 Klicks f\\u00fcr mehr Datenschutz: Erst wenn Sie hier klicken, wird der Button aktiv und Sie k\\u00f6nnen Ihre Empfehlung an Facebook senden. Schon beim Aktivieren werden Daten an Dritte \\u00fcbertragen - siehe <em>i<\\\/em>.\",\"perma_option\":\"off\",\"action\":\"like\",\"language\":\"de_DE\"},\"twitter\":{\"reply_to\":\"\",\"tweet_text\":\"%20SWR-Chef%20gew%C3%A4hlt%3A%20Es%20ist%20ein%20Mann%20%C2%BB%20St%C3%A4ndige%20Publikumskonferenz%20der%20...\",\"status\":\"on\",\"txt_info\":\"2 Klicks f\\u00fcr mehr Datenschutz: Erst wenn Sie hier klicken, wird der Button aktiv und Sie k\\u00f6nnen Ihre Empfehlung an Twitter senden. Schon beim Aktivieren werden Daten an Dritte \\u00fcbertragen - siehe <em>i<\\\/em>.\",\"perma_option\":\"off\",\"language\":\"de\",\"referrer_track\":\"\"}},\"txt_help\":\"Wenn Sie diese Felder durch einen Klick aktivieren, werden Informationen an Facebook, Twitter, Flattr, Xing, t3n, LinkedIn, Pinterest oder Google eventuell ins Ausland \\u00fcbertragen und unter Umst\\u00e4nden auch dort gespeichert. N\\u00e4heres erfahren Sie durch einen Klick auf das <em>i<\\\/em>.\",\"settings_perma\":\"Dauerhaft aktivieren und Daten\\u00fcber-tragung zustimmen:\",\"info_link\":\"http:\\\/\\\/www.heise.de\\\/ct\\\/artikel\\\/2-Klicks-fuer-mehr-Datenschutz-1333879.html\",\"uri\":\"https:\\\/\\\/publikumskonferenz.de\\\/blog\\\/news\\\/swr-chef-gewaehlt-es-ist-ein-mann\\\/\",\"post_id\":4900,\"post_title_referrer_track\":\"SWR-Chef+gew%C3%A4hlt%3A+Es+ist+ein+Mann\",\"display_infobox\":\"on\"});}});\n\/* ]]> *\/<\/script><\/div>","protected":false},"excerpt":{"rendered":"<p>SWR-Chef gew\u00e4hlt: Es ist ein Mann Enges Rennen bei SWR-Intendantenwahl: Gniffke \u00fcbertrumpft Schneider https:\/\/kress.de\/news\/detail\/beitrag\/142803-neuer-swr-intendant-kai-gniffke-uebertrumpft-stefanie-schneider.html Kai Gniffke ist von den Gremien des SWR zum neuen Intendanten der Rundfunkanstalt gew\u00e4hlt worden. Nachdem er im ersten Wahldurchgang noch keine Mehrheit erreichte, setzte er &hellip;<\/p>\n<p class=\"read-more\"> <a class=\"more-link\" href=\"https:\/\/publikumskonferenz.de\/blog\/news\/swr-chef-gewaehlt-es-ist-ein-mann\/\"> <span class=\"screen-reader-text\">SWR-Chef gew\u00e4hlt: Es ist ein Mann<\/span> Weiterlesen &raquo;<\/a><\/p>\n","protected":false},"author":2,"featured_media":0,"comment_status":"closed","ping_status":"closed","template":"","categories":[],"newstags":[],"class_list":["post-4900","news","type-news","status-publish","hentry"],"_links":{"self":[{"href":"https:\/\/publikumskonferenz.de\/blog\/wp-json\/wp\/v2\/news\/4900","targetHints":{"allow":["GET"]}}],"collection":[{"href":"https:\/\/publikumskonferenz.de\/blog\/wp-json\/wp\/v2\/news"}],"about":[{"href":"https:\/\/publikumskonferenz.de\/blog\/wp-json\/wp\/v2\/types\/news"}],"author":[{"embeddable":true,"href":"https:\/\/publikumskonferenz.de\/blog\/wp-json\/wp\/v2\/users\/2"}],"replies":[{"embeddable":true,"href":"https:\/\/publikumskonferenz.de\/blog\/wp-json\/wp\/v2\/comments?post=4900"}],"wp:attachment":[{"href":"https:\/\/publikumskonferenz.de\/blog\/wp-json\/wp\/v2\/media?parent=4900"}],"wp:term":[{"taxonomy":"category","embeddable":true,"href":"https:\/\/publikumskonferenz.de\/blog\/wp-json\/wp\/v2\/categories?post=4900"},{"taxonomy":"newstags","embeddable":true,"href":"https:\/\/publikumskonferenz.de\/blog\/wp-json\/wp\/v2\/newstags?post=4900"}],"curies":[{"name":"wp","href":"https:\/\/api.w.org\/{rel}","templated":true}]}}