{"id":5088,"date":"2019-09-24T19:59:27","date_gmt":"2019-09-24T18:59:27","guid":{"rendered":"https:\/\/publikumskonferenz.de\/blog\/?post_type=news&#038;p=5088"},"modified":"2019-09-24T19:59:27","modified_gmt":"2019-09-24T18:59:27","slug":"1-oeffentliche-sitzung-des-mdr-rundfunkrates","status":"publish","type":"news","link":"https:\/\/publikumskonferenz.de\/blog\/news\/1-oeffentliche-sitzung-des-mdr-rundfunkrates\/","title":{"rendered":"1. \u00f6ffentliche Sitzung des MDR-Rundfunkrates"},"content":{"rendered":"<p>1. \u00f6ffentliche MDR-Rundfunkratssitzung, 23.9.2019<\/p>\n<p>Die Tagesordnung verspricht jetzt nicht die gro\u00dfe, kontroverse Debatte. Aber vor dem Hintergrund, dass die Entscheidung, die Sitzungen \u00f6ffentlich zu machen, nur knappe f\u00fcnf Jahre gedauert hat, hat schon etwas historisches.<\/p>\n<p>https:\/\/www.flurfunk-dresden.de\/2019\/09\/23\/live-blog-1-oeffentliche-mdr-rundfunkratssitzung-23-9-2019\/<\/p>\n<div class=\"twoclick_social_bookmarks_post_5088 social_share_privacy clearfix 1.6.4 locale-de_DE sprite-de_DE\"><\/div><div class=\"twoclick-js\"><script type=\"text\/javascript\">\/* <![CDATA[ *\/\njQuery(document).ready(function($){if($('.twoclick_social_bookmarks_post_5088')){$('.twoclick_social_bookmarks_post_5088').socialSharePrivacy({\"services\":{\"facebook\":{\"status\":\"on\",\"txt_info\":\"2 Klicks f\\u00fcr mehr Datenschutz: Erst wenn Sie hier klicken, wird der Button aktiv und Sie k\\u00f6nnen Ihre Empfehlung an Facebook senden. Schon beim Aktivieren werden Daten an Dritte \\u00fcbertragen - siehe <em>i<\\\/em>.\",\"perma_option\":\"off\",\"action\":\"like\",\"language\":\"de_DE\"},\"twitter\":{\"reply_to\":\"\",\"tweet_text\":\"%201.%20%C3%B6ffentliche%20Sitzung%20des%20MDR-Rundfunkrates%20%C2%BB%20St%C3%A4ndige%20Publikumskonferenz%20...\",\"status\":\"on\",\"txt_info\":\"2 Klicks f\\u00fcr mehr Datenschutz: Erst wenn Sie hier klicken, wird der Button aktiv und Sie k\\u00f6nnen Ihre Empfehlung an Twitter senden. Schon beim Aktivieren werden Daten an Dritte \\u00fcbertragen - siehe <em>i<\\\/em>.\",\"perma_option\":\"off\",\"language\":\"de\",\"referrer_track\":\"\"}},\"txt_help\":\"Wenn Sie diese Felder durch einen Klick aktivieren, werden Informationen an Facebook, Twitter, Flattr, Xing, t3n, LinkedIn, Pinterest oder Google eventuell ins Ausland \\u00fcbertragen und unter Umst\\u00e4nden auch dort gespeichert. N\\u00e4heres erfahren Sie durch einen Klick auf das <em>i<\\\/em>.\",\"settings_perma\":\"Dauerhaft aktivieren und Daten\\u00fcber-tragung zustimmen:\",\"info_link\":\"http:\\\/\\\/www.heise.de\\\/ct\\\/artikel\\\/2-Klicks-fuer-mehr-Datenschutz-1333879.html\",\"uri\":\"https:\\\/\\\/publikumskonferenz.de\\\/blog\\\/news\\\/1-oeffentliche-sitzung-des-mdr-rundfunkrates\\\/\",\"post_id\":5088,\"post_title_referrer_track\":\"1.+%C3%B6ffentliche+Sitzung+des+MDR-Rundfunkrates\",\"display_infobox\":\"on\"});}});\n\/* ]]> *\/<\/script><\/div>","protected":false},"excerpt":{"rendered":"<p>1. \u00f6ffentliche MDR-Rundfunkratssitzung, 23.9.2019 Die Tagesordnung verspricht jetzt nicht die gro\u00dfe, kontroverse Debatte. Aber vor dem Hintergrund, dass die Entscheidung, die Sitzungen \u00f6ffentlich zu machen, nur knappe f\u00fcnf Jahre gedauert hat, hat schon etwas historisches. https:\/\/www.flurfunk-dresden.de\/2019\/09\/23\/live-blog-1-oeffentliche-mdr-rundfunkratssitzung-23-9-2019\/<\/p>\n","protected":false},"author":2,"featured_media":0,"comment_status":"closed","ping_status":"closed","template":"","categories":[],"newstags":[],"class_list":["post-5088","news","type-news","status-publish","hentry"],"_links":{"self":[{"href":"https:\/\/publikumskonferenz.de\/blog\/wp-json\/wp\/v2\/news\/5088","targetHints":{"allow":["GET"]}}],"collection":[{"href":"https:\/\/publikumskonferenz.de\/blog\/wp-json\/wp\/v2\/news"}],"about":[{"href":"https:\/\/publikumskonferenz.de\/blog\/wp-json\/wp\/v2\/types\/news"}],"author":[{"embeddable":true,"href":"https:\/\/publikumskonferenz.de\/blog\/wp-json\/wp\/v2\/users\/2"}],"replies":[{"embeddable":true,"href":"https:\/\/publikumskonferenz.de\/blog\/wp-json\/wp\/v2\/comments?post=5088"}],"wp:attachment":[{"href":"https:\/\/publikumskonferenz.de\/blog\/wp-json\/wp\/v2\/media?parent=5088"}],"wp:term":[{"taxonomy":"category","embeddable":true,"href":"https:\/\/publikumskonferenz.de\/blog\/wp-json\/wp\/v2\/categories?post=5088"},{"taxonomy":"newstags","embeddable":true,"href":"https:\/\/publikumskonferenz.de\/blog\/wp-json\/wp\/v2\/newstags?post=5088"}],"curies":[{"name":"wp","href":"https:\/\/api.w.org\/{rel}","templated":true}]}}