{"id":5197,"date":"2019-12-04T12:40:30","date_gmt":"2019-12-04T11:40:30","guid":{"rendered":"https:\/\/publikumskonferenz.de\/blog\/?post_type=news&#038;p=5197"},"modified":"2023-08-12T12:41:43","modified_gmt":"2023-08-12T11:41:43","slug":"loyalitaet-sticht","status":"publish","type":"news","link":"https:\/\/publikumskonferenz.de\/blog\/news\/loyalitaet-sticht\/","title":{"rendered":"Loyalit\u00e4t sticht"},"content":{"rendered":"<p>Loyalit\u00e4t sticht<\/p>\n<p>Der MDR beendet die Sendung des Kabarettisten. Der war durch rechte Positionen aufgefallen. Aber das scheint nicht der Hauptgrund zu sein.<\/p>\n<p>https:\/\/taz.de\/MDR-schmeisst-Uwe-Steimle-raus\/!5647787\/<\/p>\n<p>Der Mitteldeutsche Rundfunk (MDR) trennt sich von dem Schauspieler und Kabarettisten Uwe Steimle. Grund seien wiederholte \u00f6ffentliche Vorw\u00fcrfe gegen den Sender, teilte MDR-Programmdirektor Wolf-Dieter Jacobi am Mittwoch auf Twitter mit. Die MDR-Sendung &#8222;Steimles Welt&#8220;, die vier Mal im Jahr ausgestrahlt wird, werde daher im Jahr 2020 nicht fortgesetzt.<\/p>\n<p>Steimle habe wiederholt die Unabh\u00e4ngigkeit des \u00f6ffentlich-rechtlichen Rundfunks infrage gestellt, so Jacobi.  \u2026 In einem Interview mit der Th\u00fcringer Allgemeinen vom 16. November hatte sich Steimle &#8222;entsetzt und traurig&#8220; dar\u00fcber gezeigt, dass sich der MDR nicht sch\u00fctzend vor ihn stellt. Der Sender entgegnete in einer Mitteilung vom Mittwoch, dass er &#8222;trotz inhaltlich durchaus fragw\u00fcrdiger \u00c4u\u00dferungen&#8220; Steimles an ihm festgehalten habe. Nach dem erneuten Vorwurf sehe der Sender jedoch keine Basis mehr f\u00fcr eine vertrauensvolle Zusammenarbeit.<\/p>\n<p>https:\/\/www.sueddeutsche.de\/medien\/mdr-uwe-steimle-1.4710948<\/p>\n<p>Steimle verteidigte sich zuletzt in der Th\u00fcringer Allgemeinen. In einem Interview mit der Lokalzeitung im November sagt Steimle, auf die \u00c4u\u00dferungen in der Vergangenheit angesprochen, er sei \u201eein Linker\u201c, aber auch \u201eein freier Geist, der sich von niemandem vorschreiben l\u00e4sst, wie er zu denken hat.\u201c Was den MDR angeht sei er \u201eentsetzt und traurig, dass der eigene Sender sich in dieser Situation nicht sch\u00fctzend vor einen stellt.\u201c Es war am Ende wohl diese Aussage, die f\u00fcr den Rausschmiss ausschlaggebend war.<\/p>\n<p>Die Art und Weise, wie der MDR auf Steimle reagiert, ist \u00fcberraschend. Es scheint so, dass der Sender die Grenze nicht bei rechter oder rechtsextremer Provokation zieht, sondern bei der Loyalit\u00e4t. Schon das Statement des MDR zum JF-Interview 2018 liest sich so, als habe man sich vornehmlich an der Medienschelte gest\u00f6rt, nicht an den sonstigen Verschw\u00f6rungstheorien.<\/p>\n<p>Dann verteidigt der Sender Steimle f\u00fcr ein Shirt, das den Nationalsozialismus verharmlost, um ihn schlie\u00dflich f\u00fcr einen kleinen Seitenhieb gegen den Arbeitgeber rauszuwerfen<\/p>\n<p>Die Message ist fatal: Wer f\u00fcr den MDR arbeitet, muss nichts bef\u00fcrchten, solange sie oder er nur rechte Parolen bedient. Aber wer etwas gegen der Sender sagt, fliegt raus.<\/p>\n<p>https:\/\/taz.de\/MDR-schmeisst-Uwe-Steimle-raus\/!5647787\/<\/p>\n<p>Uwe Steimle wirft MDR &#8222;Berufsverbot&#8220; vor<\/p>\n<p>Kabarettisten haben ein Mandat f\u00fcr Provokationen und politische Unkorrektheit, das liegt in der Natur der Sache. Doch kaum ein anderer offenbarte in seinen Programmen eine so starke N\u00e4he zu den Thesen einer einzigen Partei \u2013 n\u00e4mlich der AfD. Mit dem Abschied vom \u00f6ffentlich-rechtlichen Fernsehen wird Uwe Steimle dieses \u201eAlleinstellungsmerkmal\u201c in der Kabarettszene noch deutlich ausbauen \u2013 seine S\u00e4le werden mit Slogan \u201eVerboten vom MDR\u201c vermutlich voller sein denn je. Ein Berufsverbot sieht anders aus.<\/p>\n<p>https:\/\/www.berliner-zeitung.de\/kultur-vergnuegen\/mdr-beendet-zusammenarbeit-mit-kabarettist-uwe-steimle-li.2687<\/p>\n<div class=\"twoclick_social_bookmarks_post_5197 social_share_privacy clearfix 1.6.4 locale-de_DE sprite-de_DE\"><\/div><div class=\"twoclick-js\"><script type=\"text\/javascript\">\/* <![CDATA[ *\/\njQuery(document).ready(function($){if($('.twoclick_social_bookmarks_post_5197')){$('.twoclick_social_bookmarks_post_5197').socialSharePrivacy({\"services\":{\"facebook\":{\"status\":\"on\",\"txt_info\":\"2 Klicks f\\u00fcr mehr Datenschutz: Erst wenn Sie hier klicken, wird der Button aktiv und Sie k\\u00f6nnen Ihre Empfehlung an Facebook senden. Schon beim Aktivieren werden Daten an Dritte \\u00fcbertragen - siehe <em>i<\\\/em>.\",\"perma_option\":\"off\",\"action\":\"like\",\"language\":\"de_DE\"},\"twitter\":{\"reply_to\":\"\",\"tweet_text\":\"%20Loyalit%C3%A4t%20sticht%20%C2%BB%20St%C3%A4ndige%20Publikumskonferenz%20der%20%C3%B6ffentlich-rechtlichen%20...\",\"status\":\"on\",\"txt_info\":\"2 Klicks f\\u00fcr mehr Datenschutz: Erst wenn Sie hier klicken, wird der Button aktiv und Sie k\\u00f6nnen Ihre Empfehlung an Twitter senden. Schon beim Aktivieren werden Daten an Dritte \\u00fcbertragen - siehe <em>i<\\\/em>.\",\"perma_option\":\"off\",\"language\":\"de\",\"referrer_track\":\"\"}},\"txt_help\":\"Wenn Sie diese Felder durch einen Klick aktivieren, werden Informationen an Facebook, Twitter, Flattr, Xing, t3n, LinkedIn, Pinterest oder Google eventuell ins Ausland \\u00fcbertragen und unter Umst\\u00e4nden auch dort gespeichert. N\\u00e4heres erfahren Sie durch einen Klick auf das <em>i<\\\/em>.\",\"settings_perma\":\"Dauerhaft aktivieren und Daten\\u00fcber-tragung zustimmen:\",\"info_link\":\"http:\\\/\\\/www.heise.de\\\/ct\\\/artikel\\\/2-Klicks-fuer-mehr-Datenschutz-1333879.html\",\"uri\":\"https:\\\/\\\/publikumskonferenz.de\\\/blog\\\/news\\\/loyalitaet-sticht\\\/\",\"post_id\":5197,\"post_title_referrer_track\":\"Loyalit%C3%A4t+sticht\",\"display_infobox\":\"on\"});}});\n\/* ]]> *\/<\/script><\/div>","protected":false},"excerpt":{"rendered":"<p>Loyalit\u00e4t sticht Der MDR beendet die Sendung des Kabarettisten. Der war durch rechte Positionen aufgefallen. Aber das scheint nicht der Hauptgrund zu sein. https:\/\/taz.de\/MDR-schmeisst-Uwe-Steimle-raus\/!5647787\/ Der Mitteldeutsche Rundfunk (MDR) trennt sich von dem Schauspieler und Kabarettisten Uwe Steimle. Grund seien wiederholte &hellip;<\/p>\n<p class=\"read-more\"> <a class=\"more-link\" href=\"https:\/\/publikumskonferenz.de\/blog\/news\/loyalitaet-sticht\/\"> <span class=\"screen-reader-text\">Loyalit\u00e4t sticht<\/span> Weiterlesen &raquo;<\/a><\/p>\n","protected":false},"author":2,"featured_media":0,"comment_status":"closed","ping_status":"closed","template":"","categories":[],"newstags":[],"class_list":["post-5197","news","type-news","status-publish","hentry"],"_links":{"self":[{"href":"https:\/\/publikumskonferenz.de\/blog\/wp-json\/wp\/v2\/news\/5197","targetHints":{"allow":["GET"]}}],"collection":[{"href":"https:\/\/publikumskonferenz.de\/blog\/wp-json\/wp\/v2\/news"}],"about":[{"href":"https:\/\/publikumskonferenz.de\/blog\/wp-json\/wp\/v2\/types\/news"}],"author":[{"embeddable":true,"href":"https:\/\/publikumskonferenz.de\/blog\/wp-json\/wp\/v2\/users\/2"}],"replies":[{"embeddable":true,"href":"https:\/\/publikumskonferenz.de\/blog\/wp-json\/wp\/v2\/comments?post=5197"}],"wp:attachment":[{"href":"https:\/\/publikumskonferenz.de\/blog\/wp-json\/wp\/v2\/media?parent=5197"}],"wp:term":[{"taxonomy":"category","embeddable":true,"href":"https:\/\/publikumskonferenz.de\/blog\/wp-json\/wp\/v2\/categories?post=5197"},{"taxonomy":"newstags","embeddable":true,"href":"https:\/\/publikumskonferenz.de\/blog\/wp-json\/wp\/v2\/newstags?post=5197"}],"curies":[{"name":"wp","href":"https:\/\/api.w.org\/{rel}","templated":true}]}}