{"id":5707,"date":"2020-07-06T15:58:34","date_gmt":"2020-07-06T14:58:34","guid":{"rendered":"https:\/\/publikumskonferenz.de\/blog\/?post_type=news&#038;p=5707"},"modified":"2020-07-06T15:58:34","modified_gmt":"2020-07-06T14:58:34","slug":"bundesregierung-laesst-die-aermsten-im-stich","status":"publish","type":"news","link":"https:\/\/publikumskonferenz.de\/blog\/news\/bundesregierung-laesst-die-aermsten-im-stich\/","title":{"rendered":"Bundesregierung l\u00e4sst die \u00c4rmsten im Stich"},"content":{"rendered":"<p class=\"text-build-content\" data-testid=\"uGlVdon_y\">Berlin, den 05.07.2020<\/p>\n<p class=\"text-build-content\" data-testid=\"uGlVdon_y\">\n<p class=\"text-build-content\" data-testid=\"uGlVdon_y\"><b>Bundesregierung l\u00e4sst die \u00c4rmsten im Stich<\/b><\/p>\n<p class=\"text-build-content\" data-testid=\"uGlVdon_y\"><i><b>Corona-Zuschlag und Erh\u00f6hung der Regels\u00e4tze dringlich erforderlich<\/b><\/i><\/p>\n<p class=\"text-build-content\" data-testid=\"uGlVdon_y\">Das Erwerbslosenb\u00fcndnis \u201eAufRecht bestehen\u201c kritisiert die hartn\u00e4ckige Weigerung von Sozialminister Heil und der Bundesregierung den mit am h\u00e4rtesten von der Corona- Pandemie betroffenen Empf\u00e4nger*innen von Grundsicherungsleistungen einen Corona- Zuschlag zu bewilligen. Dazu Ulrich Franz von der gewerkschaftlichen Arbeitslosengruppe im DGB-KV Bonn\/Rhein-Sieg: \u201eDie Ignoranz von Minister Heil gegen\u00fcber den Forderungen von Sozialverb\u00e4nden und des DGB ist angesichts der immensen Preissteigerungen, der Zusatzkosten f\u00fcr die Masken und des Wegfalls von Essensleistungen f\u00fcr junge Menschen in Kitas und Schulen nur als bewusstes Im- Stichlassen der \u00e4rmsten Menschen in Deutschland zu verstehen. Dies ist ein sozialpolitischer Skandal erster Gr\u00f6\u00dfenordnung.\u201c Angesichts von Milliardenzusch\u00fcssen f\u00fcr Autokonzerne und Lufthansa muss das B\u00fcndnis \u201eAufRecht bestehen\u201c konstatieren, dass die Bundesregierung jedes sozialpolitische Augenma\u00df verloren hat.<\/p>\n<p class=\"text-build-content\" data-testid=\"uGlVdon_y\">\u201eAlle Sozialexperten\u201c, so Rainer Timmerman von der Koordinierungsstelle Gewerkschaftlicher Arbeitslosengruppen (KOS), \u201ebest\u00e4tigen, dass die Regelleistungen in der Grundsicherung ohnehin seit vielen Jahren politisch kleingerechnet werden und der Sozialminister die Vorgaben des Bundesverfassungsgerichtes vom 23.07.2014 (1 BVL 1\/12) seit Jahren vors\u00e4tzlich missachtet.\u201c Hier ist eine Anpassung (unabh\u00e4ngig von den Ergebnissen der Einkommensverbraucherstichprobe (EVS)) mehr als dringlich, so die Forderung der Vertreter*innen bei der Videokonferenz des bundesweiten B\u00fcndnisses am 26.06.2020.<\/p>\n<p class=\"text-build-content\" data-testid=\"uGlVdon_y\">Als kleinen Lichtblick sieht das B\u00fcndnis den l\u00e4ngst \u00fcberf\u00e4lligen Familienbonus an, der mit 300 Euro allerdings zu klein ausf\u00e4llt. Hier, so die Vertreter*innen des B\u00fcndnisses, muss sichergestellt sein, dass dieser allen Familien \u2013 also auch denen, die keinen Kindergeldanspruch haben \u2013 zu Gute kommt und dass Pf\u00e4ndungssicherheit besteht.<\/p>\n<p class=\"text-build-content\" data-testid=\"uGlVdon_y\"><i>Rainer Timmermann<\/i> und Ulrich Franz f\u00fcr das B\u00fcndnis \u201eAufRecht bestehen\u201c (f\u00fcr R\u00fcckfragen: Tel. 030 \/ 86 87 67 0-0)<\/p>\n<p class=\"text-build-content\" data-testid=\"uGlVdon_y\">* Das <b>B\u00fcndnis AufRecht<\/b> bestehen wird getragen von: Arbeitslosenselbsthilfe Oldenburg (ALSO), \u201eARBEITSLOS &#8211; NICHT WEHRLOS\u201c Wolfsburg (ANW), \u201eAufRecht bestehen\u201c Rhein-Main, Bundesarbeitsgemeinschaft Prek\u00e4re Lebenslagen (BAG-PLESA), Bundes-Erwerbslosen-Ausschuss Gewerkschaft ver.di, Duisburger Initiative \u201eAufRecht bestehen!\u201c, Gewerkschaftliche Arbeitslosengruppe im DGB-KV Bonn\/Rhein-Sieg, Gruppe Gnadenlos Gerecht Hannover, Frankfurter Arbeitslosenzentrum e.V. (FALZ), Koordinierungsstelle gewerkschaftlicher Arbeitslosengruppen (KOS), Tacheles e.V. Wuppertal, Widerspruch e.V. Bielefeld und anderen \u00f6rtlichen B\u00fcndnissen und Initiativen.<\/p>\n<p class=\"text-build-content\" data-testid=\"uGlVdon_y\">Kontakt:<\/p>\n<p class=\"text-build-content\" data-testid=\"uGlVdon_y\">KOS<\/p>\n<p class=\"text-build-content\" data-testid=\"uGlVdon_y\">F\u00f6rderverein gewerkschaftliche<\/p>\n<p class=\"text-build-content\" data-testid=\"uGlVdon_y\">Arbeitslosenarbeit e.V.<\/p>\n<p class=\"text-build-content\" data-testid=\"uGlVdon_y\">Koordinierungsstelle gewerkschaftlicher<\/p>\n<p class=\"text-build-content\" data-testid=\"uGlVdon_y\">Arbeitslosengruppen<\/p>\n<p class=\"text-build-content\" data-testid=\"uGlVdon_y\">Alte Jakobstr. 149, 10969 Berlin<\/p>\n<p class=\"text-build-content\" data-testid=\"uGlVdon_y\">Tel. 030 \/ 86 87 67 00 \u2013 info@erwerbslos.de<\/p>\n<div class=\"twoclick_social_bookmarks_post_5707 social_share_privacy clearfix 1.6.4 locale-de_DE sprite-de_DE\"><\/div><div class=\"twoclick-js\"><script type=\"text\/javascript\">\/* <![CDATA[ *\/\njQuery(document).ready(function($){if($('.twoclick_social_bookmarks_post_5707')){$('.twoclick_social_bookmarks_post_5707').socialSharePrivacy({\"services\":{\"facebook\":{\"status\":\"on\",\"txt_info\":\"2 Klicks f\\u00fcr mehr Datenschutz: Erst wenn Sie hier klicken, wird der Button aktiv und Sie k\\u00f6nnen Ihre Empfehlung an Facebook senden. Schon beim Aktivieren werden Daten an Dritte \\u00fcbertragen - siehe <em>i<\\\/em>.\",\"perma_option\":\"off\",\"action\":\"like\",\"language\":\"de_DE\"},\"twitter\":{\"reply_to\":\"\",\"tweet_text\":\"%20Bundesregierung%20l%C3%A4sst%20die%20%C3%84rmsten%20im%20Stich%20%C2%BB%20St%C3%A4ndige%20Publikumskonferenz%20...\",\"status\":\"on\",\"txt_info\":\"2 Klicks f\\u00fcr mehr Datenschutz: Erst wenn Sie hier klicken, wird der Button aktiv und Sie k\\u00f6nnen Ihre Empfehlung an Twitter senden. Schon beim Aktivieren werden Daten an Dritte \\u00fcbertragen - siehe <em>i<\\\/em>.\",\"perma_option\":\"off\",\"language\":\"de\",\"referrer_track\":\"\"}},\"txt_help\":\"Wenn Sie diese Felder durch einen Klick aktivieren, werden Informationen an Facebook, Twitter, Flattr, Xing, t3n, LinkedIn, Pinterest oder Google eventuell ins Ausland \\u00fcbertragen und unter Umst\\u00e4nden auch dort gespeichert. N\\u00e4heres erfahren Sie durch einen Klick auf das <em>i<\\\/em>.\",\"settings_perma\":\"Dauerhaft aktivieren und Daten\\u00fcber-tragung zustimmen:\",\"info_link\":\"http:\\\/\\\/www.heise.de\\\/ct\\\/artikel\\\/2-Klicks-fuer-mehr-Datenschutz-1333879.html\",\"uri\":\"https:\\\/\\\/publikumskonferenz.de\\\/blog\\\/news\\\/bundesregierung-laesst-die-aermsten-im-stich\\\/\",\"post_id\":5707,\"post_title_referrer_track\":\"Bundesregierung+l%C3%A4sst+die+%C3%84rmsten+im+Stich\",\"display_infobox\":\"on\"});}});\n\/* ]]> *\/<\/script><\/div>","protected":false},"excerpt":{"rendered":"<p>Berlin, den 05.07.2020 Bundesregierung l\u00e4sst die \u00c4rmsten im Stich Corona-Zuschlag und Erh\u00f6hung der Regels\u00e4tze dringlich erforderlich Das Erwerbslosenb\u00fcndnis \u201eAufRecht bestehen\u201c kritisiert die hartn\u00e4ckige Weigerung von Sozialminister Heil und der Bundesregierung den mit am h\u00e4rtesten von der Corona- Pandemie betroffenen Empf\u00e4nger*innen &hellip;<\/p>\n<p class=\"read-more\"> <a class=\"more-link\" href=\"https:\/\/publikumskonferenz.de\/blog\/news\/bundesregierung-laesst-die-aermsten-im-stich\/\"> <span class=\"screen-reader-text\">Bundesregierung l\u00e4sst die \u00c4rmsten im Stich<\/span> Weiterlesen &raquo;<\/a><\/p>\n","protected":false},"author":2,"featured_media":0,"comment_status":"closed","ping_status":"closed","template":"","categories":[],"newstags":[],"class_list":["post-5707","news","type-news","status-publish","hentry"],"_links":{"self":[{"href":"https:\/\/publikumskonferenz.de\/blog\/wp-json\/wp\/v2\/news\/5707","targetHints":{"allow":["GET"]}}],"collection":[{"href":"https:\/\/publikumskonferenz.de\/blog\/wp-json\/wp\/v2\/news"}],"about":[{"href":"https:\/\/publikumskonferenz.de\/blog\/wp-json\/wp\/v2\/types\/news"}],"author":[{"embeddable":true,"href":"https:\/\/publikumskonferenz.de\/blog\/wp-json\/wp\/v2\/users\/2"}],"replies":[{"embeddable":true,"href":"https:\/\/publikumskonferenz.de\/blog\/wp-json\/wp\/v2\/comments?post=5707"}],"wp:attachment":[{"href":"https:\/\/publikumskonferenz.de\/blog\/wp-json\/wp\/v2\/media?parent=5707"}],"wp:term":[{"taxonomy":"category","embeddable":true,"href":"https:\/\/publikumskonferenz.de\/blog\/wp-json\/wp\/v2\/categories?post=5707"},{"taxonomy":"newstags","embeddable":true,"href":"https:\/\/publikumskonferenz.de\/blog\/wp-json\/wp\/v2\/newstags?post=5707"}],"curies":[{"name":"wp","href":"https:\/\/api.w.org\/{rel}","templated":true}]}}