{"id":7005,"date":"2022-02-25T11:42:25","date_gmt":"2022-02-25T10:42:25","guid":{"rendered":"https:\/\/publikumskonferenz.de\/blog\/?post_type=news&#038;p=7005"},"modified":"2022-02-25T14:49:15","modified_gmt":"2022-02-25T13:49:15","slug":"ard-vorstoss-gefaehrdet-die-medienvielfalt-keine-notwendigkeit-fuer-einen-ard-nachrichtenkanal","status":"publish","type":"news","link":"https:\/\/publikumskonferenz.de\/blog\/news\/ard-vorstoss-gefaehrdet-die-medienvielfalt-keine-notwendigkeit-fuer-einen-ard-nachrichtenkanal\/","title":{"rendered":"ARD-Vorsto\u00df gef\u00e4hrdet die Medienvielfalt: Keine Notwendigkeit f\u00fcr einen ARD-Nachrichtenkanal"},"content":{"rendered":"<p><strong>ARD-Vorsto\u00df gef\u00e4hrdet die Medienvielfalt: Keine Notwendigkeit f\u00fcr einen ARD-Nachrichtenkanal<\/strong><\/p>\n<p>Gute und klare Nachrichten w\u00fcrden zu den Kernaufgaben der ARD geh\u00f6ren, sagte Schlesinger. Doch daf\u00fcr bedarf es keines Nachrichtenkanals. Wof\u00fcr dann?<\/p>\n<p>In der ARD wechselt der Vorsitz alle zwei Jahre. Nicht viel Zeit, wenn die jeweilige \u00c4ra in Erinnerung bleiben soll: Ulrich Wilhelm (2018-2019) propagierte eine europ\u00e4ische Plattform, Tom Buhrow (2020-21) verk\u00fcndete, dass der \u00f6ffentlich-rechtliche Rundfunk bald zur Plattform werde und Patricia Schlesinger will mit einem ARD-Nachrichtenkanal re\u00fcssieren. Dabei ist die Idee eines \u00f6ffentlich-rechtlichen Nachrichtenkanals nicht neu. Seit Jahren versuchen vor allem ARD-Intendanten die Politik von der Notwendigkeit zu \u00fcberzeugen. &#8230; Sieht man einmal davon ab, dass \u201ephoenix\u201c, das ebenfalls aktuell bei wichtigen politischen Ereignissen berichtet, weiter bestehen soll und ein gemeinsamer \u00f6ffentlich-rechtlicher Newskanal den Sendern im Interesse ihrer \u201eMarkenstrategie\u201c nicht sinnvoll erscheint und so die Kostenspirale weiter gedreht wird, ergibt sich weder medienpolitisch noch verfassungsrechtlich eine Legitimation f\u00fcr einen ARD-Nachrichtenkanal.<\/p>\n<p><a href=\"https:\/\/www.medienpolitik.net\/2022\/02\/ard-vorstoss-gefaehrdet-die-medienvielfalt\/\">https:\/\/www.medienpolitik.net\/2022\/02\/ard-vorstoss-gefaehrdet-die-medienvielfalt\/<\/a><\/p>\n<p><em>Hinweis der Redaktion: \u201eEr [der \u00f6ffentlich-rechtliche Rundfunk] hat die Aufgabe, als Gegengewicht zu den privaten Rundfunkanbietern ein Leistungsangebot hervorzubringen, das einer anderen Entscheidungsrationalit\u00e4t als der der marktwirtschaftlichen Anreize folgt und damit eigene M\u00f6glichkeiten der Programmgestaltung er\u00f6ffnet.\u201d (vgl. BVerfG, 2014, &lt;36&gt;).<\/em><\/p>\n<p><em>Wenn der \u00f6ffentlich-rechtliche Rundfunk einer anderen Entscheidungsrationalit\u00e4t folgt, dann muss sich sein Angebot weitgehend von dem anderen Anbieter unterscheiden. Damit tr\u00e4gt er zur Vielfalt bei. ZU fragen ist, ob es eine unterschiedliche Entscheidungsrationalit\u00e4t gibt und wie sich diese im Programm zeigt.<\/em><\/p>\n<p><em>Hinweis der Redaktion II: \u201eEinsExtra\u201c ist der digitale lnformationskanal der ARD. Ziel ist es, \u201eEinsExtra\u201c unter dem organisatorischen Dach von ARD-aktuell und unter der Qualit\u00e4ts-Marke \u201eTagesschau\u201c zu einem umfassenden Informationsprogramm mit einem verl\u00e4sslichen Nachrichtenservice f\u00fcr alle Nutzungsformen und Verbreitungswege weiter zu entwickeln.<\/em><\/p>\n<p><em>Kein anderer Programmanbieter verf\u00fcgt \u00fcber ein vergleichbares Netz von Reportern und Korrespondenten wie die ARD. Ihre aktuellen Berichte werden unter Nutzung von Synergien in einer integrierten Nachrichtenredaktion multimedial und plattformgerecht aufbereitet und verf\u00fcgbar gemacht. Die ARD nimmt damit im \u00f6ffentlichrechtlichen Kernbereich \u201eInformation\u201c ihre Aufgabe und Verantwortung wahr, jederzeit frei verf\u00fcgbare, zeitgem\u00e4\u00dfe, dem hohen Anspruch von ARD-aktuell entsprechende Nachrichtenangebote f\u00fcr alle bereitzustellen.<\/em><\/p>\n<p>Aus der Grundkonzeption von Einsextra (heute tagesschau24),<\/p>\n<p>Anlage zu \u00a7 11b Abs. 1 Nr. 2 des Rundfunkstaatsvertrages, 12. RF\u00c4STV, 1. Juni 2009<\/p>\n<div class=\"twoclick_social_bookmarks_post_7005 social_share_privacy clearfix 1.6.4 locale-de_DE sprite-de_DE\"><\/div><div class=\"twoclick-js\"><script type=\"text\/javascript\">\/* <![CDATA[ *\/\njQuery(document).ready(function($){if($('.twoclick_social_bookmarks_post_7005')){$('.twoclick_social_bookmarks_post_7005').socialSharePrivacy({\"services\":{\"facebook\":{\"status\":\"on\",\"txt_info\":\"2 Klicks f\\u00fcr mehr Datenschutz: Erst wenn Sie hier klicken, wird der Button aktiv und Sie k\\u00f6nnen Ihre Empfehlung an Facebook senden. Schon beim Aktivieren werden Daten an Dritte \\u00fcbertragen - siehe <em>i<\\\/em>.\",\"perma_option\":\"off\",\"action\":\"like\",\"language\":\"de_DE\"},\"twitter\":{\"reply_to\":\"\",\"tweet_text\":\"%20ARD-Vorsto%C3%9F%20gef%C3%A4hrdet%20die%20Medienvielfalt%3A%20Keine%20Notwendigkeit%20f%C3%BCr%20einen%20...\",\"status\":\"on\",\"txt_info\":\"2 Klicks f\\u00fcr mehr Datenschutz: Erst wenn Sie hier klicken, wird der Button aktiv und Sie k\\u00f6nnen Ihre Empfehlung an Twitter senden. Schon beim Aktivieren werden Daten an Dritte \\u00fcbertragen - siehe <em>i<\\\/em>.\",\"perma_option\":\"off\",\"language\":\"de\",\"referrer_track\":\"\"}},\"txt_help\":\"Wenn Sie diese Felder durch einen Klick aktivieren, werden Informationen an Facebook, Twitter, Flattr, Xing, t3n, LinkedIn, Pinterest oder Google eventuell ins Ausland \\u00fcbertragen und unter Umst\\u00e4nden auch dort gespeichert. N\\u00e4heres erfahren Sie durch einen Klick auf das <em>i<\\\/em>.\",\"settings_perma\":\"Dauerhaft aktivieren und Daten\\u00fcber-tragung zustimmen:\",\"info_link\":\"http:\\\/\\\/www.heise.de\\\/ct\\\/artikel\\\/2-Klicks-fuer-mehr-Datenschutz-1333879.html\",\"uri\":\"https:\\\/\\\/publikumskonferenz.de\\\/blog\\\/news\\\/ard-vorstoss-gefaehrdet-die-medienvielfalt-keine-notwendigkeit-fuer-einen-ard-nachrichtenkanal\\\/\",\"post_id\":7005,\"post_title_referrer_track\":\"ARD-Vorsto%C3%9F+gef%C3%A4hrdet+die+Medienvielfalt%3A+Keine+Notwendigkeit+f%C3%BCr+einen+ARD-Nachrichtenkanal\",\"display_infobox\":\"on\"});}});\n\/* ]]> *\/<\/script><\/div>","protected":false},"excerpt":{"rendered":"<p>ARD-Vorsto\u00df gef\u00e4hrdet die Medienvielfalt: Keine Notwendigkeit f\u00fcr einen ARD-Nachrichtenkanal Gute und klare Nachrichten w\u00fcrden zu den Kernaufgaben der ARD geh\u00f6ren, sagte Schlesinger. Doch daf\u00fcr bedarf es keines Nachrichtenkanals. Wof\u00fcr dann? In der ARD wechselt der Vorsitz alle zwei Jahre. Nicht &hellip;<\/p>\n<p class=\"read-more\"> <a class=\"more-link\" href=\"https:\/\/publikumskonferenz.de\/blog\/news\/ard-vorstoss-gefaehrdet-die-medienvielfalt-keine-notwendigkeit-fuer-einen-ard-nachrichtenkanal\/\"> <span class=\"screen-reader-text\">ARD-Vorsto\u00df gef\u00e4hrdet die Medienvielfalt: Keine Notwendigkeit f\u00fcr einen ARD-Nachrichtenkanal<\/span> Weiterlesen &raquo;<\/a><\/p>\n","protected":false},"author":2,"featured_media":0,"comment_status":"closed","ping_status":"closed","template":"","categories":[],"newstags":[],"class_list":["post-7005","news","type-news","status-publish","hentry"],"_links":{"self":[{"href":"https:\/\/publikumskonferenz.de\/blog\/wp-json\/wp\/v2\/news\/7005","targetHints":{"allow":["GET"]}}],"collection":[{"href":"https:\/\/publikumskonferenz.de\/blog\/wp-json\/wp\/v2\/news"}],"about":[{"href":"https:\/\/publikumskonferenz.de\/blog\/wp-json\/wp\/v2\/types\/news"}],"author":[{"embeddable":true,"href":"https:\/\/publikumskonferenz.de\/blog\/wp-json\/wp\/v2\/users\/2"}],"replies":[{"embeddable":true,"href":"https:\/\/publikumskonferenz.de\/blog\/wp-json\/wp\/v2\/comments?post=7005"}],"wp:attachment":[{"href":"https:\/\/publikumskonferenz.de\/blog\/wp-json\/wp\/v2\/media?parent=7005"}],"wp:term":[{"taxonomy":"category","embeddable":true,"href":"https:\/\/publikumskonferenz.de\/blog\/wp-json\/wp\/v2\/categories?post=7005"},{"taxonomy":"newstags","embeddable":true,"href":"https:\/\/publikumskonferenz.de\/blog\/wp-json\/wp\/v2\/newstags?post=7005"}],"curies":[{"name":"wp","href":"https:\/\/api.w.org\/{rel}","templated":true}]}}