{"id":7093,"date":"2022-03-31T13:42:46","date_gmt":"2022-03-31T12:42:46","guid":{"rendered":"https:\/\/publikumskonferenz.de\/blog\/?post_type=news&#038;p=7093"},"modified":"2022-03-31T13:42:46","modified_gmt":"2022-03-31T12:42:46","slug":"wie-medienvielfalt-zukunftsfest-machen-bausteine-fuer-eine-konvergente-medienregulierung","status":"publish","type":"news","link":"https:\/\/publikumskonferenz.de\/blog\/news\/wie-medienvielfalt-zukunftsfest-machen-bausteine-fuer-eine-konvergente-medienregulierung\/","title":{"rendered":"Wie Medienvielfalt zukunftsfest machen? Bausteine f\u00fcr eine konvergente Medienregulierung"},"content":{"rendered":"<p><strong>Wie Medienvielfalt zukunftsfest machen? Bausteine f\u00fcr eine konvergente Medienregulierung<\/strong><\/p>\n<p>Dr. Anja Zimmer, Rechtsanw\u00e4ltin, Medien- und Netzexpertin<\/p>\n<p>Innovationen, neue Entwicklungen und Angebote entstehen in immer h\u00f6herer Geschwindigkeit, die Mediennutzung \u00e4ndert sich rasant. Medienrecht und Medienregulierung haben es schwer, mit diesem Tempo mitzuhalten. Das gilt nicht nur f\u00fcr den Gesetzgeber, sondern auch f\u00fcr die Regulierung und noch viel mehr f\u00fcr die gerichtliche \u00dcberpr\u00fcfung. Manche Verfahren dauern Jahre und schreiben am Ende zwar Rechtsgeschichte, haben aber kaum noch praktische Relevanz. Die folgenden Bausteine sollen dabei helfen, eine konvergente und zukunftsgerichtete Regulierung zu schaffen. Sie gehen aber in einigen Punkten \u00fcber reine Regulierungsvorgaben hinaus, denn nur Regelungen, die auch zeitgerecht umgesetzt werden, k\u00f6nnen letztlich zur Vielfaltssicherung beitragen. \u2026 Eine fortschrittliche Regulierung muss der Digitalisierung und der damit verbundenen Medienkonvergenz Rechnung tragen. Eine fortschrittliche Vielfaltssicherung muss Medienentwicklungen und -nutzungen ganzheitlich im Blick haben und Wissen dar\u00fcber f\u00f6rdern. Die folgenden 20 Bausteine sollen zur Vielfaltssicherung im 21. Jahrhundert beitragen:<\/p>\n<ul>\n<li>Rolle des Medienkonzentrationsrechts \u00fcberdenken<\/li>\n<li>Marktbeobachtung fortsetzen und weiter professionalisieren<\/li>\n<li>Lokales st\u00e4rker in den Blick nehmen<\/li>\n<li>(Lokalen) Journalismus nachhaltig f\u00f6rdern<\/li>\n<li>\u00d6ffentlich-rechtliche Informationsangebote st\u00e4rken<\/li>\n<li>Auffindbarkeit von Public-Value-Angeboten sicherstellen<\/li>\n<li>Desinformation und Propaganda wirksam begrenzen<\/li>\n<li>Souver\u00e4nit\u00e4t der Nutzer st\u00e4rken (und dabei Transparenz der algorithmischen Entscheidungsfindung nicht \u00fcberbewerten)<\/li>\n<li>Wirksame(re) Missbrauchskontrolle schaffen<\/li>\n<li>Datenmacht und Netzwerkeffekte adressieren<\/li>\n<li>Vielfalt st\u00e4rker im Design anlegen<\/li>\n<li>Interoperabilit\u00e4t und Datenportabilit\u00e4t erleichtern<\/li>\n<li>Regulierung evidenzbasiert ausgestalten<\/li>\n<li>Privilegierte Datenzug\u00e4nge f\u00fcr Wissenschaft und Regulierung sicherstellen<\/li>\n<li>Vielfaltssicherung als \u00fcbergreifende Aufgabe verstehen<\/li>\n<li>Staatsferne Regulierung erhalten<\/li>\n<li>Auditverfahren einf\u00fchren<\/li>\n<li>Effiziente Rechtsdurchsetzung erleichtern<\/li>\n<li>(Gerichts-)Verfahren beschleunigen<\/li>\n<li>Ausreichende Ressourcen schaffen<\/li>\n<\/ul>\n<p>Diese Themen gilt es anzugehen. Jetzt ist die Frage zu stellen, wie wirksame Regulierung im Zusammenspiel mit dem Kartellrecht aussehen kann. Die Beantwortung muss in Deutschland erfolgen und von Europa gest\u00fctzt werden. Denn wir werden die vielen Herausforderungen nur gemeinsam bew\u00e4ltigen. Vielfaltssicherung ist grundlegend f\u00fcr eine funktionierende Demokratie. Das Fundament kann aus den skizzierten Vorschl\u00e4gen gegossen werden.<\/p>\n<p><a href=\"https:\/\/www.medienpolitik.net\/2022\/03\/wie-medienvielfalt-zukunftsfest-machen\/\">https:\/\/www.medienpolitik.net\/2022\/03\/wie-medienvielfalt-zukunftsfest-machen\/<\/a><\/p>\n<p><em>Hinweis der Redaktion: Offen bleibt leider, wer die Akteure sind, die diese Ideen in Fundamente gie\u00dfen. Dass die Akteure sich nicht so schnell einigen, sehen wir aktuell bei der Auftragsdebatte (geht seit mehr als 12 Jahren), beim Stand der Diskussionen zum Medienkonzentrationsrecht (KEK fordert seit \u00fcber 10 Jahren Ver\u00e4nderungen) und werden wir ins zwei Jahren bei der Rundfunkbeitragsdebatte erleben. Das eine ist es, die Probleme zu beschreiben und L\u00f6sungen anzudeuten, das andere ist es zu beschreiben, wo der politische Konsens der Akteure liegt.<\/em><\/p>\n<div class=\"twoclick_social_bookmarks_post_7093 social_share_privacy clearfix 1.6.4 locale-de_DE sprite-de_DE\"><\/div><div class=\"twoclick-js\"><script type=\"text\/javascript\">\/* <![CDATA[ *\/\njQuery(document).ready(function($){if($('.twoclick_social_bookmarks_post_7093')){$('.twoclick_social_bookmarks_post_7093').socialSharePrivacy({\"services\":{\"facebook\":{\"status\":\"on\",\"txt_info\":\"2 Klicks f\\u00fcr mehr Datenschutz: Erst wenn Sie hier klicken, wird der Button aktiv und Sie k\\u00f6nnen Ihre Empfehlung an Facebook senden. Schon beim Aktivieren werden Daten an Dritte \\u00fcbertragen - siehe <em>i<\\\/em>.\",\"perma_option\":\"off\",\"action\":\"like\",\"language\":\"de_DE\"},\"twitter\":{\"reply_to\":\"\",\"tweet_text\":\"%20Wie%20Medienvielfalt%20zukunftsfest%20machen%3F%20Bausteine%20f%C3%BCr%20eine%20konvergente%20...\",\"status\":\"on\",\"txt_info\":\"2 Klicks f\\u00fcr mehr Datenschutz: Erst wenn Sie hier klicken, wird der Button aktiv und Sie k\\u00f6nnen Ihre Empfehlung an Twitter senden. Schon beim Aktivieren werden Daten an Dritte \\u00fcbertragen - siehe <em>i<\\\/em>.\",\"perma_option\":\"off\",\"language\":\"de\",\"referrer_track\":\"\"}},\"txt_help\":\"Wenn Sie diese Felder durch einen Klick aktivieren, werden Informationen an Facebook, Twitter, Flattr, Xing, t3n, LinkedIn, Pinterest oder Google eventuell ins Ausland \\u00fcbertragen und unter Umst\\u00e4nden auch dort gespeichert. N\\u00e4heres erfahren Sie durch einen Klick auf das <em>i<\\\/em>.\",\"settings_perma\":\"Dauerhaft aktivieren und Daten\\u00fcber-tragung zustimmen:\",\"info_link\":\"http:\\\/\\\/www.heise.de\\\/ct\\\/artikel\\\/2-Klicks-fuer-mehr-Datenschutz-1333879.html\",\"uri\":\"https:\\\/\\\/publikumskonferenz.de\\\/blog\\\/news\\\/wie-medienvielfalt-zukunftsfest-machen-bausteine-fuer-eine-konvergente-medienregulierung\\\/\",\"post_id\":7093,\"post_title_referrer_track\":\"Wie+Medienvielfalt+zukunftsfest+machen%3F+Bausteine+f%C3%BCr+eine+konvergente+Medienregulierung\",\"display_infobox\":\"on\"});}});\n\/* ]]> *\/<\/script><\/div>","protected":false},"excerpt":{"rendered":"<p>Wie Medienvielfalt zukunftsfest machen? Bausteine f\u00fcr eine konvergente Medienregulierung Dr. Anja Zimmer, Rechtsanw\u00e4ltin, Medien- und Netzexpertin Innovationen, neue Entwicklungen und Angebote entstehen in immer h\u00f6herer Geschwindigkeit, die Mediennutzung \u00e4ndert sich rasant. Medienrecht und Medienregulierung haben es schwer, mit diesem Tempo &hellip;<\/p>\n<p class=\"read-more\"> <a class=\"more-link\" href=\"https:\/\/publikumskonferenz.de\/blog\/news\/wie-medienvielfalt-zukunftsfest-machen-bausteine-fuer-eine-konvergente-medienregulierung\/\"> <span class=\"screen-reader-text\">Wie Medienvielfalt zukunftsfest machen? Bausteine f\u00fcr eine konvergente Medienregulierung<\/span> Weiterlesen &raquo;<\/a><\/p>\n","protected":false},"author":2,"featured_media":0,"comment_status":"closed","ping_status":"closed","template":"","categories":[],"newstags":[],"class_list":["post-7093","news","type-news","status-publish","hentry"],"_links":{"self":[{"href":"https:\/\/publikumskonferenz.de\/blog\/wp-json\/wp\/v2\/news\/7093","targetHints":{"allow":["GET"]}}],"collection":[{"href":"https:\/\/publikumskonferenz.de\/blog\/wp-json\/wp\/v2\/news"}],"about":[{"href":"https:\/\/publikumskonferenz.de\/blog\/wp-json\/wp\/v2\/types\/news"}],"author":[{"embeddable":true,"href":"https:\/\/publikumskonferenz.de\/blog\/wp-json\/wp\/v2\/users\/2"}],"replies":[{"embeddable":true,"href":"https:\/\/publikumskonferenz.de\/blog\/wp-json\/wp\/v2\/comments?post=7093"}],"wp:attachment":[{"href":"https:\/\/publikumskonferenz.de\/blog\/wp-json\/wp\/v2\/media?parent=7093"}],"wp:term":[{"taxonomy":"category","embeddable":true,"href":"https:\/\/publikumskonferenz.de\/blog\/wp-json\/wp\/v2\/categories?post=7093"},{"taxonomy":"newstags","embeddable":true,"href":"https:\/\/publikumskonferenz.de\/blog\/wp-json\/wp\/v2\/newstags?post=7093"}],"curies":[{"name":"wp","href":"https:\/\/api.w.org\/{rel}","templated":true}]}}