{"id":7116,"date":"2022-04-12T20:32:20","date_gmt":"2022-04-12T19:32:20","guid":{"rendered":"https:\/\/publikumskonferenz.de\/blog\/?post_type=news&#038;p=7116"},"modified":"2022-04-12T20:32:20","modified_gmt":"2022-04-12T19:32:20","slug":"ueber-350-freie-im-protest-ausstand-rbb-stellt-publikum-auf-programmeinschraenkungen-ein","status":"publish","type":"news","link":"https:\/\/publikumskonferenz.de\/blog\/news\/ueber-350-freie-im-protest-ausstand-rbb-stellt-publikum-auf-programmeinschraenkungen-ein\/","title":{"rendered":"\u00dcber 350 Freie im Protest-Ausstand RBB stellt Publikum auf Programmeinschr\u00e4nkungen ein"},"content":{"rendered":"<p><strong>\u00dcber 350 Freie im Protest-Ausstand RBB stellt Publikum auf Programmeinschr\u00e4nkungen ein<\/strong><\/p>\n<p>Nun r\u00e4umt auch der RBB selbst ein, dass es \u00fcber Ostern zu Einschr\u00e4nkungen im Programm kommen kann. Grund ist die Aktion #wirsindnichtda. Weitere sind geplant. &#8230;<\/p>\n<p>Die Ausstrahlung der Nachrichten von rbb24 Abendschau und von rbb24 Brandenburg aktuell sei gew\u00e4hrleistet.<\/p>\n<p>F\u00fcr den RBB-Programmchef ist die Osteraktion der Freien nicht die einzige Baustelle. Der Umbau des TV-Vorabends mit den neuen Sendeschema hat noch nicht zum gew\u00fcnschten Erfolg gef\u00fchrt. &#8230;<\/p>\n<p>\u201eDas Scheitern der Verhandlungen ist ein Tiefschlag gerade f\u00fcr die \u00c4lteren und besonders loyalen Freien\u201c, hatte Dagmar Bednarek, Sprecherin der RBB-Freienvertretung, im Tagesspiegel die Aktion #wirsindnichtda begr\u00fcndet.\u00a0 Zudem sorge der Umbau des Senders gerade in der Aktualit\u00e4t f\u00fcr Mehrarbeit und Arbeitsverdichtung \u2013 \u201edazu kommen in diesen Wochen so viele Corona-F\u00e4lle wie noch nie zuvor, die Redaktionen gehen auf dem Zahnfleisch\u201c.<\/p>\n<p>F\u00fcr viele festangestellte Mitarbeiter des RBB zieht der Freien-Protest eine Urlaubssperre nach sich. Nicht beabsichtig, aber eine bedauerliche Folge, hei\u00dft es dazu.<\/p>\n<p><a href=\"https:\/\/www.tagesspiegel.de\/gesellschaft\/medien\/ueber-350-freie-im-protest-ausstand-rbb-stellt-publikum-auf-programmeinschraenkungen-ein\/28244104.html\">https:\/\/www.tagesspiegel.de\/gesellschaft\/medien\/ueber-350-freie-im-protest-ausstand-rbb-stellt-publikum-auf-programmeinschraenkungen-ein\/28244104.html<\/a><\/p>\n<p>Schulte-Kellinghaus: &#8222;Wir als RBB ver\u00e4ndern uns und unser Programm fortlaufend, auch die Welt um uns herum ver\u00e4ndert sich in einem rasanten Tempo.&#8220; Daher brauche man Flexibilit\u00e4t und Gestaltungsspielraum. Der sozialen Verantwortung sei sich der RBB aber bewusst und hoffe daher, dass bald wieder verhandelt wird.<\/p>\n<p><a href=\"https:\/\/www.dwdl.de\/nachrichten\/87414\/rbb_rechnet_mit_einschraenkungen_im_osterprogramm\/\">https:\/\/www.dwdl.de\/nachrichten\/87414\/rbb_rechnet_mit_einschraenkungen_im_osterprogramm\/<\/a><\/p>\n<div class=\"twoclick_social_bookmarks_post_7116 social_share_privacy clearfix 1.6.4 locale-de_DE sprite-de_DE\"><\/div><div class=\"twoclick-js\"><script type=\"text\/javascript\">\/* <![CDATA[ *\/\njQuery(document).ready(function($){if($('.twoclick_social_bookmarks_post_7116')){$('.twoclick_social_bookmarks_post_7116').socialSharePrivacy({\"services\":{\"facebook\":{\"status\":\"on\",\"txt_info\":\"2 Klicks f\\u00fcr mehr Datenschutz: Erst wenn Sie hier klicken, wird der Button aktiv und Sie k\\u00f6nnen Ihre Empfehlung an Facebook senden. Schon beim Aktivieren werden Daten an Dritte \\u00fcbertragen - siehe <em>i<\\\/em>.\",\"perma_option\":\"off\",\"action\":\"like\",\"language\":\"de_DE\"},\"twitter\":{\"reply_to\":\"\",\"tweet_text\":\"%20%C3%9Cber%20350%20Freie%20im%20Protest-Ausstand%20RBB%20stellt%20Publikum%20auf%20...\",\"status\":\"on\",\"txt_info\":\"2 Klicks f\\u00fcr mehr Datenschutz: Erst wenn Sie hier klicken, wird der Button aktiv und Sie k\\u00f6nnen Ihre Empfehlung an Twitter senden. Schon beim Aktivieren werden Daten an Dritte \\u00fcbertragen - siehe <em>i<\\\/em>.\",\"perma_option\":\"off\",\"language\":\"de\",\"referrer_track\":\"\"}},\"txt_help\":\"Wenn Sie diese Felder durch einen Klick aktivieren, werden Informationen an Facebook, Twitter, Flattr, Xing, t3n, LinkedIn, Pinterest oder Google eventuell ins Ausland \\u00fcbertragen und unter Umst\\u00e4nden auch dort gespeichert. N\\u00e4heres erfahren Sie durch einen Klick auf das <em>i<\\\/em>.\",\"settings_perma\":\"Dauerhaft aktivieren und Daten\\u00fcber-tragung zustimmen:\",\"info_link\":\"http:\\\/\\\/www.heise.de\\\/ct\\\/artikel\\\/2-Klicks-fuer-mehr-Datenschutz-1333879.html\",\"uri\":\"https:\\\/\\\/publikumskonferenz.de\\\/blog\\\/news\\\/ueber-350-freie-im-protest-ausstand-rbb-stellt-publikum-auf-programmeinschraenkungen-ein\\\/\",\"post_id\":7116,\"post_title_referrer_track\":\"%C3%9Cber+350+Freie+im+Protest-Ausstand+RBB+stellt+Publikum+auf+Programmeinschr%C3%A4nkungen+ein\",\"display_infobox\":\"on\"});}});\n\/* ]]> *\/<\/script><\/div>","protected":false},"excerpt":{"rendered":"<p>\u00dcber 350 Freie im Protest-Ausstand RBB stellt Publikum auf Programmeinschr\u00e4nkungen ein Nun r\u00e4umt auch der RBB selbst ein, dass es \u00fcber Ostern zu Einschr\u00e4nkungen im Programm kommen kann. Grund ist die Aktion #wirsindnichtda. Weitere sind geplant. &#8230; Die Ausstrahlung der &hellip;<\/p>\n<p class=\"read-more\"> <a class=\"more-link\" href=\"https:\/\/publikumskonferenz.de\/blog\/news\/ueber-350-freie-im-protest-ausstand-rbb-stellt-publikum-auf-programmeinschraenkungen-ein\/\"> <span class=\"screen-reader-text\">\u00dcber 350 Freie im Protest-Ausstand RBB stellt Publikum auf Programmeinschr\u00e4nkungen ein<\/span> Weiterlesen &raquo;<\/a><\/p>\n","protected":false},"author":2,"featured_media":0,"comment_status":"closed","ping_status":"closed","template":"","categories":[],"newstags":[],"class_list":["post-7116","news","type-news","status-publish","hentry"],"_links":{"self":[{"href":"https:\/\/publikumskonferenz.de\/blog\/wp-json\/wp\/v2\/news\/7116","targetHints":{"allow":["GET"]}}],"collection":[{"href":"https:\/\/publikumskonferenz.de\/blog\/wp-json\/wp\/v2\/news"}],"about":[{"href":"https:\/\/publikumskonferenz.de\/blog\/wp-json\/wp\/v2\/types\/news"}],"author":[{"embeddable":true,"href":"https:\/\/publikumskonferenz.de\/blog\/wp-json\/wp\/v2\/users\/2"}],"replies":[{"embeddable":true,"href":"https:\/\/publikumskonferenz.de\/blog\/wp-json\/wp\/v2\/comments?post=7116"}],"wp:attachment":[{"href":"https:\/\/publikumskonferenz.de\/blog\/wp-json\/wp\/v2\/media?parent=7116"}],"wp:term":[{"taxonomy":"category","embeddable":true,"href":"https:\/\/publikumskonferenz.de\/blog\/wp-json\/wp\/v2\/categories?post=7116"},{"taxonomy":"newstags","embeddable":true,"href":"https:\/\/publikumskonferenz.de\/blog\/wp-json\/wp\/v2\/newstags?post=7116"}],"curies":[{"name":"wp","href":"https:\/\/api.w.org\/{rel}","templated":true}]}}