{"id":7156,"date":"2022-05-20T12:47:20","date_gmt":"2022-05-20T11:47:20","guid":{"rendered":"https:\/\/publikumskonferenz.de\/blog\/?post_type=news&#038;p=7156"},"modified":"2022-05-20T12:47:20","modified_gmt":"2022-05-20T11:47:20","slug":"schirmherr-harbarth-praesentiert-alternative-fakten-leben-wir-im-selben-universum","status":"publish","type":"news","link":"https:\/\/publikumskonferenz.de\/blog\/news\/schirmherr-harbarth-praesentiert-alternative-fakten-leben-wir-im-selben-universum\/","title":{"rendered":"Schirmherr Harbarth pr\u00e4sentiert: \u201eAlternative Fakten \u2013 leben wir im selben Universum?\u201c"},"content":{"rendered":"<div class=\"\" data-block=\"true\" data-editor=\"6jetq\" data-offset-key=\"f646a-0-0\">\n<div class=\"_1mf _1mj\" data-offset-key=\"f646a-0-0\"><span class=\"py34i1dx\"><span data-offset-key=\"f646a-0-0\">https:\/\/www.bundesverfassungsgericht.de\/SharedDocs\/Pressemitteilungen\/DE\/2022\/bvg22-041.html<\/span><\/span><\/div>\n<\/div>\n<div class=\"\" data-block=\"true\" data-editor=\"6jetq\" data-offset-key=\"6q3b6-0-0\">\n<div class=\"_1mf _1mj\" data-offset-key=\"6q3b6-0-0\"><span data-offset-key=\"6q3b6-0-0\">\u00a0<\/span><\/div>\n<\/div>\n<div class=\"\" data-block=\"true\" data-editor=\"6jetq\" data-offset-key=\"b8gv3-0-0\">\n<div class=\"_1mf _1mj\" data-offset-key=\"b8gv3-0-0\"><span data-offset-key=\"b8gv3-0-0\">Kurz nach der Pressemitteilung zur einrichtungsbezogenen Impfpflicht bewirbt das Bundesverfassungsgericht folgende Veranstaltung am Kommenden Sonntag:<\/span><\/div>\n<\/div>\n<div class=\"\" data-block=\"true\" data-editor=\"6jetq\" data-offset-key=\"7tfp1-0-0\">\n<div class=\"_1mf _1mj\" data-offset-key=\"7tfp1-0-0\"><span data-offset-key=\"7tfp1-0-0\">\u00a0<\/span><\/div>\n<\/div>\n<div class=\"\" data-block=\"true\" data-editor=\"6jetq\" data-offset-key=\"3d8fl-0-0\">\n<div class=\"_1mf _1mj\" data-offset-key=\"3d8fl-0-0\"><span data-offset-key=\"3d8fl-0-0\">\u201eAlternative Fakten \u2013 leben wir im selben Universum?\u201c unter der Schirmherrschaft des Pr\u00e4sidenten des Bundesverfassungsgerichts, Prof. Dr. Stephan Harbarth, LL.M. (Yale)<\/span><\/div>\n<\/div>\n<div class=\"\" data-block=\"true\" data-editor=\"6jetq\" data-offset-key=\"4rkn3-0-0\">\n<div class=\"_1mf _1mj\" data-offset-key=\"4rkn3-0-0\"><span data-offset-key=\"4rkn3-0-0\">\u00a0<\/span><\/div>\n<\/div>\n<div class=\"\" data-block=\"true\" data-editor=\"6jetq\" data-offset-key=\"96puj-0-0\">\n<div class=\"_1mf _1mj\" data-offset-key=\"96puj-0-0\"><span data-offset-key=\"96puj-0-0\">Der Pr\u00e4sident des Bundesverfassungsgerichts und der Oberb\u00fcrgermeister der Stadt Karlsruhe, Dr. Frank Mentrup, sprechen Gru\u00dfworte. Als G\u00e4ste auf dem Podium diskutieren Dr. Michael Blume, Antisemitismusbeauftragter der Landesregierung Baden-W\u00fcrttemberg, Pia Lamberty, Gesch\u00e4ftsf\u00fchrerin beim Center f\u00fcr Monitoring, Analyse und Strategie, Berlin, Bettina Limperg, Pr\u00e4sidentin des Bundesgerichtshofs, Prof. Dr. Stefan Rahmstorf, Potsdam-Institut f\u00fcr Klimafolgenforschung, und Prof. Dr. Maren Urner, Hochschule f\u00fcr Medien, Kommunikation und Wirtschaft, Fachbereich Psychologie, Campus K\u00f6ln. Moderiert wird die Diskussion von J\u00f6rg Sch\u00f6nenborn, Programmdirektor des Westdeutschen Rundfunks.<\/span><\/div>\n<\/div>\n<div class=\"twoclick_social_bookmarks_post_7156 social_share_privacy clearfix 1.6.4 locale-de_DE sprite-de_DE\"><\/div><div class=\"twoclick-js\"><script type=\"text\/javascript\">\/* <![CDATA[ *\/\njQuery(document).ready(function($){if($('.twoclick_social_bookmarks_post_7156')){$('.twoclick_social_bookmarks_post_7156').socialSharePrivacy({\"services\":{\"facebook\":{\"status\":\"on\",\"txt_info\":\"2 Klicks f\\u00fcr mehr Datenschutz: Erst wenn Sie hier klicken, wird der Button aktiv und Sie k\\u00f6nnen Ihre Empfehlung an Facebook senden. Schon beim Aktivieren werden Daten an Dritte \\u00fcbertragen - siehe <em>i<\\\/em>.\",\"perma_option\":\"off\",\"action\":\"like\",\"language\":\"de_DE\"},\"twitter\":{\"reply_to\":\"\",\"tweet_text\":\"%20Schirmherr%20Harbarth%20pr%C3%A4sentiert%3A%20%E2%80%9EAlternative%20Fakten%20%E2%80%93%20leben%20wir%20im%20...\",\"status\":\"on\",\"txt_info\":\"2 Klicks f\\u00fcr mehr Datenschutz: Erst wenn Sie hier klicken, wird der Button aktiv und Sie k\\u00f6nnen Ihre Empfehlung an Twitter senden. Schon beim Aktivieren werden Daten an Dritte \\u00fcbertragen - siehe <em>i<\\\/em>.\",\"perma_option\":\"off\",\"language\":\"de\",\"referrer_track\":\"\"}},\"txt_help\":\"Wenn Sie diese Felder durch einen Klick aktivieren, werden Informationen an Facebook, Twitter, Flattr, Xing, t3n, LinkedIn, Pinterest oder Google eventuell ins Ausland \\u00fcbertragen und unter Umst\\u00e4nden auch dort gespeichert. N\\u00e4heres erfahren Sie durch einen Klick auf das <em>i<\\\/em>.\",\"settings_perma\":\"Dauerhaft aktivieren und Daten\\u00fcber-tragung zustimmen:\",\"info_link\":\"http:\\\/\\\/www.heise.de\\\/ct\\\/artikel\\\/2-Klicks-fuer-mehr-Datenschutz-1333879.html\",\"uri\":\"https:\\\/\\\/publikumskonferenz.de\\\/blog\\\/news\\\/schirmherr-harbarth-praesentiert-alternative-fakten-leben-wir-im-selben-universum\\\/\",\"post_id\":7156,\"post_title_referrer_track\":\"Schirmherr+Harbarth+pr%C3%A4sentiert%3A+%E2%80%9EAlternative+Fakten+%E2%80%93+leben+wir+im+selben+Universum%3F%E2%80%9C\",\"display_infobox\":\"on\"});}});\n\/* ]]> *\/<\/script><\/div>","protected":false},"excerpt":{"rendered":"<p>https:\/\/www.bundesverfassungsgericht.de\/SharedDocs\/Pressemitteilungen\/DE\/2022\/bvg22-041.html \u00a0 Kurz nach der Pressemitteilung zur einrichtungsbezogenen Impfpflicht bewirbt das Bundesverfassungsgericht folgende Veranstaltung am Kommenden Sonntag: \u00a0 \u201eAlternative Fakten \u2013 leben wir im selben Universum?\u201c unter der Schirmherrschaft des Pr\u00e4sidenten des Bundesverfassungsgerichts, Prof. Dr. Stephan Harbarth, LL.M. (Yale) \u00a0 &hellip;<\/p>\n<p class=\"read-more\"> <a class=\"more-link\" href=\"https:\/\/publikumskonferenz.de\/blog\/news\/schirmherr-harbarth-praesentiert-alternative-fakten-leben-wir-im-selben-universum\/\"> <span class=\"screen-reader-text\">Schirmherr Harbarth pr\u00e4sentiert: \u201eAlternative Fakten \u2013 leben wir im selben Universum?\u201c<\/span> Weiterlesen &raquo;<\/a><\/p>\n","protected":false},"author":2,"featured_media":0,"comment_status":"closed","ping_status":"closed","template":"","categories":[],"newstags":[],"class_list":["post-7156","news","type-news","status-publish","hentry"],"_links":{"self":[{"href":"https:\/\/publikumskonferenz.de\/blog\/wp-json\/wp\/v2\/news\/7156","targetHints":{"allow":["GET"]}}],"collection":[{"href":"https:\/\/publikumskonferenz.de\/blog\/wp-json\/wp\/v2\/news"}],"about":[{"href":"https:\/\/publikumskonferenz.de\/blog\/wp-json\/wp\/v2\/types\/news"}],"author":[{"embeddable":true,"href":"https:\/\/publikumskonferenz.de\/blog\/wp-json\/wp\/v2\/users\/2"}],"replies":[{"embeddable":true,"href":"https:\/\/publikumskonferenz.de\/blog\/wp-json\/wp\/v2\/comments?post=7156"}],"wp:attachment":[{"href":"https:\/\/publikumskonferenz.de\/blog\/wp-json\/wp\/v2\/media?parent=7156"}],"wp:term":[{"taxonomy":"category","embeddable":true,"href":"https:\/\/publikumskonferenz.de\/blog\/wp-json\/wp\/v2\/categories?post=7156"},{"taxonomy":"newstags","embeddable":true,"href":"https:\/\/publikumskonferenz.de\/blog\/wp-json\/wp\/v2\/newstags?post=7156"}],"curies":[{"name":"wp","href":"https:\/\/api.w.org\/{rel}","templated":true}]}}