{"id":7200,"date":"2022-06-09T11:33:32","date_gmt":"2022-06-09T10:33:32","guid":{"rendered":"https:\/\/publikumskonferenz.de\/blog\/?post_type=news&#038;p=7200"},"modified":"2022-06-09T11:33:45","modified_gmt":"2022-06-09T10:33:45","slug":"sachsen-verliert-platz-an-sachsen-anhalt-haseloff-in-zdf-verwaltungsrat-gewaehlt","status":"publish","type":"news","link":"https:\/\/publikumskonferenz.de\/blog\/news\/sachsen-verliert-platz-an-sachsen-anhalt-haseloff-in-zdf-verwaltungsrat-gewaehlt\/","title":{"rendered":"Sachsen verliert Platz an Sachsen-Anhalt: Haseloff in ZDF-Verwaltungsrat gew\u00e4hlt"},"content":{"rendered":"<p><strong>Sachsen verliert Platz an Sachsen-Anhalt: Haseloff in ZDF-Verwaltungsrat gew\u00e4hlt<\/strong><\/p>\n<p>Sachsen-Anhalts Ministerpr\u00e4sident Reiner Haseloff (CDU) ist ab 1. Juli Mitglied im ZDF-Verwaltungsrat. Die Konferenz der Regierungschefinnen und -chefs der Bundesl\u00e4nder w\u00e4hlte den CDU-Politiker in das Gremium, wie die Staatskanzlei in Magdeburg am Mittwoch mitteilte. Haseloff folgt auf Stanislaw Tillich (CDU). Der fr\u00fchere Ministerpr\u00e4sident von Sachsen und Aufsichtsratsvorsitzende der Mitteldeutschen Braunkohlegesellschaft scheidet nach ZDF-Angaben zum 1. Juli aus dem Verwaltungsrat aus.<\/p>\n<p>Vorsitzende des zw\u00f6lfk\u00f6pfigen Verwaltungsrats ist die rheinland-pf\u00e4lzische Ministerpr\u00e4sidentin Malu Dreyer (SPD). Au\u00dferdem geh\u00f6ren dem Gremium Bayerns Ministerpr\u00e4sident Markus S\u00f6der (CSU) und sein brandenburgischer Amtskollege Dietmar Woidke (SPD) an. Die Ministerpr\u00e4sidenten werden als Vertreter der Bundesl\u00e4nder berufen. Der Fernsehrat w\u00e4hlt die acht weiteren Mitglieder.<\/p>\n<p><a href=\"https:\/\/w.epd.de\/digital\/med\/2022\/06\/08\/#article291337\">https:\/\/w.epd.de\/digital\/med\/2022\/06\/08\/#article291337<\/a><\/p>\n<p><strong>Nach Rundfunkbeitrags-Blockade: Sachsen-Anhalts Landeschef Haseloff soll in ZDF-Verwaltungsrat<\/strong><\/p>\n<p><a href=\"https:\/\/www.digitalfernsehen.de\/news\/medien-news\/politik\/nach-rundfunkbeitrags-blockade-sachsen-anhalts-landeschef-haseloff-soll-in-zdf-verwaltungsrat-606720\/\">https:\/\/www.digitalfernsehen.de\/news\/medien-news\/politik\/nach-rundfunkbeitrags-blockade-sachsen-anhalts-landeschef-haseloff-soll-in-zdf-verwaltungsrat-606720\/<\/a><\/p>\n<p><em>Hinweis der Redaktion: Sachsen koordiniert f\u00fcr die CDU die Medienpolitik der Ministerpr\u00e4sidenten. <\/em><\/p>\n<div class=\"twoclick_social_bookmarks_post_7200 social_share_privacy clearfix 1.6.4 locale-de_DE sprite-de_DE\"><\/div><div class=\"twoclick-js\"><script type=\"text\/javascript\">\/* <![CDATA[ *\/\njQuery(document).ready(function($){if($('.twoclick_social_bookmarks_post_7200')){$('.twoclick_social_bookmarks_post_7200').socialSharePrivacy({\"services\":{\"facebook\":{\"status\":\"on\",\"txt_info\":\"2 Klicks f\\u00fcr mehr Datenschutz: Erst wenn Sie hier klicken, wird der Button aktiv und Sie k\\u00f6nnen Ihre Empfehlung an Facebook senden. Schon beim Aktivieren werden Daten an Dritte \\u00fcbertragen - siehe <em>i<\\\/em>.\",\"perma_option\":\"off\",\"action\":\"like\",\"language\":\"de_DE\"},\"twitter\":{\"reply_to\":\"\",\"tweet_text\":\"%20Sachsen%20verliert%20Platz%20an%20Sachsen-Anhalt%3A%20Haseloff%20in%20ZDF-Verwaltungsrat%20gew%C3%A4hlt%20...\",\"status\":\"on\",\"txt_info\":\"2 Klicks f\\u00fcr mehr Datenschutz: Erst wenn Sie hier klicken, wird der Button aktiv und Sie k\\u00f6nnen Ihre Empfehlung an Twitter senden. Schon beim Aktivieren werden Daten an Dritte \\u00fcbertragen - siehe <em>i<\\\/em>.\",\"perma_option\":\"off\",\"language\":\"de\",\"referrer_track\":\"\"}},\"txt_help\":\"Wenn Sie diese Felder durch einen Klick aktivieren, werden Informationen an Facebook, Twitter, Flattr, Xing, t3n, LinkedIn, Pinterest oder Google eventuell ins Ausland \\u00fcbertragen und unter Umst\\u00e4nden auch dort gespeichert. N\\u00e4heres erfahren Sie durch einen Klick auf das <em>i<\\\/em>.\",\"settings_perma\":\"Dauerhaft aktivieren und Daten\\u00fcber-tragung zustimmen:\",\"info_link\":\"http:\\\/\\\/www.heise.de\\\/ct\\\/artikel\\\/2-Klicks-fuer-mehr-Datenschutz-1333879.html\",\"uri\":\"https:\\\/\\\/publikumskonferenz.de\\\/blog\\\/news\\\/sachsen-verliert-platz-an-sachsen-anhalt-haseloff-in-zdf-verwaltungsrat-gewaehlt\\\/\",\"post_id\":7200,\"post_title_referrer_track\":\"Sachsen+verliert+Platz+an+Sachsen-Anhalt%3A+Haseloff+in+ZDF-Verwaltungsrat+gew%C3%A4hlt\",\"display_infobox\":\"on\"});}});\n\/* ]]> *\/<\/script><\/div>","protected":false},"excerpt":{"rendered":"<p>Sachsen verliert Platz an Sachsen-Anhalt: Haseloff in ZDF-Verwaltungsrat gew\u00e4hlt Sachsen-Anhalts Ministerpr\u00e4sident Reiner Haseloff (CDU) ist ab 1. Juli Mitglied im ZDF-Verwaltungsrat. Die Konferenz der Regierungschefinnen und -chefs der Bundesl\u00e4nder w\u00e4hlte den CDU-Politiker in das Gremium, wie die Staatskanzlei in Magdeburg &hellip;<\/p>\n<p class=\"read-more\"> <a class=\"more-link\" href=\"https:\/\/publikumskonferenz.de\/blog\/news\/sachsen-verliert-platz-an-sachsen-anhalt-haseloff-in-zdf-verwaltungsrat-gewaehlt\/\"> <span class=\"screen-reader-text\">Sachsen verliert Platz an Sachsen-Anhalt: Haseloff in ZDF-Verwaltungsrat gew\u00e4hlt<\/span> Weiterlesen &raquo;<\/a><\/p>\n","protected":false},"author":2,"featured_media":0,"comment_status":"closed","ping_status":"closed","template":"","categories":[],"newstags":[],"class_list":["post-7200","news","type-news","status-publish","hentry"],"_links":{"self":[{"href":"https:\/\/publikumskonferenz.de\/blog\/wp-json\/wp\/v2\/news\/7200","targetHints":{"allow":["GET"]}}],"collection":[{"href":"https:\/\/publikumskonferenz.de\/blog\/wp-json\/wp\/v2\/news"}],"about":[{"href":"https:\/\/publikumskonferenz.de\/blog\/wp-json\/wp\/v2\/types\/news"}],"author":[{"embeddable":true,"href":"https:\/\/publikumskonferenz.de\/blog\/wp-json\/wp\/v2\/users\/2"}],"replies":[{"embeddable":true,"href":"https:\/\/publikumskonferenz.de\/blog\/wp-json\/wp\/v2\/comments?post=7200"}],"wp:attachment":[{"href":"https:\/\/publikumskonferenz.de\/blog\/wp-json\/wp\/v2\/media?parent=7200"}],"wp:term":[{"taxonomy":"category","embeddable":true,"href":"https:\/\/publikumskonferenz.de\/blog\/wp-json\/wp\/v2\/categories?post=7200"},{"taxonomy":"newstags","embeddable":true,"href":"https:\/\/publikumskonferenz.de\/blog\/wp-json\/wp\/v2\/newstags?post=7200"}],"curies":[{"name":"wp","href":"https:\/\/api.w.org\/{rel}","templated":true}]}}