{"id":7624,"date":"2022-11-29T22:16:28","date_gmt":"2022-11-29T21:16:28","guid":{"rendered":"https:\/\/publikumskonferenz.de\/blog\/?post_type=news&#038;p=7624"},"modified":"2022-11-29T22:17:18","modified_gmt":"2022-11-29T21:17:18","slug":"zdf-journalistisches-straeuben-gegen-richtigkeit","status":"publish","type":"news","link":"https:\/\/publikumskonferenz.de\/blog\/news\/zdf-journalistisches-straeuben-gegen-richtigkeit\/","title":{"rendered":"ZDF: Journalistisches Str\u00e4uben gegen Richtigkeit"},"content":{"rendered":"<p>Das ZDF hat eine juristische Falschbehauptung verbreitet und bei der Angabe eines Ver\u00f6ffentlichungsdatums gelogen. Trotz zig-facher Hinweise wurde beides erst im Zuge einer formalen Programmbeschwerde behoben, jedoch ohne Entschuldigung und ohne transparente Hinweise, sodass wohl praktisch niemand, der diese Fehlinformationen genossen hat, von der Fehlerhaftigkeit erf\u00e4hrt. Wenn der geschilderte kleine Fall nicht die absolute Ausnahme ist, steht es um die Orientierungsleistung des ZDF nicht gut.<\/p>\n<p>Dass es sich um keinen Einzelfall handelt, legt zumindest nahe, dass es zahlreiche vergleichbare F\u00e4lle bei allen m\u00f6glichen Medien gibt. Denn die Quintessenz aus drei Jahrzehnten Medienjournalismus f\u00fchrte zum provokativen Titel: &#8222;Journalistisches Str\u00e4uben gegen Richtigkeit&#8220;.<\/p>\n<div class=\"twoclick_social_bookmarks_post_7624 social_share_privacy clearfix 1.6.4 locale-de_DE sprite-de_DE\"><\/div><div class=\"twoclick-js\"><script type=\"text\/javascript\">\/* <![CDATA[ *\/\njQuery(document).ready(function($){if($('.twoclick_social_bookmarks_post_7624')){$('.twoclick_social_bookmarks_post_7624').socialSharePrivacy({\"services\":{\"facebook\":{\"status\":\"on\",\"txt_info\":\"2 Klicks f\\u00fcr mehr Datenschutz: Erst wenn Sie hier klicken, wird der Button aktiv und Sie k\\u00f6nnen Ihre Empfehlung an Facebook senden. Schon beim Aktivieren werden Daten an Dritte \\u00fcbertragen - siehe <em>i<\\\/em>.\",\"perma_option\":\"off\",\"action\":\"like\",\"language\":\"de_DE\"},\"twitter\":{\"reply_to\":\"\",\"tweet_text\":\"%20ZDF%3A%20Journalistisches%20Str%C3%A4uben%20gegen%20Richtigkeit%20%C2%BB%20St%C3%A4ndige%20...\",\"status\":\"on\",\"txt_info\":\"2 Klicks f\\u00fcr mehr Datenschutz: Erst wenn Sie hier klicken, wird der Button aktiv und Sie k\\u00f6nnen Ihre Empfehlung an Twitter senden. Schon beim Aktivieren werden Daten an Dritte \\u00fcbertragen - siehe <em>i<\\\/em>.\",\"perma_option\":\"off\",\"language\":\"de\",\"referrer_track\":\"\"}},\"txt_help\":\"Wenn Sie diese Felder durch einen Klick aktivieren, werden Informationen an Facebook, Twitter, Flattr, Xing, t3n, LinkedIn, Pinterest oder Google eventuell ins Ausland \\u00fcbertragen und unter Umst\\u00e4nden auch dort gespeichert. N\\u00e4heres erfahren Sie durch einen Klick auf das <em>i<\\\/em>.\",\"settings_perma\":\"Dauerhaft aktivieren und Daten\\u00fcber-tragung zustimmen:\",\"info_link\":\"http:\\\/\\\/www.heise.de\\\/ct\\\/artikel\\\/2-Klicks-fuer-mehr-Datenschutz-1333879.html\",\"uri\":\"https:\\\/\\\/publikumskonferenz.de\\\/blog\\\/news\\\/zdf-journalistisches-straeuben-gegen-richtigkeit\\\/\",\"post_id\":7624,\"post_title_referrer_track\":\"ZDF%3A+Journalistisches+Str%C3%A4uben+gegen+Richtigkeit\",\"display_infobox\":\"on\"});}});\n\/* ]]> *\/<\/script><\/div>","protected":false},"excerpt":{"rendered":"<p>Das ZDF hat eine juristische Falschbehauptung verbreitet und bei der Angabe eines Ver\u00f6ffentlichungsdatums gelogen. Trotz zig-facher Hinweise wurde beides erst im Zuge einer formalen Programmbeschwerde behoben, jedoch ohne Entschuldigung und ohne transparente Hinweise, sodass wohl praktisch niemand, der diese Fehlinformationen &hellip;<\/p>\n<p class=\"read-more\"> <a class=\"more-link\" href=\"https:\/\/publikumskonferenz.de\/blog\/news\/zdf-journalistisches-straeuben-gegen-richtigkeit\/\"> <span class=\"screen-reader-text\">ZDF: Journalistisches Str\u00e4uben gegen Richtigkeit<\/span> Weiterlesen &raquo;<\/a><\/p>\n","protected":false},"author":2,"featured_media":0,"comment_status":"closed","ping_status":"closed","template":"","categories":[],"newstags":[],"class_list":["post-7624","news","type-news","status-publish","hentry"],"_links":{"self":[{"href":"https:\/\/publikumskonferenz.de\/blog\/wp-json\/wp\/v2\/news\/7624","targetHints":{"allow":["GET"]}}],"collection":[{"href":"https:\/\/publikumskonferenz.de\/blog\/wp-json\/wp\/v2\/news"}],"about":[{"href":"https:\/\/publikumskonferenz.de\/blog\/wp-json\/wp\/v2\/types\/news"}],"author":[{"embeddable":true,"href":"https:\/\/publikumskonferenz.de\/blog\/wp-json\/wp\/v2\/users\/2"}],"replies":[{"embeddable":true,"href":"https:\/\/publikumskonferenz.de\/blog\/wp-json\/wp\/v2\/comments?post=7624"}],"wp:attachment":[{"href":"https:\/\/publikumskonferenz.de\/blog\/wp-json\/wp\/v2\/media?parent=7624"}],"wp:term":[{"taxonomy":"category","embeddable":true,"href":"https:\/\/publikumskonferenz.de\/blog\/wp-json\/wp\/v2\/categories?post=7624"},{"taxonomy":"newstags","embeddable":true,"href":"https:\/\/publikumskonferenz.de\/blog\/wp-json\/wp\/v2\/newstags?post=7624"}],"curies":[{"name":"wp","href":"https:\/\/api.w.org\/{rel}","templated":true}]}}