{"id":7638,"date":"2022-12-12T09:29:58","date_gmt":"2022-12-12T08:29:58","guid":{"rendered":"https:\/\/publikumskonferenz.de\/blog\/?post_type=news&#038;p=7638"},"modified":"2022-12-12T09:35:05","modified_gmt":"2022-12-12T08:35:05","slug":"gremien-zwischen-anstalt-und-gesellschaftlichem-anspruch","status":"publish","type":"news","link":"https:\/\/publikumskonferenz.de\/blog\/news\/gremien-zwischen-anstalt-und-gesellschaftlichem-anspruch\/","title":{"rendered":"Gremien: Zwischen Anstalt und gesellschaftlichem Anspruch"},"content":{"rendered":"<p>&#8222;Gibt es in unserer Gesellschaft noch ein &#8218;Wir&#8216; \u2013 oder driften wir immer weiter auseinander?&#8220; lautet die Fragestellung der diesj\u00e4hrigen ARD-Themenwoche. Die \u00f6ffentlich-rechtlichen Medienangebote wollen nach eigenem Selbstverst\u00e4ndnis genau dieser &#8222;Kitt der Gesellschaft&#8220; (MDR-Intendantin Karola Wille) sein. Denn sie sind ein wesentlicher Faktor, in einer sich immer st\u00e4rker fragmentierten Welt, \u00fcbergreifend \u00f6ffentlichen Austausch, Diskussion und Meinungsbildung in der Gesellschaft sicherzustellen.<\/p>\n<p>https:\/\/www.mdr.de\/medien360g\/medienpolitik\/gremien-anstalt-gesellschaft-anspruch-100.html<\/p>\n<p><strong>Rechte und M\u00f6glichkeiten der Gremien: Willkommen in der R\u00e4te-Republik<\/strong><\/p>\n<p>Auf den ersten Blick sind die Aufgaben der Aufsichtsgremien bei den \u00f6ffentlich-rechtlichen Medien sehr \u00e4hnlich. Sie sollen die Gesellschaft abbilden, die Interessen der Beitragszahlenden vertreten und \u00fcber die Inhalte wachen. Die Verwaltungsr\u00e4te k\u00fcmmern sich vorrangig ums liebe Geld und kontrollieren Sender-Finanzen wie -Gesch\u00e4ftsf\u00fchrung. Doch wer genauer hinschaut, sieht gro\u00dfe Unterschiede bei den zw\u00f6lf \u00f6ffentlich-rechtlichen Anstalten (9 x ARD plus ZDF, Deutschlandradio und Deutsche Welle).<\/p>\n<p>Das f\u00e4ngt schon bei der Zahl der Gremienmitglieder an. Bei Radio Bremen, der kleinsten ARD-Anstalt, sind es aktuell 32, bei der zweitkleinsten, dem Saarl\u00e4ndischen Rundfunk, 38. Die meisten hat der wesentlich gr\u00f6\u00dfere S\u00fcdwestrundfunk (SWR) mit 74.<\/p>\n<p>https:\/\/www.mdr.de\/medien360g\/medienpolitik\/gremien-rechte-moeglichkeiten-100.html<\/p>\n<p><strong>Zwischen Publikumsrat und direktem Staatszugriff<\/strong><\/p>\n<p>\u00d6ffentlich-rechtliche Medien gibt es in vielen L\u00e4ndern Europas. Doch nirgendwo sind Kontrolle und Aufsicht so umfassend geregelt wie in Deutschland. Daf\u00fcr funktioniert die R\u00fcckkopplung in die Gesellschaft in einigen L\u00e4ndern deutlich besser als hierzulande &#8211; auch weil die Nutzerinnen und Nutzer mehr zu sagen haben. Zum Beispiel in der Schweiz, wo die \u00d6ffentlich-Rechtlichen als Vereine organisiert sind.<\/p>\n<p>https:\/\/www.mdr.de\/medien360g\/medienpolitik\/gremien-international-100.html<\/p>\n<p><strong>Was macht der Rundfunkrat und wie wird man Mitglied?<\/strong><\/p>\n<p>Welche Aufgaben hat eigentlich der Rundfunkrat? Unsere Animation erkl\u00e4rt das wichtigste Kontrollgremium der \u00f6ffentlich-rechtlichen Rundfunkanstalten.<\/p>\n<p><iframe loading=\"lazy\"  id=\"_ytid_56604\"  width=\"605\" height=\"340\"  data-origwidth=\"605\" data-origheight=\"340\" src=\"https:\/\/www.youtube.com\/embed\/0HbFnOvh2EQ?enablejsapi=1&#038;autoplay=0&#038;cc_load_policy=0&#038;cc_lang_pref=&#038;iv_load_policy=1&#038;loop=0&#038;rel=1&#038;fs=1&#038;playsinline=0&#038;autohide=2&#038;theme=dark&#038;color=red&#038;controls=1&#038;disablekb=0&#038;\" class=\"__youtube_prefs__  epyt-is-override  no-lazyload\" title=\"YouTube player\"  allow=\"fullscreen; accelerometer; autoplay; clipboard-write; encrypted-media; gyroscope; picture-in-picture; web-share\" referrerpolicy=\"strict-origin-when-cross-origin\" allowfullscreen data-no-lazy=\"1\" data-skipgform_ajax_framebjll=\"\"><\/iframe><\/p>\n<p><strong>M\u00fcssen Rundfunkr\u00e4te Vollprofis sein?<\/strong><\/p>\n<p>Die Aufsicht des \u00f6ffentlich-rechtlichen Rundfunks muss besser organisiert werden &#8211; dar\u00fcber besteht weitgehend Einigkeit. Dar\u00fcber, wie weit die Ver\u00e4nderungen gehen sollen, allerdings nicht. Eine Forderung lautet: Hauptberufliche Kontrolleure sollen die Ehrenamtler ersetzen. [&#8230;]<\/p>\n<p>Bereits vor neun Jahren schrieb Fritz Wolf in einer Studie f\u00fcr die gewerkschaftsnahe Otto-Brenner-Stiftung zum &#8222;Selbstverst\u00e4ndnis der Rundfunkgremien&#8220;, deren Arbeit werde &#8222;immer auch etwas Laienhaftes und Generalistisches haben \u2013 und das ist so gewu\u0308nscht. Es ist der Preis fu\u0308r die als Querschnitt gedachte gesellschaftliche Repra\u0308sentanz im Sta\u0308ndemodell.&#8220; Um &#8222;die gro\u0308\u00dferen Aufgaben&#8220; bew\u00e4ltigen zu k\u00f6nnen, &#8222;die auf die Gremien zweifellos zukommen werden&#8220;, seien &#8222;Weiterbildung und das Einholen auswa\u0308rtiger Expertise zwei Schlu\u0308sselpunkte.&#8220;<\/p>\n<p>Die Studie des mittlerweile verstorbenen Wolf ist nur ein Beispiel daf\u00fcr, dass manche Reformideen f\u00fcr die Kontrollgremien des \u00f6ffentlich-rechtlichen Rundfunks schon seit vielen Jahren zirkulieren. Bislang sind sie stets verpufft. Damit, dass das in der aktuellen Krisenlage ebenfalls passiert, ist aber eher nicht zu rechnen.<\/p>\n<p>https:\/\/www.mdr.de\/medien360g\/medienpolitik\/gremien-rundfunkrat-experten-ehrenamt-100.html<\/p>\n<p><strong>Gremienreform Falsch aufgestellt oder kommunikativ \u00fcberfordert?<\/strong><\/p>\n<p>Eigentlich ist die Idee gro\u00dfartig: Die \u00f6ffentlich-rechtlichen Medien sind f\u00fcr die Gesellschaft da, um ihren Beitrag zur Information und Meinungsbildung zu leisten. Im Gegenzug werden sie von eben dieser Gesellschaft \u00fcber deren Vertreterinnen und Vertreter kontrolliert. Auf dem Papier funktioniert das auch. In der Realit\u00e4t gibt es aber Probleme. Und wie so oft hapert es vor allem bei der Kommunikation.<\/p>\n<p>https:\/\/www.mdr.de\/medien360g\/medienpolitik\/gremienreform-diskussion-100.html<\/p>\n<div class=\"twoclick_social_bookmarks_post_7638 social_share_privacy clearfix 1.6.4 locale-de_DE sprite-de_DE\"><\/div><div class=\"twoclick-js\"><script type=\"text\/javascript\">\/* <![CDATA[ *\/\njQuery(document).ready(function($){if($('.twoclick_social_bookmarks_post_7638')){$('.twoclick_social_bookmarks_post_7638').socialSharePrivacy({\"services\":{\"facebook\":{\"status\":\"on\",\"txt_info\":\"2 Klicks f\\u00fcr mehr Datenschutz: Erst wenn Sie hier klicken, wird der Button aktiv und Sie k\\u00f6nnen Ihre Empfehlung an Facebook senden. Schon beim Aktivieren werden Daten an Dritte \\u00fcbertragen - siehe <em>i<\\\/em>.\",\"perma_option\":\"off\",\"action\":\"like\",\"language\":\"de_DE\"},\"twitter\":{\"reply_to\":\"\",\"tweet_text\":\"%20Gremien%3A%20Zwischen%20Anstalt%20und%20gesellschaftlichem%20Anspruch%20%C2%BB%20St%C3%A4ndige%20...\",\"status\":\"on\",\"txt_info\":\"2 Klicks f\\u00fcr mehr Datenschutz: Erst wenn Sie hier klicken, wird der Button aktiv und Sie k\\u00f6nnen Ihre Empfehlung an Twitter senden. Schon beim Aktivieren werden Daten an Dritte \\u00fcbertragen - siehe <em>i<\\\/em>.\",\"perma_option\":\"off\",\"language\":\"de\",\"referrer_track\":\"\"}},\"txt_help\":\"Wenn Sie diese Felder durch einen Klick aktivieren, werden Informationen an Facebook, Twitter, Flattr, Xing, t3n, LinkedIn, Pinterest oder Google eventuell ins Ausland \\u00fcbertragen und unter Umst\\u00e4nden auch dort gespeichert. N\\u00e4heres erfahren Sie durch einen Klick auf das <em>i<\\\/em>.\",\"settings_perma\":\"Dauerhaft aktivieren und Daten\\u00fcber-tragung zustimmen:\",\"info_link\":\"http:\\\/\\\/www.heise.de\\\/ct\\\/artikel\\\/2-Klicks-fuer-mehr-Datenschutz-1333879.html\",\"uri\":\"https:\\\/\\\/publikumskonferenz.de\\\/blog\\\/news\\\/gremien-zwischen-anstalt-und-gesellschaftlichem-anspruch\\\/\",\"post_id\":7638,\"post_title_referrer_track\":\"Gremien%3A+Zwischen+Anstalt+und+gesellschaftlichem+Anspruch\",\"display_infobox\":\"on\"});}});\n\/* ]]> *\/<\/script><\/div>","protected":false},"excerpt":{"rendered":"<p>&#8222;Gibt es in unserer Gesellschaft noch ein &#8218;Wir&#8216; \u2013 oder driften wir immer weiter auseinander?&#8220; lautet die Fragestellung der diesj\u00e4hrigen ARD-Themenwoche. Die \u00f6ffentlich-rechtlichen Medienangebote wollen nach eigenem Selbstverst\u00e4ndnis genau dieser &#8222;Kitt der Gesellschaft&#8220; (MDR-Intendantin Karola Wille) sein. Denn sie sind &hellip;<\/p>\n<p class=\"read-more\"> <a class=\"more-link\" href=\"https:\/\/publikumskonferenz.de\/blog\/news\/gremien-zwischen-anstalt-und-gesellschaftlichem-anspruch\/\"> <span class=\"screen-reader-text\">Gremien: Zwischen Anstalt und gesellschaftlichem Anspruch<\/span> Weiterlesen &raquo;<\/a><\/p>\n","protected":false},"author":2,"featured_media":0,"comment_status":"closed","ping_status":"closed","template":"","categories":[],"newstags":[],"class_list":["post-7638","news","type-news","status-publish","hentry"],"_links":{"self":[{"href":"https:\/\/publikumskonferenz.de\/blog\/wp-json\/wp\/v2\/news\/7638","targetHints":{"allow":["GET"]}}],"collection":[{"href":"https:\/\/publikumskonferenz.de\/blog\/wp-json\/wp\/v2\/news"}],"about":[{"href":"https:\/\/publikumskonferenz.de\/blog\/wp-json\/wp\/v2\/types\/news"}],"author":[{"embeddable":true,"href":"https:\/\/publikumskonferenz.de\/blog\/wp-json\/wp\/v2\/users\/2"}],"replies":[{"embeddable":true,"href":"https:\/\/publikumskonferenz.de\/blog\/wp-json\/wp\/v2\/comments?post=7638"}],"wp:attachment":[{"href":"https:\/\/publikumskonferenz.de\/blog\/wp-json\/wp\/v2\/media?parent=7638"}],"wp:term":[{"taxonomy":"category","embeddable":true,"href":"https:\/\/publikumskonferenz.de\/blog\/wp-json\/wp\/v2\/categories?post=7638"},{"taxonomy":"newstags","embeddable":true,"href":"https:\/\/publikumskonferenz.de\/blog\/wp-json\/wp\/v2\/newstags?post=7638"}],"curies":[{"name":"wp","href":"https:\/\/api.w.org\/{rel}","templated":true}]}}