{"id":7651,"date":"2022-12-21T09:35:29","date_gmt":"2022-12-21T08:35:29","guid":{"rendered":"https:\/\/publikumskonferenz.de\/blog\/?post_type=news&#038;p=7651"},"modified":"2022-12-21T09:37:07","modified_gmt":"2022-12-21T08:37:07","slug":"oerr-freie-mitarbeiter-und-personalraete-fordern-mehr-einfluss","status":"publish","type":"news","link":"https:\/\/publikumskonferenz.de\/blog\/news\/oerr-freie-mitarbeiter-und-personalraete-fordern-mehr-einfluss\/","title":{"rendered":"\u00d6RR: Freie Mitarbeiter und Personalr\u00e4te fordern mehr Einfluss"},"content":{"rendered":"<p><strong>\u00d6ffentlich-Rechtlicher Rundfunk: Freie Mitarbeiter und Personalr\u00e4te fordern mehr Einfluss<\/strong><\/p>\n<p>Die Personalratsvorsitzenden der \u00f6ffentlich-rechtlichen Rundfunkanstalten ARD, ZDF und Deutschlandradio und der ARD-Freienrat fordern mehr Mitbestimmung. Das geht aus einer gemeinsamen Erkl\u00e4rung der Interessensvertretungen hervor.<\/p>\n<p>Titel der Erkl\u00e4rung: &#8222;Mit mehr Mitbestimmung und modernerem Personalmanagement aus der Krise&#8220;<\/p>\n<p>In der Erkl\u00e4rung ist u.a. gefordert, die Besch\u00e4ftigungen der st\u00e4ndigen freien Mitarbeitenden in Anstellungsverh\u00e4ltnisse umzuwandeln oder &#8222;auf eine vergleichbar verl\u00e4ssliche Grundlage&#8220; zu stellen.<\/p>\n<p>https:\/\/www.flurfunk-dresden.de\/2022\/12\/20\/oeffentlich-rechtlicher-rundfunk-freie-mitarbeiter-und-personalraete-fordern-mehr-einfluss\/<\/p>\n<p>&#8222;Die Besch\u00e4ftigung der st\u00e4ndigen freien Mitarbeitenden, die einen wesentlichen Teil der Inhalte liefern, muss dabei in Anstellungsverh\u00e4ltnisse umgewandelt oder auf eine vergleichbar verl\u00e4ssliche Grundlage gestellt werden\u201c, erkl\u00e4rten sie in Berlin. Dazu geh\u00f6rt auch, dass freie Mitarbeitende, die vielfach Schulter an Schulter die gleiche Arbeit mit Angestellten verrichten, ebenso die allgemein \u00fcblichen demokratischen Mitbestimmungsrechte in den Personalr\u00e4ten aller Rundfunkanstalten erhalten. Als Korrektiv und Kontrollinstanz sollte die Sicht der Mitarbeitenden st\u00e4rker Eingang in die Rundfunk- und Verwaltungsr\u00e4te finden, erkl\u00e4rten die Personalratsvorsitzenden und der ARD-Freienrat, der sich f\u00fcr die Interessen der rund 18.000 Freien in ARD, ZDF und Deutschlandradio einsetzt.<\/p>\n<blockquote class=\"wp-embedded-content\" data-secret=\"eMpamVG8ut\"><p><a href=\"https:\/\/www.ard-freie.de\/mit-mehr-mitbestimmung-und-modernerem-personalmanagement-aus-der-krise\">Mit mehr Mitbestimmung und modernerem Personalmanagement aus der Krise<\/a><\/p><\/blockquote>\n<p><iframe loading=\"lazy\" class=\"wp-embedded-content\" sandbox=\"allow-scripts\" security=\"restricted\" style=\"position: absolute; clip: rect(1px, 1px, 1px, 1px);\" title=\"&#8222;Mit mehr Mitbestimmung und modernerem Personalmanagement aus der Krise&#8220; &#8212; ARD-Freie\" src=\"https:\/\/www.ard-freie.de\/mit-mehr-mitbestimmung-und-modernerem-personalmanagement-aus-der-krise\/embed#?secret=Q3KYdOtjOh#?secret=eMpamVG8ut\" data-secret=\"eMpamVG8ut\" width=\"600\" height=\"338\" frameborder=\"0\" marginwidth=\"0\" marginheight=\"0\" scrolling=\"no\"><\/iframe><\/p>\n<div class=\"twoclick_social_bookmarks_post_7651 social_share_privacy clearfix 1.6.4 locale-de_DE sprite-de_DE\"><\/div><div class=\"twoclick-js\"><script type=\"text\/javascript\">\/* <![CDATA[ *\/\njQuery(document).ready(function($){if($('.twoclick_social_bookmarks_post_7651')){$('.twoclick_social_bookmarks_post_7651').socialSharePrivacy({\"services\":{\"facebook\":{\"status\":\"on\",\"txt_info\":\"2 Klicks f\\u00fcr mehr Datenschutz: Erst wenn Sie hier klicken, wird der Button aktiv und Sie k\\u00f6nnen Ihre Empfehlung an Facebook senden. Schon beim Aktivieren werden Daten an Dritte \\u00fcbertragen - siehe <em>i<\\\/em>.\",\"perma_option\":\"off\",\"action\":\"like\",\"language\":\"de_DE\"},\"twitter\":{\"reply_to\":\"\",\"tweet_text\":\"%20%C3%96RR%3A%20Freie%20Mitarbeiter%20und%20Personalr%C3%A4te%20fordern%20mehr%20Einfluss%20%C2%BB%20...\",\"status\":\"on\",\"txt_info\":\"2 Klicks f\\u00fcr mehr Datenschutz: Erst wenn Sie hier klicken, wird der Button aktiv und Sie k\\u00f6nnen Ihre Empfehlung an Twitter senden. Schon beim Aktivieren werden Daten an Dritte \\u00fcbertragen - siehe <em>i<\\\/em>.\",\"perma_option\":\"off\",\"language\":\"de\",\"referrer_track\":\"\"}},\"txt_help\":\"Wenn Sie diese Felder durch einen Klick aktivieren, werden Informationen an Facebook, Twitter, Flattr, Xing, t3n, LinkedIn, Pinterest oder Google eventuell ins Ausland \\u00fcbertragen und unter Umst\\u00e4nden auch dort gespeichert. N\\u00e4heres erfahren Sie durch einen Klick auf das <em>i<\\\/em>.\",\"settings_perma\":\"Dauerhaft aktivieren und Daten\\u00fcber-tragung zustimmen:\",\"info_link\":\"http:\\\/\\\/www.heise.de\\\/ct\\\/artikel\\\/2-Klicks-fuer-mehr-Datenschutz-1333879.html\",\"uri\":\"https:\\\/\\\/publikumskonferenz.de\\\/blog\\\/news\\\/oerr-freie-mitarbeiter-und-personalraete-fordern-mehr-einfluss\\\/\",\"post_id\":7651,\"post_title_referrer_track\":\"%C3%96RR%3A+Freie+Mitarbeiter+und+Personalr%C3%A4te+fordern+mehr+Einfluss\",\"display_infobox\":\"on\"});}});\n\/* ]]> *\/<\/script><\/div>","protected":false},"excerpt":{"rendered":"<p>\u00d6ffentlich-Rechtlicher Rundfunk: Freie Mitarbeiter und Personalr\u00e4te fordern mehr Einfluss Die Personalratsvorsitzenden der \u00f6ffentlich-rechtlichen Rundfunkanstalten ARD, ZDF und Deutschlandradio und der ARD-Freienrat fordern mehr Mitbestimmung. Das geht aus einer gemeinsamen Erkl\u00e4rung der Interessensvertretungen hervor. Titel der Erkl\u00e4rung: &#8222;Mit mehr Mitbestimmung und &hellip;<\/p>\n<p class=\"read-more\"> <a class=\"more-link\" href=\"https:\/\/publikumskonferenz.de\/blog\/news\/oerr-freie-mitarbeiter-und-personalraete-fordern-mehr-einfluss\/\"> <span class=\"screen-reader-text\">\u00d6RR: Freie Mitarbeiter und Personalr\u00e4te fordern mehr Einfluss<\/span> Weiterlesen &raquo;<\/a><\/p>\n","protected":false},"author":2,"featured_media":0,"comment_status":"closed","ping_status":"closed","template":"","categories":[],"newstags":[],"class_list":["post-7651","news","type-news","status-publish","hentry"],"_links":{"self":[{"href":"https:\/\/publikumskonferenz.de\/blog\/wp-json\/wp\/v2\/news\/7651","targetHints":{"allow":["GET"]}}],"collection":[{"href":"https:\/\/publikumskonferenz.de\/blog\/wp-json\/wp\/v2\/news"}],"about":[{"href":"https:\/\/publikumskonferenz.de\/blog\/wp-json\/wp\/v2\/types\/news"}],"author":[{"embeddable":true,"href":"https:\/\/publikumskonferenz.de\/blog\/wp-json\/wp\/v2\/users\/2"}],"replies":[{"embeddable":true,"href":"https:\/\/publikumskonferenz.de\/blog\/wp-json\/wp\/v2\/comments?post=7651"}],"wp:attachment":[{"href":"https:\/\/publikumskonferenz.de\/blog\/wp-json\/wp\/v2\/media?parent=7651"}],"wp:term":[{"taxonomy":"category","embeddable":true,"href":"https:\/\/publikumskonferenz.de\/blog\/wp-json\/wp\/v2\/categories?post=7651"},{"taxonomy":"newstags","embeddable":true,"href":"https:\/\/publikumskonferenz.de\/blog\/wp-json\/wp\/v2\/newstags?post=7651"}],"curies":[{"name":"wp","href":"https:\/\/api.w.org\/{rel}","templated":true}]}}