{"id":7742,"date":"2023-01-16T17:24:16","date_gmt":"2023-01-16T16:24:16","guid":{"rendered":"https:\/\/publikumskonferenz.de\/blog\/?post_type=news&#038;p=7742"},"modified":"2023-01-16T17:24:16","modified_gmt":"2023-01-16T16:24:16","slug":"ralf-ludwig-soll-mdr-intendant-werden","status":"publish","type":"news","link":"https:\/\/publikumskonferenz.de\/blog\/news\/ralf-ludwig-soll-mdr-intendant-werden\/","title":{"rendered":"Ralf Ludwig soll MDR-Intendant werden"},"content":{"rendered":"<p><strong>Ralf Ludwig soll MDR-Intendant werden<\/strong><\/p>\n<p>Der Verwaltungsdirektor des MDR, Ralf Ludwig, soll Intendant des Senders werden. Der Verwaltungsrat schl\u00e4gt ihn als einzigen Kandidaten zur Wahl vor. [\u2026]<\/p>\n<p>Der 54-J\u00e4hrige ist seit 2015 Verwaltungsdirektor des MDR. F\u00fcr den \u00f6ffentlich-rechtlichen Sender ist der Diplom-Kaufmann schon seit 1999 in unterschiedlichen Funktionen t\u00e4tig.<\/p>\n<p>Die Intendantenwahl muss bis sp\u00e4testens Ende April erfolgen. Der MDR-Staatsvertrag regelt, dass der Rundfunkrat auf Vorschlag des Verwaltungsrats eine Intendantin oder einen Intendanten f\u00fcr die Amtsdauer von sechs Jahren w\u00e4hlt. [\u2026]<\/p>\n<p>In der Ausschreibung f\u00fcr den Intendantenposten hatte es gehei\u00dfen, man suche eine \u201ef\u00fchrungserfahrene, integre, empathische und mit der Region verbundene Pers\u00f6nlichkeit\u201c. Ludwig wurde 1968 in Borna bei Leipzig geboren.<\/p>\n<p>Die Vorsitzende des MDR-Verwaltungsrats, Birgit Diezel, teilte mit: \u201eNach einem intensiven Auswahlverfahren ist der MDR-Verwaltungsrat \u00fcberzeugt davon, mit Ralf Ludwig den richtigen Kandidaten f\u00fcr die k\u00fcnftige F\u00fchrung des Mitteldeutschen Rundfunks ab November 2023 gefunden zu haben.\u201c Er verf\u00fcge \u00fcber \u201eexzellente medienpolitische Kenntnisse und insbesondere durch seine T\u00e4tigkeit als MDR-Verwaltungsdirektor \u00fcber eine langj\u00e4hrige F\u00fchrungs- und Managementerfahrung mit hoher Budgetverantwortung im MDR\u201c. Diezel hob auch Ludwigs Erfahrung in Strukturen und Prozessen der ARD hervor.<\/p>\n<p>https:\/\/www.faz.net\/aktuell\/feuilleton\/medien\/mdr-verwaltungsdirektor-ralf-ludwig-soll-intendant-werden-18602407.html<\/p>\n<p><strong>PM: MDR-Verwaltungsrat schl\u00e4gt dem MDR-Rundfunkrat Ralf Ludwig zur Wahl als neuen Intendanten des MDR vor<\/strong><\/p>\n<p>https:\/\/www.mdr.de\/presse\/unternehmen\/presseinformation-142.html<\/p>\n<p>Erst vor wenigen Tagen war durchgesickert, dass auch KiKa-Chefin Astrid Plenk und Boris Lochthofen, Direktor des MDR-Landesfunkhauses Th\u00fcringen, in der engeren Wahl waren. Lochthofen wurde sogar eine Favoritenposition attestiert. Der Verwaltungsrat hat seine Aufgabe nun also erf\u00fcllt; er musste noch im Januar einen entsprechenden Vorschlag erarbeiten.<\/p>\n<p>https:\/\/www.dwdl.de\/nachrichten\/91345\/verwaltungsdirektor_soll_neuer_mdrintendant_werden\/<\/p>\n<p><strong>Bei Zustimmung des Rundfunkrats wird er sein Amt im November antreten.<\/strong><\/p>\n<p>https:\/\/www.blickpunktfilm.de\/tv\/ralf-ludwig-wird-wohl-neuer-mdr-intendant-e0acd49b0304e3dfc427fbd4ed1edd20<\/p>\n<p>Zuletzt hatte sich der Sender mit &#8222;MDR f\u00fcr alle&#8220; ein neues Leitbild gegeben. Damit will man st\u00e4rker als fr\u00fcher auch jene Bev\u00f6lkerungsgruppen erreichen, die die Angebote der Anstalt bis dato noch wenig nutzen. Gemeint seien beispielsweise sehr &#8222;familienorientierte Gruppen&#8220; oder Menschen, die haupts\u00e4chlich online oder On Demand schauen.<\/p>\n<p>https:\/\/www.dwdl.de\/nachrichten\/91345\/verwaltungsdirektor_soll_neuer_mdrintendant_werden\/<\/p>\n<div class=\"twoclick_social_bookmarks_post_7742 social_share_privacy clearfix 1.6.4 locale-de_DE sprite-de_DE\"><\/div><div class=\"twoclick-js\"><script type=\"text\/javascript\">\/* <![CDATA[ *\/\njQuery(document).ready(function($){if($('.twoclick_social_bookmarks_post_7742')){$('.twoclick_social_bookmarks_post_7742').socialSharePrivacy({\"services\":{\"facebook\":{\"status\":\"on\",\"txt_info\":\"2 Klicks f\\u00fcr mehr Datenschutz: Erst wenn Sie hier klicken, wird der Button aktiv und Sie k\\u00f6nnen Ihre Empfehlung an Facebook senden. Schon beim Aktivieren werden Daten an Dritte \\u00fcbertragen - siehe <em>i<\\\/em>.\",\"perma_option\":\"off\",\"action\":\"like\",\"language\":\"de_DE\"},\"twitter\":{\"reply_to\":\"\",\"tweet_text\":\"%20Ralf%20Ludwig%20soll%20MDR-Intendant%20werden%20%C2%BB%20St%C3%A4ndige%20Publikumskonferenz%20der%20...\",\"status\":\"on\",\"txt_info\":\"2 Klicks f\\u00fcr mehr Datenschutz: Erst wenn Sie hier klicken, wird der Button aktiv und Sie k\\u00f6nnen Ihre Empfehlung an Twitter senden. Schon beim Aktivieren werden Daten an Dritte \\u00fcbertragen - siehe <em>i<\\\/em>.\",\"perma_option\":\"off\",\"language\":\"de\",\"referrer_track\":\"\"}},\"txt_help\":\"Wenn Sie diese Felder durch einen Klick aktivieren, werden Informationen an Facebook, Twitter, Flattr, Xing, t3n, LinkedIn, Pinterest oder Google eventuell ins Ausland \\u00fcbertragen und unter Umst\\u00e4nden auch dort gespeichert. N\\u00e4heres erfahren Sie durch einen Klick auf das <em>i<\\\/em>.\",\"settings_perma\":\"Dauerhaft aktivieren und Daten\\u00fcber-tragung zustimmen:\",\"info_link\":\"http:\\\/\\\/www.heise.de\\\/ct\\\/artikel\\\/2-Klicks-fuer-mehr-Datenschutz-1333879.html\",\"uri\":\"https:\\\/\\\/publikumskonferenz.de\\\/blog\\\/news\\\/ralf-ludwig-soll-mdr-intendant-werden\\\/\",\"post_id\":7742,\"post_title_referrer_track\":\"Ralf+Ludwig+soll+MDR-Intendant+werden\",\"display_infobox\":\"on\"});}});\n\/* ]]> *\/<\/script><\/div>","protected":false},"excerpt":{"rendered":"<p>Ralf Ludwig soll MDR-Intendant werden Der Verwaltungsdirektor des MDR, Ralf Ludwig, soll Intendant des Senders werden. Der Verwaltungsrat schl\u00e4gt ihn als einzigen Kandidaten zur Wahl vor. [\u2026] Der 54-J\u00e4hrige ist seit 2015 Verwaltungsdirektor des MDR. F\u00fcr den \u00f6ffentlich-rechtlichen Sender ist &hellip;<\/p>\n<p class=\"read-more\"> <a class=\"more-link\" href=\"https:\/\/publikumskonferenz.de\/blog\/news\/ralf-ludwig-soll-mdr-intendant-werden\/\"> <span class=\"screen-reader-text\">Ralf Ludwig soll MDR-Intendant werden<\/span> Weiterlesen &raquo;<\/a><\/p>\n","protected":false},"author":2,"featured_media":0,"comment_status":"closed","ping_status":"closed","template":"","categories":[],"newstags":[],"class_list":["post-7742","news","type-news","status-publish","hentry"],"_links":{"self":[{"href":"https:\/\/publikumskonferenz.de\/blog\/wp-json\/wp\/v2\/news\/7742","targetHints":{"allow":["GET"]}}],"collection":[{"href":"https:\/\/publikumskonferenz.de\/blog\/wp-json\/wp\/v2\/news"}],"about":[{"href":"https:\/\/publikumskonferenz.de\/blog\/wp-json\/wp\/v2\/types\/news"}],"author":[{"embeddable":true,"href":"https:\/\/publikumskonferenz.de\/blog\/wp-json\/wp\/v2\/users\/2"}],"replies":[{"embeddable":true,"href":"https:\/\/publikumskonferenz.de\/blog\/wp-json\/wp\/v2\/comments?post=7742"}],"wp:attachment":[{"href":"https:\/\/publikumskonferenz.de\/blog\/wp-json\/wp\/v2\/media?parent=7742"}],"wp:term":[{"taxonomy":"category","embeddable":true,"href":"https:\/\/publikumskonferenz.de\/blog\/wp-json\/wp\/v2\/categories?post=7742"},{"taxonomy":"newstags","embeddable":true,"href":"https:\/\/publikumskonferenz.de\/blog\/wp-json\/wp\/v2\/newstags?post=7742"}],"curies":[{"name":"wp","href":"https:\/\/api.w.org\/{rel}","templated":true}]}}