{"id":7744,"date":"2023-01-18T11:29:48","date_gmt":"2023-01-18T10:29:48","guid":{"rendered":"https:\/\/publikumskonferenz.de\/blog\/?post_type=news&#038;p=7744"},"modified":"2023-01-18T11:31:16","modified_gmt":"2023-01-18T10:31:16","slug":"oerr-die-ausgaben-fuer-sportrechte-gesetzlich-deckeln","status":"publish","type":"news","link":"https:\/\/publikumskonferenz.de\/blog\/news\/oerr-die-ausgaben-fuer-sportrechte-gesetzlich-deckeln\/","title":{"rendered":"\u00d6RR &#8211; Die Ausgaben f\u00fcr Sportrechte gesetzlich deckeln?"},"content":{"rendered":"<p>\u201eDie Ausgaben f\u00fcr Sportrechte gesetzlich deckeln\u201c<\/p>\n<p>Medienstaatssekret\u00e4r Th\u00fcringens pl\u00e4diert f\u00fcr Auftragsreduzierung, um m\u00f6gliche Beitragserh\u00f6hung abzuwenden<\/p>\n<p>Malte Kr\u00fcckels, Medienstaatssekret\u00e4r in Th\u00fcringen, warnt vor einer m\u00f6glichen Erh\u00f6hung des Rundfunkbeitrages ab 2025: \u201eFalls die L\u00e4nder sich nicht auf eine sp\u00fcrbare Modifizierung des Auftrags \u2013 oder vielmehr der vielen Auftr\u00e4ge \u2013 der Rundfunkanstalten einigen k\u00f6nnen, wird die KEF weitere Erh\u00f6hungen des Rundfunkbeitrags empfehlen\u201c, sagt er. Die L\u00e4nder m\u00fcssten sich bei der Auftragsdefinition gut \u00fcberlegen, ob ein modifiziertes \u201eWeiter so\u201c noch trage oder ob Auftr\u00e4ge gestrichen, zusammengefasst oder Aufwendungen in bestimmten Bereichen gedeckelt werden sollten. Die L\u00e4nder m\u00fcssten \u201eeinfordern\u201c, dass der mit dem Dritten Medien\u00e4nderungsstaatsvertrag eingeschr\u00e4nkte Unterhaltungsauftrag von den Anstalten eingehalten werde, damit das Programm der \u00d6ffentlich-Rechtlichen nicht \u201eim Seichten\u201c ertrinke. Um kurzfristig etwas gegen drohende Beitragssteigerungen zu beschlie\u00dfen, sollten die Ausgaben f\u00fcr die Sportrechte gesetzlich um 50 Prozent dessen, was in dieser Beitragsperiode von ARD und ZDF aufgewendet worden sei, gedeckelt werden.<\/p>\n<p>https:\/\/www.medienpolitik.net\/2023\/01\/die-ausgaben-fuer-die-sportrechte-gesetzlich-deckeln\/<\/p>\n<p><strong>Hinweis:<\/strong> Die ARD verf\u00fcgt zwischen 2021 und 2024 \u00fcber einen Sportrechte-Gesamtetat von durchschnittlich ca. 237,5 Millionen Euro inklusive Mehrwertsteuer pro Jahr. Darin enthalten sind s\u00e4mtliche Sportrechte f\u00fcr alle von der ARD veranstalteten Programme und Sendeformate.<\/p>\n<p>https:\/\/www.ard.de\/die-ard\/was-wir-leisten\/Programm-Sport-in-der-ARD-100\/<\/p>\n<p>ZDF: Der durchschnittliche j\u00e4hrliche Aufwand f\u00fcr die Sportberichterstattung lag im selben Zeitraum bei rund 233 Millionen Euro. [&#8230;]<\/p>\n<p>F\u00fcr die erforderlichen Nutzungsrechte wurden im Durchschnitt der Jahre 2011 bis 2014 j\u00e4hrlich rund 182 Millionen Euro aufgewendet, die damit den gr\u00f6\u00dften Kostenblock im Gesamtaufwand f\u00fcr die Sportberichterstattung ausmachen.<\/p>\n<p>https:\/\/www.zdf.de\/zdfunternehmen\/zdf-programmprofile-und-kosten-genre-sportsendungen-100.html<\/p>\n<p>Die Rechtekosten m\u00fcssten somit insgesamt bei im Durchschnitt 420 Mio. Euro im Jahr liegen. Mit einer Halbierung dieser Rechtekosten k\u00f6nnte der Rundfunkbeitrag um ca. 50 Cent sinken.<\/p>\n<div class=\"twoclick_social_bookmarks_post_7744 social_share_privacy clearfix 1.6.4 locale-de_DE sprite-de_DE\"><\/div><div class=\"twoclick-js\"><script type=\"text\/javascript\">\/* <![CDATA[ *\/\njQuery(document).ready(function($){if($('.twoclick_social_bookmarks_post_7744')){$('.twoclick_social_bookmarks_post_7744').socialSharePrivacy({\"services\":{\"facebook\":{\"status\":\"on\",\"txt_info\":\"2 Klicks f\\u00fcr mehr Datenschutz: Erst wenn Sie hier klicken, wird der Button aktiv und Sie k\\u00f6nnen Ihre Empfehlung an Facebook senden. Schon beim Aktivieren werden Daten an Dritte \\u00fcbertragen - siehe <em>i<\\\/em>.\",\"perma_option\":\"off\",\"action\":\"like\",\"language\":\"de_DE\"},\"twitter\":{\"reply_to\":\"\",\"tweet_text\":\"%20%C3%96RR%20%E2%80%93%20Die%20Ausgaben%20f%C3%BCr%20Sportrechte%20gesetzlich%20deckeln%3F%20%C2%BB%20...\",\"status\":\"on\",\"txt_info\":\"2 Klicks f\\u00fcr mehr Datenschutz: Erst wenn Sie hier klicken, wird der Button aktiv und Sie k\\u00f6nnen Ihre Empfehlung an Twitter senden. Schon beim Aktivieren werden Daten an Dritte \\u00fcbertragen - siehe <em>i<\\\/em>.\",\"perma_option\":\"off\",\"language\":\"de\",\"referrer_track\":\"\"}},\"txt_help\":\"Wenn Sie diese Felder durch einen Klick aktivieren, werden Informationen an Facebook, Twitter, Flattr, Xing, t3n, LinkedIn, Pinterest oder Google eventuell ins Ausland \\u00fcbertragen und unter Umst\\u00e4nden auch dort gespeichert. N\\u00e4heres erfahren Sie durch einen Klick auf das <em>i<\\\/em>.\",\"settings_perma\":\"Dauerhaft aktivieren und Daten\\u00fcber-tragung zustimmen:\",\"info_link\":\"http:\\\/\\\/www.heise.de\\\/ct\\\/artikel\\\/2-Klicks-fuer-mehr-Datenschutz-1333879.html\",\"uri\":\"https:\\\/\\\/publikumskonferenz.de\\\/blog\\\/news\\\/oerr-die-ausgaben-fuer-sportrechte-gesetzlich-deckeln\\\/\",\"post_id\":7744,\"post_title_referrer_track\":\"%C3%96RR+%26%238211%3B+Die+Ausgaben+f%C3%BCr+Sportrechte+gesetzlich+deckeln%3F\",\"display_infobox\":\"on\"});}});\n\/* ]]> *\/<\/script><\/div>","protected":false},"excerpt":{"rendered":"<p>\u201eDie Ausgaben f\u00fcr Sportrechte gesetzlich deckeln\u201c Medienstaatssekret\u00e4r Th\u00fcringens pl\u00e4diert f\u00fcr Auftragsreduzierung, um m\u00f6gliche Beitragserh\u00f6hung abzuwenden Malte Kr\u00fcckels, Medienstaatssekret\u00e4r in Th\u00fcringen, warnt vor einer m\u00f6glichen Erh\u00f6hung des Rundfunkbeitrages ab 2025: \u201eFalls die L\u00e4nder sich nicht auf eine sp\u00fcrbare Modifizierung des Auftrags &hellip;<\/p>\n<p class=\"read-more\"> <a class=\"more-link\" href=\"https:\/\/publikumskonferenz.de\/blog\/news\/oerr-die-ausgaben-fuer-sportrechte-gesetzlich-deckeln\/\"> <span class=\"screen-reader-text\">\u00d6RR &#8211; Die Ausgaben f\u00fcr Sportrechte gesetzlich deckeln?<\/span> Weiterlesen &raquo;<\/a><\/p>\n","protected":false},"author":2,"featured_media":0,"comment_status":"closed","ping_status":"closed","template":"","categories":[],"newstags":[],"class_list":["post-7744","news","type-news","status-publish","hentry"],"_links":{"self":[{"href":"https:\/\/publikumskonferenz.de\/blog\/wp-json\/wp\/v2\/news\/7744","targetHints":{"allow":["GET"]}}],"collection":[{"href":"https:\/\/publikumskonferenz.de\/blog\/wp-json\/wp\/v2\/news"}],"about":[{"href":"https:\/\/publikumskonferenz.de\/blog\/wp-json\/wp\/v2\/types\/news"}],"author":[{"embeddable":true,"href":"https:\/\/publikumskonferenz.de\/blog\/wp-json\/wp\/v2\/users\/2"}],"replies":[{"embeddable":true,"href":"https:\/\/publikumskonferenz.de\/blog\/wp-json\/wp\/v2\/comments?post=7744"}],"wp:attachment":[{"href":"https:\/\/publikumskonferenz.de\/blog\/wp-json\/wp\/v2\/media?parent=7744"}],"wp:term":[{"taxonomy":"category","embeddable":true,"href":"https:\/\/publikumskonferenz.de\/blog\/wp-json\/wp\/v2\/categories?post=7744"},{"taxonomy":"newstags","embeddable":true,"href":"https:\/\/publikumskonferenz.de\/blog\/wp-json\/wp\/v2\/newstags?post=7744"}],"curies":[{"name":"wp","href":"https:\/\/api.w.org\/{rel}","templated":true}]}}