{"id":7754,"date":"2023-01-23T07:18:42","date_gmt":"2023-01-23T06:18:42","guid":{"rendered":"https:\/\/publikumskonferenz.de\/blog\/?post_type=news&#038;p=7754"},"modified":"2023-01-23T07:18:42","modified_gmt":"2023-01-23T06:18:42","slug":"sondersitzung-des-rbb-rundfunkrates-geplatzt-doof","status":"publish","type":"news","link":"https:\/\/publikumskonferenz.de\/blog\/news\/sondersitzung-des-rbb-rundfunkrates-geplatzt-doof\/","title":{"rendered":"Sondersitzung des RBB-Rundfunkrates geplatzt: Doof"},"content":{"rendered":"<p><strong>Sondersitzung des RBB-Rundfunkrates geplatzt: Doof<\/strong><\/p>\n<p>Zur Beschlussf\u00e4higkeit des Aufsichtsgremiums waren zu wenige Mitglieder \u201ephysisch anwesend\u201c.<\/p>\n<p>Auf der Tagesordnung stand unter anderem der Bericht von Intendantin Katrin Vernau zu bisherigen Kosten f\u00fcr Rechtsanw\u00e4lte in H\u00f6he von rund 1,4 Millionen Euro im Zuge der Aufkl\u00e4rung des Skandals um die entlassene Ex-Intendantin Patricia Schlesinger. [&#8230;]<\/p>\n<p>Der Rat war nicht beschlussf\u00e4hig, es waren nur 13 Mitglieder im Haus des Rundfunks erschienen. Mindestens 15 der insgesamt 29 R\u00e4te m\u00fcssen laut Rundfunkstaatsvertrag \u201ephysisch anwesend\u201c sein. Weitere zehn waren per Video zugeschaltet. Nach wenigen Minuten schickte der Ratsvorsitzende Ralf Roggenbuck alle nach Hause. [&#8230;]<\/p>\n<p>Der Vorsitzende Roggenbuck nannte den 27. Januar als weiteren Termin f\u00fcr die Sondersitzung (passt irgendwie zur Wiederholungswahl zum Abgeordnetenhaus). Und er baute vor: Die Beschlussf\u00e4higkeit des Gremiums soll dann unabh\u00e4ngig von der Anzahl der anwesenden Mitglieder gegeben sein.<\/p>\n<p>https:\/\/www.tagesspiegel.de\/gesellschaft\/sondersitzung-des-rbb-rundfunkrates-geplatzt-doof-9217209.html<\/p>\n<p>Um beschlussf\u00e4hig zu sein, h\u00e4tten mindestens 15 der aktuell 29 Mitglieder vor Ort sein m\u00fcssen. Die Sitzung soll nun am kommenden Freitag nachgeholt werden.<\/p>\n<p>https:\/\/www.rbb24.de\/politik\/beitrag\/2023\/01\/sondersitzung-rundfunkrat-rbb-aufsichtsgremium-ausgefallen.html<\/p>\n<p>Nachdem insgesamt acht Mitglieder des insgesamt 29-k\u00f6pfigen RBB-Rundfunkrats in dieser Woche eine Sondersitzung beantragt haben, um sich \u00fcber die Anwaltskosten aufkl\u00e4ren zu lassen, die bislang bei der Aufarbeitung der Aff\u00e4re rund um die Ex-Intendantin Patricia Schlesinger angefallen sind, wurde eine au\u00dferordentliche Sitzung f\u00fcr diesen Freitag anberaumt. Doch nach wenigen Minuten war sie auch schon wieder beendet.<\/p>\n<p>Denn allzu hoch waren Informations- und Diskussionsbed\u00fcrfnis augenscheinlich nicht bei allen Mitgliedern des Aufsichtsgremiums ausgepr\u00e4gt &#8211; jedenfalls waren so wenige anwesend, dass die Sitzung abgebrochen werden musste, weil keine Beschlussf\u00e4higkeit vorlag, wie der RBB auf Anfrage best\u00e4tigte.<\/p>\n<p>https:\/\/www.dwdl.de\/nachrichten\/91433\/zu_wenig_anwesende_rbbrundfunkrat_vertagt_sondersitzung\/<\/p>\n<p>Geplant war demnach, dass das Kontrollgremium sich mit den Anwaltskosten des Senders rund um die Aufkl\u00e4rung des Filz-Skandals im Sender befassen wollte. Intendantin Katrin Vernau sollte Bericht erstatten. Hintergrund war ein RBB-Bericht von Wochenbeginn gewesen, der auch die Frage aufwarf, wie effizient Kosten f\u00fcr Anw\u00e4lte eingesetzt werden und wie genau deren Auftrag lautet.<\/p>\n<p>https:\/\/www.spiegel.de\/wirtschaft\/unternehmen\/rbb-rundfunkrat-verschiebt-sondersitzung-um-eine-woche-zu-wenige-mitglieder-da-a-407e3ca2-ac1b-4cec-9aea-25b6153226f3<\/p>\n<p><strong>Hinweis: 11 Mitglieder hatten sich online angemeldet. Damit gab es eine Anwesenheit von 24 Mitgliedern von insgesamt 29. Hier zeigt sich, dass ein \u201ephysische\u201c Anwesenheitsquote \u00b4bei Sondersitzungen einen Sinn ergibt, wenn man diesen nach sieben Tagen wiederholen kann \u2013 ohne dass eine Pr\u00e4senzquote eingehalten werden muss. <\/strong><\/p>\n<div class=\"twoclick_social_bookmarks_post_7754 social_share_privacy clearfix 1.6.4 locale-de_DE sprite-de_DE\"><\/div><div class=\"twoclick-js\"><script type=\"text\/javascript\">\/* <![CDATA[ *\/\njQuery(document).ready(function($){if($('.twoclick_social_bookmarks_post_7754')){$('.twoclick_social_bookmarks_post_7754').socialSharePrivacy({\"services\":{\"facebook\":{\"status\":\"on\",\"txt_info\":\"2 Klicks f\\u00fcr mehr Datenschutz: Erst wenn Sie hier klicken, wird der Button aktiv und Sie k\\u00f6nnen Ihre Empfehlung an Facebook senden. Schon beim Aktivieren werden Daten an Dritte \\u00fcbertragen - siehe <em>i<\\\/em>.\",\"perma_option\":\"off\",\"action\":\"like\",\"language\":\"de_DE\"},\"twitter\":{\"reply_to\":\"\",\"tweet_text\":\"%20Sondersitzung%20des%20RBB-Rundfunkrates%20geplatzt%3A%20Doof%20%C2%BB%20St%C3%A4ndige%20Publikumskonferenz%20...\",\"status\":\"on\",\"txt_info\":\"2 Klicks f\\u00fcr mehr Datenschutz: Erst wenn Sie hier klicken, wird der Button aktiv und Sie k\\u00f6nnen Ihre Empfehlung an Twitter senden. Schon beim Aktivieren werden Daten an Dritte \\u00fcbertragen - siehe <em>i<\\\/em>.\",\"perma_option\":\"off\",\"language\":\"de\",\"referrer_track\":\"\"}},\"txt_help\":\"Wenn Sie diese Felder durch einen Klick aktivieren, werden Informationen an Facebook, Twitter, Flattr, Xing, t3n, LinkedIn, Pinterest oder Google eventuell ins Ausland \\u00fcbertragen und unter Umst\\u00e4nden auch dort gespeichert. N\\u00e4heres erfahren Sie durch einen Klick auf das <em>i<\\\/em>.\",\"settings_perma\":\"Dauerhaft aktivieren und Daten\\u00fcber-tragung zustimmen:\",\"info_link\":\"http:\\\/\\\/www.heise.de\\\/ct\\\/artikel\\\/2-Klicks-fuer-mehr-Datenschutz-1333879.html\",\"uri\":\"https:\\\/\\\/publikumskonferenz.de\\\/blog\\\/news\\\/sondersitzung-des-rbb-rundfunkrates-geplatzt-doof\\\/\",\"post_id\":7754,\"post_title_referrer_track\":\"Sondersitzung+des+RBB-Rundfunkrates+geplatzt%3A+Doof\",\"display_infobox\":\"on\"});}});\n\/* ]]> *\/<\/script><\/div>","protected":false},"excerpt":{"rendered":"<p>Sondersitzung des RBB-Rundfunkrates geplatzt: Doof Zur Beschlussf\u00e4higkeit des Aufsichtsgremiums waren zu wenige Mitglieder \u201ephysisch anwesend\u201c. Auf der Tagesordnung stand unter anderem der Bericht von Intendantin Katrin Vernau zu bisherigen Kosten f\u00fcr Rechtsanw\u00e4lte in H\u00f6he von rund 1,4 Millionen Euro im &hellip;<\/p>\n<p class=\"read-more\"> <a class=\"more-link\" href=\"https:\/\/publikumskonferenz.de\/blog\/news\/sondersitzung-des-rbb-rundfunkrates-geplatzt-doof\/\"> <span class=\"screen-reader-text\">Sondersitzung des RBB-Rundfunkrates geplatzt: Doof<\/span> Weiterlesen &raquo;<\/a><\/p>\n","protected":false},"author":2,"featured_media":0,"comment_status":"closed","ping_status":"closed","template":"","categories":[],"newstags":[],"class_list":["post-7754","news","type-news","status-publish","hentry"],"_links":{"self":[{"href":"https:\/\/publikumskonferenz.de\/blog\/wp-json\/wp\/v2\/news\/7754","targetHints":{"allow":["GET"]}}],"collection":[{"href":"https:\/\/publikumskonferenz.de\/blog\/wp-json\/wp\/v2\/news"}],"about":[{"href":"https:\/\/publikumskonferenz.de\/blog\/wp-json\/wp\/v2\/types\/news"}],"author":[{"embeddable":true,"href":"https:\/\/publikumskonferenz.de\/blog\/wp-json\/wp\/v2\/users\/2"}],"replies":[{"embeddable":true,"href":"https:\/\/publikumskonferenz.de\/blog\/wp-json\/wp\/v2\/comments?post=7754"}],"wp:attachment":[{"href":"https:\/\/publikumskonferenz.de\/blog\/wp-json\/wp\/v2\/media?parent=7754"}],"wp:term":[{"taxonomy":"category","embeddable":true,"href":"https:\/\/publikumskonferenz.de\/blog\/wp-json\/wp\/v2\/categories?post=7754"},{"taxonomy":"newstags","embeddable":true,"href":"https:\/\/publikumskonferenz.de\/blog\/wp-json\/wp\/v2\/newstags?post=7754"}],"curies":[{"name":"wp","href":"https:\/\/api.w.org\/{rel}","templated":true}]}}