{"id":7763,"date":"2023-01-25T06:57:35","date_gmt":"2023-01-25T05:57:35","guid":{"rendered":"https:\/\/publikumskonferenz.de\/blog\/?post_type=news&#038;p=7763"},"modified":"2023-01-25T06:57:35","modified_gmt":"2023-01-25T05:57:35","slug":"erzaehlen-sie-mehr-zu-konstruktiver-kriegsberichterstattung","status":"publish","type":"news","link":"https:\/\/publikumskonferenz.de\/blog\/news\/erzaehlen-sie-mehr-zu-konstruktiver-kriegsberichterstattung\/","title":{"rendered":"\u201eErz\u00e4hlen Sie mehr!\u201c zu Konstruktiver Kriegsberichterstattung"},"content":{"rendered":"<p><strong>\u201eErz\u00e4hlen Sie mehr!\u201c zu Konstruktiver Kriegsberichterstattung<\/strong><\/p>\n<p>Auf Basis einer im Dezember 2022 publizierten Studie des Bonn Institute f\u00fcr Journalismus und konstruktiven Dialog werden Potenzial und Grenzen konstruktiver Berichterstattung in Kriegszeiten diskutiert. Wie erleben Mediennutzende die aktuelle Berichterstattung und welche Bed\u00fcrfnisse haben sie? Welche Erfahrungen schildern erfahrene Kriegsreporter:innen dazu, wie eine realit\u00e4tsgerechte, aber weniger Angst und Ohnmacht sch\u00fcrende Berichterstattung aussehen kann? Welche Anforderungen stellt dieses andere Arbeiten an die Rahmenbedingungen im Journalismus? Konkrete Beispiele und Handlungsempfehlungen verdeutlichen, dass konstruktive Berichterstattung weit mehr ist als L\u00f6sungsjournalismus oder gar \u201eGood News\u201c und zeigen Wege auf, Menschen auch in psychisch belastenden Lagen gut zu informieren, statt Nachrichtenvermeidung zu f\u00f6rdern.<\/p>\n<p>Es referiert die Psychologin Prof. Dr. Katja Ehrenberg, die das Bonn Institute rund um psychologische Themen sowie mit ihrer Methodenkompetenz aus Wissenschaft und systemischer Organisationsberatung unterst\u00fctzt. Sie ist Dozentin an der Psychology School der Hochschulen Fresenius, Standort K\u00f6ln, und hat in \u00fcber 20 Jahren Forschungst\u00e4tigkeit zahlreiche Publikationen und Kongressbeitr\u00e4ge rund um Fragestellungen der angewandten Sozial-, Gesundheits- und Kommunikationspsychologie vorgelegt.<\/p>\n<p>https:\/\/www.sozphil.uni-leipzig.de\/institut-fuer-kommunikations-und-medienwissenschaft\/newsdetail\/artikel\/erzaehlen-sie-mehr-zu-konstruktiver-kriegsberichterstattung-am-25-januar-2022-12-07<\/p>\n<p>In Europa herrscht Krieg. Trotzdem vermeiden immer mehr Menschen den Nachrichtenkonsum. Dabei brauchen unsere Demokratien gerade jetzt eine informierte \u00d6ffentlichkeit. Was k\u00f6nnen Journalistinnen und Journalisten tun, um die Menschen auch in Kriegszeiten zu erreichen?<\/p>\n<p>https:\/\/www.bonn-institute.org\/publikationen\/kriegsberichterstattung<\/p>\n<p>Zur Studie: Die Ausgangsthese ist, dass konstruktive Ans\u00e4tze im Journalismus das Potenzial besitzen einer unangemessen negativen Weltsicht und Nachrichtenvermeidung entgegenzuwirken. Um diese These zu \u00fcberpr\u00fcfen, haben wir qualitative leitfadengest\u00fctzte Interviews mit Mediennutzenden gef\u00fchrt und sie zu ihren W\u00fcnschen an Kriegsberichterstattung befragt. Dar\u00fcber hinaus haben wir Journalistinnen und Journalisten in qualitativen leitfadengest\u00fctzten Interviews befragt, inwiefern es in Kriegszeiten m\u00f6glich ist, konstruktiv zu berichten und welche Rahmenbedingungen daf\u00fcr n\u00f6tig sind.<\/p>\n<p>Die Auswertung der Gespr\u00e4che konnte die Annahme unterstreichen, dass Nachrichtenvermeidung nicht als Ausdruck von Desinteresse verstanden werden darf, sondern vielmehr eine Schutzstrategie gegen psychischen Stress darstellt. Die W\u00fcnsche von Mediennutzenden decken sich teilweise mit zentralen Merkmalen konstruktiver Arbeitsweisen: Der Wunsch nach L\u00f6sungsorientierung, vielf\u00e4ltigen Perspektiven auf das Geschehen und ausreichend Kontext und Hintergrundinformationen.<\/p>\n<p>https:\/\/www.bonn-institute.org\/cms-assets\/files\/bi_studie_kriegsberichterstattung_web_korr_nr.pdf?v=1673619763<\/p>\n<p>Wenn Sie an der Veranstaltung teilnehmen m\u00f6chten, schreiben Sie bitte eine Mail an sekrjour[at]uni-leipzig.de. Sie bekommen dann kurz vor der Veranstaltung den Zoom-Link zugeschickt.<\/p>\n<div class=\"twoclick_social_bookmarks_post_7763 social_share_privacy clearfix 1.6.4 locale-de_DE sprite-de_DE\"><\/div><div class=\"twoclick-js\"><script type=\"text\/javascript\">\/* <![CDATA[ *\/\njQuery(document).ready(function($){if($('.twoclick_social_bookmarks_post_7763')){$('.twoclick_social_bookmarks_post_7763').socialSharePrivacy({\"services\":{\"facebook\":{\"status\":\"on\",\"txt_info\":\"2 Klicks f\\u00fcr mehr Datenschutz: Erst wenn Sie hier klicken, wird der Button aktiv und Sie k\\u00f6nnen Ihre Empfehlung an Facebook senden. Schon beim Aktivieren werden Daten an Dritte \\u00fcbertragen - siehe <em>i<\\\/em>.\",\"perma_option\":\"off\",\"action\":\"like\",\"language\":\"de_DE\"},\"twitter\":{\"reply_to\":\"\",\"tweet_text\":\"%20%E2%80%9EErz%C3%A4hlen%20Sie%20mehr%21%E2%80%9C%20zu%20Konstruktiver%20Kriegsberichterstattung%20%C2%BB%20...\",\"status\":\"on\",\"txt_info\":\"2 Klicks f\\u00fcr mehr Datenschutz: Erst wenn Sie hier klicken, wird der Button aktiv und Sie k\\u00f6nnen Ihre Empfehlung an Twitter senden. Schon beim Aktivieren werden Daten an Dritte \\u00fcbertragen - siehe <em>i<\\\/em>.\",\"perma_option\":\"off\",\"language\":\"de\",\"referrer_track\":\"\"}},\"txt_help\":\"Wenn Sie diese Felder durch einen Klick aktivieren, werden Informationen an Facebook, Twitter, Flattr, Xing, t3n, LinkedIn, Pinterest oder Google eventuell ins Ausland \\u00fcbertragen und unter Umst\\u00e4nden auch dort gespeichert. N\\u00e4heres erfahren Sie durch einen Klick auf das <em>i<\\\/em>.\",\"settings_perma\":\"Dauerhaft aktivieren und Daten\\u00fcber-tragung zustimmen:\",\"info_link\":\"http:\\\/\\\/www.heise.de\\\/ct\\\/artikel\\\/2-Klicks-fuer-mehr-Datenschutz-1333879.html\",\"uri\":\"https:\\\/\\\/publikumskonferenz.de\\\/blog\\\/news\\\/erzaehlen-sie-mehr-zu-konstruktiver-kriegsberichterstattung\\\/\",\"post_id\":7763,\"post_title_referrer_track\":\"%E2%80%9EErz%C3%A4hlen+Sie+mehr%21%E2%80%9C+zu+Konstruktiver+Kriegsberichterstattung\",\"display_infobox\":\"on\"});}});\n\/* ]]> *\/<\/script><\/div>","protected":false},"excerpt":{"rendered":"<p>\u201eErz\u00e4hlen Sie mehr!\u201c zu Konstruktiver Kriegsberichterstattung Auf Basis einer im Dezember 2022 publizierten Studie des Bonn Institute f\u00fcr Journalismus und konstruktiven Dialog werden Potenzial und Grenzen konstruktiver Berichterstattung in Kriegszeiten diskutiert. Wie erleben Mediennutzende die aktuelle Berichterstattung und welche Bed\u00fcrfnisse &hellip;<\/p>\n<p class=\"read-more\"> <a class=\"more-link\" href=\"https:\/\/publikumskonferenz.de\/blog\/news\/erzaehlen-sie-mehr-zu-konstruktiver-kriegsberichterstattung\/\"> <span class=\"screen-reader-text\">\u201eErz\u00e4hlen Sie mehr!\u201c zu Konstruktiver Kriegsberichterstattung<\/span> Weiterlesen &raquo;<\/a><\/p>\n","protected":false},"author":2,"featured_media":0,"comment_status":"closed","ping_status":"closed","template":"","categories":[],"newstags":[],"class_list":["post-7763","news","type-news","status-publish","hentry"],"_links":{"self":[{"href":"https:\/\/publikumskonferenz.de\/blog\/wp-json\/wp\/v2\/news\/7763","targetHints":{"allow":["GET"]}}],"collection":[{"href":"https:\/\/publikumskonferenz.de\/blog\/wp-json\/wp\/v2\/news"}],"about":[{"href":"https:\/\/publikumskonferenz.de\/blog\/wp-json\/wp\/v2\/types\/news"}],"author":[{"embeddable":true,"href":"https:\/\/publikumskonferenz.de\/blog\/wp-json\/wp\/v2\/users\/2"}],"replies":[{"embeddable":true,"href":"https:\/\/publikumskonferenz.de\/blog\/wp-json\/wp\/v2\/comments?post=7763"}],"wp:attachment":[{"href":"https:\/\/publikumskonferenz.de\/blog\/wp-json\/wp\/v2\/media?parent=7763"}],"wp:term":[{"taxonomy":"category","embeddable":true,"href":"https:\/\/publikumskonferenz.de\/blog\/wp-json\/wp\/v2\/categories?post=7763"},{"taxonomy":"newstags","embeddable":true,"href":"https:\/\/publikumskonferenz.de\/blog\/wp-json\/wp\/v2\/newstags?post=7763"}],"curies":[{"name":"wp","href":"https:\/\/api.w.org\/{rel}","templated":true}]}}