{"id":7765,"date":"2023-01-26T07:20:45","date_gmt":"2023-01-26T06:20:45","guid":{"rendered":"https:\/\/publikumskonferenz.de\/blog\/?post_type=news&#038;p=7765"},"modified":"2023-01-26T07:20:45","modified_gmt":"2023-01-26T06:20:45","slug":"journalisten-von-ard-und-zdf-wollen-in-zukunftsrat","status":"publish","type":"news","link":"https:\/\/publikumskonferenz.de\/blog\/news\/journalisten-von-ard-und-zdf-wollen-in-zukunftsrat\/","title":{"rendered":"Journalisten von ARD und ZDF wollen in &#8222;Zukunftsrat&#8220;"},"content":{"rendered":"<p><strong>Journalisten von ARD und ZDF wollen in &#8222;Zukunftsrat&#8220;<\/strong><\/p>\n<p>Die in der Arbeitsgemeinschaft der \u00f6ffentlich-rechtlichen Redakteursaussch\u00fcsse (Agra) vertretenen Journalisten fordern ein Mitspracherecht bei der Reform der \u00f6ffentlich-rechtlichen Sender. In einem am Dienstagabend ver\u00f6ffentlichten offenen Brief an die Rundfunkkommission der L\u00e4nder schreibt die Agra zu dem von den L\u00e4ndern vorgeschlagenen \u201eZukunftsrat\u201c: \u201eMan kann \u00fcber vieles diskutieren &#8211; aber nicht \u00fcber unsere K\u00f6pfe hinweg\u201c.<\/p>\n<p>Die Rundfunkkommission der L\u00e4nder hat nach ihrer Sitzung am 20. Januar einen Beschluss ver\u00f6ffentlicht, in dem sie unter anderem ank\u00fcndigt, sie wolle einen \u201eZukunftsrat\u201c einreichten, der Empfehlungen f\u00fcr die Zukunft des \u00f6ffentlich-rechtlichen Rundfunks und seine Akzeptanz erarbeiten soll<\/p>\n<p>Die Journalistinnen und Journalisten von ARD, ZDF, Deutschlandradio und Deutscher Welle (DW) garantierten den Meinungspluralismus in den Anstalten, schreibt die Arbeitsgemeinschaft. Ihre Expertise und ihre Erfahrung machten sie zu unverzichtbaren Gespr\u00e4chs- und Verhandlungspartnern in Zukunftsfragen. \u201eDeshalb fordern wir, dass wir entsprechend angeh\u00f6rt werden, in die Entscheidungsprozesse einbezogen werden und ein Mitspracherecht erhalten.\u201c<\/p>\n<p>Epd<\/p>\n<p>Stimmen von innen: Die in der Arbeits\u00adgemein\u00adschaft der \u00f6ffentlich-rechtlichen Redakteursaussch\u00fcsse (Agra) vertretenen Journalistinnen von ARD, ZDF, Deutschland\u00adradio und Deutscher Welle fordern ein Mitspracherecht bei der Reform der \u00d6ffentlich-Rechtlichen. In einem Brief an die Rundfunkkommission der L\u00e4nder schreiben sie, dass der vorgeschlagene &#8222;Zukunftsrat&#8220; nicht \u00fcber ihre K\u00f6pfe hinweg diskutieren sollte.<\/p>\n<blockquote class=\"wp-embedded-content\" data-secret=\"o85Xq9U5I1\"><p><a href=\"https:\/\/www.turi2.de\/aktuell\/redakteursausschuesse-fordern-mitspracherecht-bei-oerr-reform\/\">Redakteursaussch\u00fcsse fordern Mitspracherecht bei \u00d6RR-Reform.<\/a><\/p><\/blockquote>\n<p><iframe loading=\"lazy\" class=\"wp-embedded-content\" sandbox=\"allow-scripts\" security=\"restricted\" style=\"position: absolute; clip: rect(1px, 1px, 1px, 1px);\" title=\"&#8222;Redakteursaussch\u00fcsse fordern Mitspracherecht bei \u00d6RR-Reform.&#8220; &#8212; turi2\" src=\"https:\/\/www.turi2.de\/aktuell\/redakteursausschuesse-fordern-mitspracherecht-bei-oerr-reform\/embed\/#?secret=o85Xq9U5I1\" data-secret=\"o85Xq9U5I1\" width=\"600\" height=\"338\" frameborder=\"0\" marginwidth=\"0\" marginheight=\"0\" scrolling=\"no\"><\/iframe><\/p>\n<div class=\"twoclick_social_bookmarks_post_7765 social_share_privacy clearfix 1.6.4 locale-de_DE sprite-de_DE\"><\/div><div class=\"twoclick-js\"><script type=\"text\/javascript\">\/* <![CDATA[ *\/\njQuery(document).ready(function($){if($('.twoclick_social_bookmarks_post_7765')){$('.twoclick_social_bookmarks_post_7765').socialSharePrivacy({\"services\":{\"facebook\":{\"status\":\"on\",\"txt_info\":\"2 Klicks f\\u00fcr mehr Datenschutz: Erst wenn Sie hier klicken, wird der Button aktiv und Sie k\\u00f6nnen Ihre Empfehlung an Facebook senden. Schon beim Aktivieren werden Daten an Dritte \\u00fcbertragen - siehe <em>i<\\\/em>.\",\"perma_option\":\"off\",\"action\":\"like\",\"language\":\"de_DE\"},\"twitter\":{\"reply_to\":\"\",\"tweet_text\":\"%20Journalisten%20von%20ARD%20und%20ZDF%20wollen%20in%20%E2%80%9EZukunftsrat%E2%80%9C%20%C2%BB%20St%C3%A4ndige%20...\",\"status\":\"on\",\"txt_info\":\"2 Klicks f\\u00fcr mehr Datenschutz: Erst wenn Sie hier klicken, wird der Button aktiv und Sie k\\u00f6nnen Ihre Empfehlung an Twitter senden. Schon beim Aktivieren werden Daten an Dritte \\u00fcbertragen - siehe <em>i<\\\/em>.\",\"perma_option\":\"off\",\"language\":\"de\",\"referrer_track\":\"\"}},\"txt_help\":\"Wenn Sie diese Felder durch einen Klick aktivieren, werden Informationen an Facebook, Twitter, Flattr, Xing, t3n, LinkedIn, Pinterest oder Google eventuell ins Ausland \\u00fcbertragen und unter Umst\\u00e4nden auch dort gespeichert. N\\u00e4heres erfahren Sie durch einen Klick auf das <em>i<\\\/em>.\",\"settings_perma\":\"Dauerhaft aktivieren und Daten\\u00fcber-tragung zustimmen:\",\"info_link\":\"http:\\\/\\\/www.heise.de\\\/ct\\\/artikel\\\/2-Klicks-fuer-mehr-Datenschutz-1333879.html\",\"uri\":\"https:\\\/\\\/publikumskonferenz.de\\\/blog\\\/news\\\/journalisten-von-ard-und-zdf-wollen-in-zukunftsrat\\\/\",\"post_id\":7765,\"post_title_referrer_track\":\"Journalisten+von+ARD+und+ZDF+wollen+in+%26%238222%3BZukunftsrat%26%238220%3B\",\"display_infobox\":\"on\"});}});\n\/* ]]> *\/<\/script><\/div>","protected":false},"excerpt":{"rendered":"<p>Journalisten von ARD und ZDF wollen in &#8222;Zukunftsrat&#8220; Die in der Arbeitsgemeinschaft der \u00f6ffentlich-rechtlichen Redakteursaussch\u00fcsse (Agra) vertretenen Journalisten fordern ein Mitspracherecht bei der Reform der \u00f6ffentlich-rechtlichen Sender. In einem am Dienstagabend ver\u00f6ffentlichten offenen Brief an die Rundfunkkommission der L\u00e4nder schreibt &hellip;<\/p>\n<p class=\"read-more\"> <a class=\"more-link\" href=\"https:\/\/publikumskonferenz.de\/blog\/news\/journalisten-von-ard-und-zdf-wollen-in-zukunftsrat\/\"> <span class=\"screen-reader-text\">Journalisten von ARD und ZDF wollen in &#8222;Zukunftsrat&#8220;<\/span> Weiterlesen &raquo;<\/a><\/p>\n","protected":false},"author":2,"featured_media":0,"comment_status":"closed","ping_status":"closed","template":"","categories":[],"newstags":[],"class_list":["post-7765","news","type-news","status-publish","hentry"],"_links":{"self":[{"href":"https:\/\/publikumskonferenz.de\/blog\/wp-json\/wp\/v2\/news\/7765","targetHints":{"allow":["GET"]}}],"collection":[{"href":"https:\/\/publikumskonferenz.de\/blog\/wp-json\/wp\/v2\/news"}],"about":[{"href":"https:\/\/publikumskonferenz.de\/blog\/wp-json\/wp\/v2\/types\/news"}],"author":[{"embeddable":true,"href":"https:\/\/publikumskonferenz.de\/blog\/wp-json\/wp\/v2\/users\/2"}],"replies":[{"embeddable":true,"href":"https:\/\/publikumskonferenz.de\/blog\/wp-json\/wp\/v2\/comments?post=7765"}],"wp:attachment":[{"href":"https:\/\/publikumskonferenz.de\/blog\/wp-json\/wp\/v2\/media?parent=7765"}],"wp:term":[{"taxonomy":"category","embeddable":true,"href":"https:\/\/publikumskonferenz.de\/blog\/wp-json\/wp\/v2\/categories?post=7765"},{"taxonomy":"newstags","embeddable":true,"href":"https:\/\/publikumskonferenz.de\/blog\/wp-json\/wp\/v2\/newstags?post=7765"}],"curies":[{"name":"wp","href":"https:\/\/api.w.org\/{rel}","templated":true}]}}