{"id":7766,"date":"2023-01-27T06:51:53","date_gmt":"2023-01-27T05:51:53","guid":{"rendered":"https:\/\/publikumskonferenz.de\/blog\/?post_type=news&#038;p=7766"},"modified":"2023-01-27T06:52:33","modified_gmt":"2023-01-27T05:52:33","slug":"oeffentlich-rechtlichekontrolle-vor-publikum","status":"publish","type":"news","link":"https:\/\/publikumskonferenz.de\/blog\/news\/oeffentlich-rechtlichekontrolle-vor-publikum\/","title":{"rendered":"\u00d6ffentlich-Rechtliche:Kontrolle vor Publikum<\/"},"content":{"rendered":"<p><strong>\u00d6ffentlich-Rechtliche:Kontrolle vor Publikum<\/strong><\/p>\n<p>Rundfunkr\u00e4te und ZDF-Fernsehrat tagen laut Gesetz \u00f6ffentlich. Aber wie kann man konkret verfolgen, was vor sich geht? Ein \u00dcberblick. [&#8230;]<\/p>\n<p>Ein Teil der Antwort: von der Arbeit der Verwaltungsr\u00e4te jedenfalls nicht, die die Finanzen der Sender kontrollieren. Sie beraten stets hinter verschlossenen T\u00fcren &#8211; so ist es gesetzlich festgelegt. Die meisten Verwaltungsr\u00e4te ver\u00f6ffentlichen immerhin kurze Zusammenfassungen ihrer Beschl\u00fcsse. Die Aufsichtsorgane dagegen, die die Programmaufsicht innehaben, tagen \u00f6ffentlich. Bei der ARD sind das die Rundfunkr\u00e4te der neun regionalen Anstalten, beim ZDF der Fernsehrat und beim Deutschlandradio der H\u00f6rfunkrat. Eine Ausnahme gibt es: Der Rundfunkrat des Hessischen Rundfunks (HR) tagt bisher nicht regelm\u00e4\u00dfig \u00f6ffentlich. Geht es um Personalien oder um Gesch\u00e4ftsgeheimnisse von Dritten, wird die \u00d6ffentlichkeit grunds\u00e4tzlich ausgeschlossen. [&#8230;]<\/p>\n<p>Aber nicht jeder, der sich f\u00fcr die Arbeit der Rundfunkr\u00e4te interessiert, kann extra ins Funkhaus kommen. Teilweise noch deutlich ausbauf\u00e4hig w\u00e4re da im Sinn der Transparenz, wie die Rundfunkgremien im Internet \u00fcber die Sitzungen und \u00fcber ihre Arbeit informieren. Manchmal sind diese Informationen schwer zu finden: Die Seiten sind wenig benutzerfreundlich konzipiert. [&#8230;]<\/p>\n<p>Inzwischen ist der BR-Rundfunkrat fortschrittlicher unterwegs. Seit April 2021 wird jede Sitzung gestreamt. Damit habe man &#8222;positive Erfahrungen&#8220; gemacht, das Angebot werde genutzt, sagt der Rundfunkratsvorsitzende Godehard Ruppert auf Nachfrage: &#8222;Streaming entspricht den Anforderungen einer zeitgem\u00e4\u00dfen Form der \u00d6ffentlichkeit.&#8220; [&#8230;]<\/p>\n<p>Angesichts der aktuellen Debatte um Transparenz und Compliance der \u00f6ffentlich-rechtlichen Sender werde derzeit \u00fcber einen Livestream intensiv diskutiert, hei\u00dft es etwa vom Rundfunkrat des Saarl\u00e4ndischen Rundfunks (SR). Der Rundfunkrat des Westdeutschen Rundfunks (WDR) verzichtet momentan auf ein Streaming. Die Kosten daf\u00fcr w\u00e4ren in den externen Sitzungsr\u00e4umen zu hoch, hei\u00dft es. Seit Langem gibt es \u00fcbrigens ein kurioses Ritual beim WDR-Rundfunkrat: Dessen Vorsitzender erkl\u00e4rt zu Beginn jeder &#8211; wohlgemerkt: \u00f6ffentlichen &#8211; Sitzung, Bild- und Tonaufnahmen seien nicht gestattet. Nicht auszudenken, dass jemand auf die Idee k\u00e4me, mit seinem Smartphone einen Livestream anzubieten.<\/p>\n<p>https:\/\/www.sueddeutsche.de\/medien\/oeffentlich-rechtliche-gremien-sitzungen-stream-1.5738816<\/p>\n<div class=\"twoclick_social_bookmarks_post_7766 social_share_privacy clearfix 1.6.4 locale-de_DE sprite-de_DE\"><\/div><div class=\"twoclick-js\"><script type=\"text\/javascript\">\/* <![CDATA[ *\/\njQuery(document).ready(function($){if($('.twoclick_social_bookmarks_post_7766')){$('.twoclick_social_bookmarks_post_7766').socialSharePrivacy({\"services\":{\"facebook\":{\"status\":\"on\",\"txt_info\":\"2 Klicks f\\u00fcr mehr Datenschutz: Erst wenn Sie hier klicken, wird der Button aktiv und Sie k\\u00f6nnen Ihre Empfehlung an Facebook senden. Schon beim Aktivieren werden Daten an Dritte \\u00fcbertragen - siehe <em>i<\\\/em>.\",\"perma_option\":\"off\",\"action\":\"like\",\"language\":\"de_DE\"},\"twitter\":{\"reply_to\":\"\",\"tweet_text\":\"%20%C3%96ffentlich-Rechtliche%3AKontrolle%20vor%20Publikum%3C%2F%20%C2%BB%20St%C3%A4ndige%20Publikumskonferenz%20...\",\"status\":\"on\",\"txt_info\":\"2 Klicks f\\u00fcr mehr Datenschutz: Erst wenn Sie hier klicken, wird der Button aktiv und Sie k\\u00f6nnen Ihre Empfehlung an Twitter senden. Schon beim Aktivieren werden Daten an Dritte \\u00fcbertragen - siehe <em>i<\\\/em>.\",\"perma_option\":\"off\",\"language\":\"de\",\"referrer_track\":\"\"}},\"txt_help\":\"Wenn Sie diese Felder durch einen Klick aktivieren, werden Informationen an Facebook, Twitter, Flattr, Xing, t3n, LinkedIn, Pinterest oder Google eventuell ins Ausland \\u00fcbertragen und unter Umst\\u00e4nden auch dort gespeichert. N\\u00e4heres erfahren Sie durch einen Klick auf das <em>i<\\\/em>.\",\"settings_perma\":\"Dauerhaft aktivieren und Daten\\u00fcber-tragung zustimmen:\",\"info_link\":\"http:\\\/\\\/www.heise.de\\\/ct\\\/artikel\\\/2-Klicks-fuer-mehr-Datenschutz-1333879.html\",\"uri\":\"https:\\\/\\\/publikumskonferenz.de\\\/blog\\\/news\\\/oeffentlich-rechtlichekontrolle-vor-publikum\\\/\",\"post_id\":7766,\"post_title_referrer_track\":\"%C3%96ffentlich-Rechtliche%3AKontrolle+vor+Publikum%26lt%3B%2F\",\"display_infobox\":\"on\"});}});\n\/* ]]> *\/<\/script><\/div>","protected":false},"excerpt":{"rendered":"<p>\u00d6ffentlich-Rechtliche:Kontrolle vor Publikum Rundfunkr\u00e4te und ZDF-Fernsehrat tagen laut Gesetz \u00f6ffentlich. Aber wie kann man konkret verfolgen, was vor sich geht? Ein \u00dcberblick. [&#8230;] Ein Teil der Antwort: von der Arbeit der Verwaltungsr\u00e4te jedenfalls nicht, die die Finanzen der Sender kontrollieren. &hellip;<\/p>\n<p class=\"read-more\"> <a class=\"more-link\" href=\"https:\/\/publikumskonferenz.de\/blog\/news\/oeffentlich-rechtlichekontrolle-vor-publikum\/\"> <span class=\"screen-reader-text\">\u00d6ffentlich-Rechtliche:Kontrolle vor Publikum<\/<\/span> Weiterlesen &raquo;<\/a><\/p>\n","protected":false},"author":2,"featured_media":0,"comment_status":"closed","ping_status":"closed","template":"","categories":[],"newstags":[],"class_list":["post-7766","news","type-news","status-publish","hentry"],"_links":{"self":[{"href":"https:\/\/publikumskonferenz.de\/blog\/wp-json\/wp\/v2\/news\/7766","targetHints":{"allow":["GET"]}}],"collection":[{"href":"https:\/\/publikumskonferenz.de\/blog\/wp-json\/wp\/v2\/news"}],"about":[{"href":"https:\/\/publikumskonferenz.de\/blog\/wp-json\/wp\/v2\/types\/news"}],"author":[{"embeddable":true,"href":"https:\/\/publikumskonferenz.de\/blog\/wp-json\/wp\/v2\/users\/2"}],"replies":[{"embeddable":true,"href":"https:\/\/publikumskonferenz.de\/blog\/wp-json\/wp\/v2\/comments?post=7766"}],"wp:attachment":[{"href":"https:\/\/publikumskonferenz.de\/blog\/wp-json\/wp\/v2\/media?parent=7766"}],"wp:term":[{"taxonomy":"category","embeddable":true,"href":"https:\/\/publikumskonferenz.de\/blog\/wp-json\/wp\/v2\/categories?post=7766"},{"taxonomy":"newstags","embeddable":true,"href":"https:\/\/publikumskonferenz.de\/blog\/wp-json\/wp\/v2\/newstags?post=7766"}],"curies":[{"name":"wp","href":"https:\/\/api.w.org\/{rel}","templated":true}]}}