{"id":7785,"date":"2023-01-30T06:30:41","date_gmt":"2023-01-30T05:30:41","guid":{"rendered":"https:\/\/publikumskonferenz.de\/blog\/?post_type=news&#038;p=7785"},"modified":"2023-01-30T06:32:03","modified_gmt":"2023-01-30T05:32:03","slug":"ard-und-zdf-setzen-programmbeobachtung-aus","status":"publish","type":"news","link":"https:\/\/publikumskonferenz.de\/blog\/news\/ard-und-zdf-setzen-programmbeobachtung-aus\/","title":{"rendered":"ARD und ZDF setzen Programmbeobachtung aus"},"content":{"rendered":"<p>ARD und ZDF setzen Programmbeobachtung aus<\/p>\n<p>Die Medienforschung von ARD und ZDF setzt in diesem Jahr die kontinuierliche Programmanalyse aus. Das best\u00e4tigte das ZDF dem epd. Nach epd-Informationen wollen ARD und ZDF in diesem Jahr beraten, ob sie die systematische Medienbeobachtung, die seit 1985 kontinuierlich erhoben wird, 2024 wieder fortf\u00fchren wollen. Demnach wird im Fr\u00fchjahr noch die Programmanalyse f\u00fcr das Jahr 2022 erscheinen, f\u00fcr das laufende Jahr sollen jedoch keine Daten erhoben werden. Der Medienforscher Uwe Hasebrink sieht diese Entscheidung kritisch.<\/p>\n<p>Das ZDF teilte dem epd dazu mit, ARD und ZDF st\u00fcnden \u201evor der Herausforderung, neue und zukunftsweisende Forschungsfelder zu erschlie\u00dfen\u201c. Im ZDF erfolge dies im Rahmen der Strategie \u201eEin ZDF f\u00fcr alle\u201c. Der Fokus liege \u201edaher nunmehr auf der st\u00e4rkeren Erforschung des nonlinearen Bereiches\u201c. Gemeinsam mit der ARD sei unter anderem ein Forschungsprojekt zur \u201eAnalyse der Angebotsstrukturen \u00f6ffentlich-rechtlicher Mediatheken und privater Streamingdienste in Deutschland\u201c in Auftrag gegeben worden.<\/p>\n<p>Die ARD wollte sich zu der Entscheidung nicht \u00e4u\u00dfern. Sie verwies auf das ZDF, weil dessen Intendant Norbert Himmler derzeit der ARD\/ZDF-Forschungskommission vorsitzt.<\/p>\n<p>ARD und ZDF haben seit 1985 j\u00e4hrlich Daten zum Vergleich ihrer Programmangebote mit denen der privaten Konkurrenz erheben lassen und ver\u00f6ffentlicht. Seit 2018 beauftragen die Sender das Institut G\u00f6fak Medienforschung unter Leitung von Hans-J\u00fcrgen Wei\u00df mit dem Langzeitprojekt. In der Programmanalyse werden die Inhalte der sechs Sender Das Erste, ZDF, RTL, Sat.1, ProSieben und Vox miteinander verglichen. Eine zweite Teil-Studie betrachtet den Umfang, die Struktur und die Inhalte der journalistischen Informationsangebote in den vier Fernsehprogrammen Das Erste, ZDF, RTL und Sat.1.<\/p>\n<p>Der Medienforscher Hasebrink sagte dem epd, eine Einstellung dieser Programmbeobachtung w\u00e4re \u201eein R\u00fcckschlag f\u00fcr die aktuellen Bem\u00fchungen, mit der Gesellschaft in einen konstruktiven Dialog dar\u00fcber zu kommen, was diese von den Medien erwartet und inwieweit diese Erwartungen erf\u00fcllt werden\u201c. Ohne Zweifel m\u00fcsste heute \u201eder Gegenstand der Analyse erweitert werden\u201c, sagte Hasebrink, der bis 2021 Direktor des Hans-Bredow-Instituts in Hamburg war. Aber eine Angebotsanalyse, die nur die linearen Hauptprogramme ber\u00fccksichtige, biete immer noch ein besseres Bild als gar keine Analyse.<\/p>\n<p>Hasebrink schlug vor, dass die Aufsichtsgremien von ARD und ZDF in Zukunft die Programmbeobachtung bei einem unabh\u00e4ngigen Institut in Auftrag geben sollten. Wichtig sei, dass das Beobachtungsverfahren transparent und unabh\u00e4ngig sei.<\/p>\n<p>Epd<\/p>\n<div class=\"twoclick_social_bookmarks_post_7785 social_share_privacy clearfix 1.6.4 locale-de_DE sprite-de_DE\"><\/div><div class=\"twoclick-js\"><script type=\"text\/javascript\">\/* <![CDATA[ *\/\njQuery(document).ready(function($){if($('.twoclick_social_bookmarks_post_7785')){$('.twoclick_social_bookmarks_post_7785').socialSharePrivacy({\"services\":{\"facebook\":{\"status\":\"on\",\"txt_info\":\"2 Klicks f\\u00fcr mehr Datenschutz: Erst wenn Sie hier klicken, wird der Button aktiv und Sie k\\u00f6nnen Ihre Empfehlung an Facebook senden. Schon beim Aktivieren werden Daten an Dritte \\u00fcbertragen - siehe <em>i<\\\/em>.\",\"perma_option\":\"off\",\"action\":\"like\",\"language\":\"de_DE\"},\"twitter\":{\"reply_to\":\"\",\"tweet_text\":\"%20ARD%20und%20ZDF%20setzen%20Programmbeobachtung%20aus%20%C2%BB%20St%C3%A4ndige%20Publikumskonferenz%20der%20...\",\"status\":\"on\",\"txt_info\":\"2 Klicks f\\u00fcr mehr Datenschutz: Erst wenn Sie hier klicken, wird der Button aktiv und Sie k\\u00f6nnen Ihre Empfehlung an Twitter senden. Schon beim Aktivieren werden Daten an Dritte \\u00fcbertragen - siehe <em>i<\\\/em>.\",\"perma_option\":\"off\",\"language\":\"de\",\"referrer_track\":\"\"}},\"txt_help\":\"Wenn Sie diese Felder durch einen Klick aktivieren, werden Informationen an Facebook, Twitter, Flattr, Xing, t3n, LinkedIn, Pinterest oder Google eventuell ins Ausland \\u00fcbertragen und unter Umst\\u00e4nden auch dort gespeichert. N\\u00e4heres erfahren Sie durch einen Klick auf das <em>i<\\\/em>.\",\"settings_perma\":\"Dauerhaft aktivieren und Daten\\u00fcber-tragung zustimmen:\",\"info_link\":\"http:\\\/\\\/www.heise.de\\\/ct\\\/artikel\\\/2-Klicks-fuer-mehr-Datenschutz-1333879.html\",\"uri\":\"https:\\\/\\\/publikumskonferenz.de\\\/blog\\\/news\\\/ard-und-zdf-setzen-programmbeobachtung-aus\\\/\",\"post_id\":7785,\"post_title_referrer_track\":\"ARD+und+ZDF+setzen+Programmbeobachtung+aus\",\"display_infobox\":\"on\"});}});\n\/* ]]> *\/<\/script><\/div>","protected":false},"excerpt":{"rendered":"<p>ARD und ZDF setzen Programmbeobachtung aus Die Medienforschung von ARD und ZDF setzt in diesem Jahr die kontinuierliche Programmanalyse aus. Das best\u00e4tigte das ZDF dem epd. Nach epd-Informationen wollen ARD und ZDF in diesem Jahr beraten, ob sie die systematische &hellip;<\/p>\n<p class=\"read-more\"> <a class=\"more-link\" href=\"https:\/\/publikumskonferenz.de\/blog\/news\/ard-und-zdf-setzen-programmbeobachtung-aus\/\"> <span class=\"screen-reader-text\">ARD und ZDF setzen Programmbeobachtung aus<\/span> Weiterlesen &raquo;<\/a><\/p>\n","protected":false},"author":2,"featured_media":0,"comment_status":"closed","ping_status":"closed","template":"","categories":[],"newstags":[],"class_list":["post-7785","news","type-news","status-publish","hentry"],"_links":{"self":[{"href":"https:\/\/publikumskonferenz.de\/blog\/wp-json\/wp\/v2\/news\/7785","targetHints":{"allow":["GET"]}}],"collection":[{"href":"https:\/\/publikumskonferenz.de\/blog\/wp-json\/wp\/v2\/news"}],"about":[{"href":"https:\/\/publikumskonferenz.de\/blog\/wp-json\/wp\/v2\/types\/news"}],"author":[{"embeddable":true,"href":"https:\/\/publikumskonferenz.de\/blog\/wp-json\/wp\/v2\/users\/2"}],"replies":[{"embeddable":true,"href":"https:\/\/publikumskonferenz.de\/blog\/wp-json\/wp\/v2\/comments?post=7785"}],"wp:attachment":[{"href":"https:\/\/publikumskonferenz.de\/blog\/wp-json\/wp\/v2\/media?parent=7785"}],"wp:term":[{"taxonomy":"category","embeddable":true,"href":"https:\/\/publikumskonferenz.de\/blog\/wp-json\/wp\/v2\/categories?post=7785"},{"taxonomy":"newstags","embeddable":true,"href":"https:\/\/publikumskonferenz.de\/blog\/wp-json\/wp\/v2\/newstags?post=7785"}],"curies":[{"name":"wp","href":"https:\/\/api.w.org\/{rel}","templated":true}]}}