{"id":7788,"date":"2023-01-31T20:12:06","date_gmt":"2023-01-31T19:12:06","guid":{"rendered":"https:\/\/publikumskonferenz.de\/blog\/?post_type=news&#038;p=7788"},"modified":"2023-01-31T20:13:33","modified_gmt":"2023-01-31T19:13:33","slug":"mdr-intendanz-ralf-ludwig-als-kandidat","status":"publish","type":"news","link":"https:\/\/publikumskonferenz.de\/blog\/news\/mdr-intendanz-ralf-ludwig-als-kandidat\/","title":{"rendered":"MDR Intendanz &#8211; Ralf Ludwig als Kandidat"},"content":{"rendered":"<p>Ralf Ludwig als Kandidat<\/p>\n<p>Der MDR-Rundfunkrat will am 13. M\u00e4rz \u00fcber die Nachfolge f\u00fcr die nach zwei Amtszeiten ausscheidende Intendantin Karola Wille entscheiden. Zur Wahl steht dann der bisherige Verwaltungsdirektor Ralf Ludwig. [\u2026]<\/p>\n<p>Die Stelle war im Vorfeld \u00f6ffentlich ausgeschrieben worden, 29 Bewerberinnen und Bewerber hatten sich gemeldet. Details dazu, wer sich mit welchen konkreten Vorstellungen beworben hatte, sind nicht \u00f6ffentlich bekannt[\u2026]<\/p>\n<p>Dass die Wahl des Verwaltungsrates auf Ludwig fiel, kommentierte Birgit Diezel als Vorsitzende des Gremiums, k\u00fcrzlich so: &#8222;Herr Ludwig verf\u00fcgt \u00fcber exzellente medienpolitische Kenntnisse und insbesondere durch seine T\u00e4tigkeit als MDR-Verwaltungsdirektor \u00fcber eine langj\u00e4hrige F\u00fchrungs- und Managementerfahrung mit hoher Budgetverantwortung im MDR. Hinzu kommen sein damit verbundenes fundiertes Fachwissen und seine nachweisliche Erfahrung in Strukturen und Prozessen der ARD.&#8220; In der heutigen Rundfunkratssitzung erg\u00e4nzte sie einem Bericht der &#8222;Leipziger Volkszeitung&#8220; zufolge, dass er &#8222;Reformen als Chancen an und nicht als Gefahr&#8220; sehe und f\u00fcr eine &#8222;St\u00e4rkung der Regionalit\u00e4t&#8220; und eine &#8222;starke Stimme des Ostens&#8220; stehe.<\/p>\n<p>https:\/\/www.dwdl.de\/nachrichten\/91560\/willenachfolge_mdr_rundfunkrat_setzt_wahl_fuer_13_maerz_an\/<\/p>\n<p>Die Verwaltungsratsvorsitzende Birgit Diezel warb bei der Sitzung f\u00fcr den Kandidaten Ludwig: &#8222;Er sieht Reformen als Chancen an und nicht als Gefahr.&#8220; Sie sagte: &#8222;Er steht f\u00fcr St\u00e4rkung der Regionalit\u00e4t, die starke Stimme des Ostens.&#8220; Zudem verantworte der Manager das gr\u00f6\u00dfte Strukturprojekt innerhalb der gesamten ARD, bei dem es um die Vereinheitlichung von IT-Systemen geht. Ludwig wolle sich au\u00dferdem f\u00fcr eine gr\u00f6\u00dfere Vernetzung der ARD mit dem ZDF einsetzen. Diezel betonte: &#8222;Der Beste wurde vorgeschlagen.&#8220;<\/p>\n<p>Erstmals wurde den Angaben zufolge die Intendantenstelle \u00f6ffentlich ausgeschrieben. Wie viele der 29 Bewerberinnen und Bewerber eingeladen worden waren &#8211; dazu machte Diezel keine Angaben. Aus den Reihen der Rundfunkr\u00e4te fiel die Zahl 3. [&#8230;]<\/p>\n<p>Der Auswahlprozess des Verwaltungsrats stie\u00df insgesamt auf ein geteiltes Echo. Es kam die Frage auf, ob man nicht auch eine Frau h\u00e4tte finden k\u00f6nnen. Ein Drittel der Bewerbungen kam laut Diezel von Frauen. Kritik gab es von einem Mitglied auch daran, dass lediglich ein Kandidat zur Wahl stehe. Anderen Rundfunkr\u00e4ten gingen die Erl\u00e4uterungen des Verwaltungsrats, wie genau er bei der Auswahl vorging, nicht weit genug. Es fehle ein &#8222;Qu\u00e4ntchen Vertrauen&#8220;. Auf der anderen Seite gab es auch viel Zuspruch f\u00fcr den Verwaltungsrat, ein Mitglied sprach von einem &#8222;blitzsauberen Verfahren&#8220;.<\/p>\n<p>https:\/\/www.meedia.de\/medien\/mdr-intendantenwahl-fuer-mitte-maerz-angesetzt-a8a9dfaa92945d9cde0306b1da43bff8<\/p>\n<div class=\"twoclick_social_bookmarks_post_7788 social_share_privacy clearfix 1.6.4 locale-de_DE sprite-de_DE\"><\/div><div class=\"twoclick-js\"><script type=\"text\/javascript\">\/* <![CDATA[ *\/\njQuery(document).ready(function($){if($('.twoclick_social_bookmarks_post_7788')){$('.twoclick_social_bookmarks_post_7788').socialSharePrivacy({\"services\":{\"facebook\":{\"status\":\"on\",\"txt_info\":\"2 Klicks f\\u00fcr mehr Datenschutz: Erst wenn Sie hier klicken, wird der Button aktiv und Sie k\\u00f6nnen Ihre Empfehlung an Facebook senden. Schon beim Aktivieren werden Daten an Dritte \\u00fcbertragen - siehe <em>i<\\\/em>.\",\"perma_option\":\"off\",\"action\":\"like\",\"language\":\"de_DE\"},\"twitter\":{\"reply_to\":\"\",\"tweet_text\":\"%20MDR%20Intendanz%20%E2%80%93%20Ralf%20Ludwig%20als%20Kandidat%20%C2%BB%20St%C3%A4ndige%20Publikumskonferenz%20...\",\"status\":\"on\",\"txt_info\":\"2 Klicks f\\u00fcr mehr Datenschutz: Erst wenn Sie hier klicken, wird der Button aktiv und Sie k\\u00f6nnen Ihre Empfehlung an Twitter senden. Schon beim Aktivieren werden Daten an Dritte \\u00fcbertragen - siehe <em>i<\\\/em>.\",\"perma_option\":\"off\",\"language\":\"de\",\"referrer_track\":\"\"}},\"txt_help\":\"Wenn Sie diese Felder durch einen Klick aktivieren, werden Informationen an Facebook, Twitter, Flattr, Xing, t3n, LinkedIn, Pinterest oder Google eventuell ins Ausland \\u00fcbertragen und unter Umst\\u00e4nden auch dort gespeichert. N\\u00e4heres erfahren Sie durch einen Klick auf das <em>i<\\\/em>.\",\"settings_perma\":\"Dauerhaft aktivieren und Daten\\u00fcber-tragung zustimmen:\",\"info_link\":\"http:\\\/\\\/www.heise.de\\\/ct\\\/artikel\\\/2-Klicks-fuer-mehr-Datenschutz-1333879.html\",\"uri\":\"https:\\\/\\\/publikumskonferenz.de\\\/blog\\\/news\\\/mdr-intendanz-ralf-ludwig-als-kandidat\\\/\",\"post_id\":7788,\"post_title_referrer_track\":\"MDR+Intendanz+%26%238211%3B+Ralf+Ludwig+als+Kandidat\",\"display_infobox\":\"on\"});}});\n\/* ]]> *\/<\/script><\/div>","protected":false},"excerpt":{"rendered":"<p>Ralf Ludwig als Kandidat Der MDR-Rundfunkrat will am 13. M\u00e4rz \u00fcber die Nachfolge f\u00fcr die nach zwei Amtszeiten ausscheidende Intendantin Karola Wille entscheiden. Zur Wahl steht dann der bisherige Verwaltungsdirektor Ralf Ludwig. [\u2026] Die Stelle war im Vorfeld \u00f6ffentlich ausgeschrieben &hellip;<\/p>\n<p class=\"read-more\"> <a class=\"more-link\" href=\"https:\/\/publikumskonferenz.de\/blog\/news\/mdr-intendanz-ralf-ludwig-als-kandidat\/\"> <span class=\"screen-reader-text\">MDR Intendanz &#8211; Ralf Ludwig als Kandidat<\/span> Weiterlesen &raquo;<\/a><\/p>\n","protected":false},"author":2,"featured_media":0,"comment_status":"closed","ping_status":"closed","template":"","categories":[],"newstags":[],"class_list":["post-7788","news","type-news","status-publish","hentry"],"_links":{"self":[{"href":"https:\/\/publikumskonferenz.de\/blog\/wp-json\/wp\/v2\/news\/7788","targetHints":{"allow":["GET"]}}],"collection":[{"href":"https:\/\/publikumskonferenz.de\/blog\/wp-json\/wp\/v2\/news"}],"about":[{"href":"https:\/\/publikumskonferenz.de\/blog\/wp-json\/wp\/v2\/types\/news"}],"author":[{"embeddable":true,"href":"https:\/\/publikumskonferenz.de\/blog\/wp-json\/wp\/v2\/users\/2"}],"replies":[{"embeddable":true,"href":"https:\/\/publikumskonferenz.de\/blog\/wp-json\/wp\/v2\/comments?post=7788"}],"wp:attachment":[{"href":"https:\/\/publikumskonferenz.de\/blog\/wp-json\/wp\/v2\/media?parent=7788"}],"wp:term":[{"taxonomy":"category","embeddable":true,"href":"https:\/\/publikumskonferenz.de\/blog\/wp-json\/wp\/v2\/categories?post=7788"},{"taxonomy":"newstags","embeddable":true,"href":"https:\/\/publikumskonferenz.de\/blog\/wp-json\/wp\/v2\/newstags?post=7788"}],"curies":[{"name":"wp","href":"https:\/\/api.w.org\/{rel}","templated":true}]}}